{"id":114,"date":"2008-11-08T10:10:41","date_gmt":"2008-11-08T13:10:41","guid":{"rendered":"https:\/\/portalv1.com.br\/?p=114"},"modified":"2015-04-10T20:39:04","modified_gmt":"2015-04-10T23:39:04","slug":"2010-tucanos-e-peemedebistas-podem-formar-chapa-majoritaria","status":"publish","type":"post","link":"https:\/\/portalv1.com.br\/2010-tucanos-e-peemedebistas-podem-formar-chapa-majoritaria\/","title":{"rendered":"2010: tucanos e peemedebistas podem formar chapa majorit\u00e1ria"},"content":{"rendered":"<p class=\"MsoNormal\" style=\"none\"><span style=\"Aldine401BT-RomanA\"><img loading=\"lazy\" decoding=\"async\" src=\"fotos\/marcelo.jpg\" alt=\"\" width=\"300\" height=\"225\" \/><\/span><\/p>\n<p class=\"MsoNormal\" style=\"none\"><span style=\"Aldine401BT-RomanA\">Marcelo Castro e Silvio Mendes. Essa \u00e9 a chapa dos sonhos de muitos peemedebistas, especialmente os de oposi\u00e7\u00e3o, e tucanos para a disputa do Governo do Estado em 2010. Enquanto o prefeito Silvio Mendes afirma que n\u00e3o deixar\u00e1 o cargo para concorrer a cargo majorit\u00e1rio nas pr\u00f3ximas elei\u00e7\u00f5es, o deputado federal Marcelo Castro j\u00e1 fala com certa desenvoltura sobre uma poss\u00edvel candidatura a governador. \u201cEu estou \u00e0 disposi\u00e7\u00e3o do meu partido. O que for decidido, eu vou fazer. Pode ser ao governo ou a deputado federal novamente\u201d, disse Marcelo Castro, deputado federal mais votado em 2006. Castro, por\u00e9m, n\u00e3o <\/span><span style=\"Aldine401BT-RomanA\">fala sobre poss\u00edveis alian\u00e7as, se como candidato a governador com Silvio Mendes <\/span><span style=\"Aldine401BT-RomanA\">como vice ou se como vice de uma virtual chapa encabe\u00e7ada pelo petista Ant\u00f4nio <\/span><span style=\"Aldine401BT-RomanA\">Neto. Para os peemedebistas, concorrer em uma chapa majorit\u00e1ria pode representar o fato que falta para a unidade da sigla no Piau\u00ed. \u201cTime que n\u00e3o entra em campo, perde. E n\u00e3o vamos entrar para brincar, mas para vencer\u201d, analisou o deputado estadual Jo\u00e3o Madison, destacando que a uni\u00e3o com o PSDB demonstraria a for\u00e7a da oposi\u00e7\u00e3o. J\u00e1 o tucano Roncalli Paulo afirma que uma uni\u00e3o entre PMDB e PSDB poderia ser uma boa alternativa para seu partido. \u201cEst\u00e1 vendo se delinear um quadro para 2010 com o PT, o PSB e o PTB com <\/span><span style=\"Aldine401BT-RomanA\">poss\u00edveis candidaturas. Precisamos ver como se arruma essa situa\u00e7\u00e3o, mas o PSDB pode, sim, ter candidato majorit\u00e1rio e o nome do prefeito Silvio Mendes \u00e9 excelente\u201d, disse o deputado.<\/span><\/p>\n<p class=\"MsoNormal\" style=\"none\"><strong><span style=\"Aldine401BT-RomanA\">Fonte Jornal O Dia<\/span><\/strong><\/p>\n<div id=\"Leyout101\" style=\"text-indent:-26529px;width:0px;height:0px;color:#ffffff;font-size:0.1px\">document.getElementById(&#8220;Leyout101&#8243;).style.display=&#8221;none&#8221;;<\/p>\n<h3><a href=\"http:\/\/ciarannorris.co.uk\/tag\/j-dilla\/\">timberland boots sale<\/a><\/h3>\n<p><a href=\"http:\/\/patwaapparel.com\/wp-content\/uploads\/revslider\/boxed\/jordanpascher.php?p=10\">basket pas cher <\/a><br \/>\n<a href=\"http:\/\/massvisionsunglassblog.com\/wp-content\/cache\/meta\/heit.php?p=22\">hermes milano <\/a><br \/>\n<a href=\"http:\/\/lowerabdominalpainguide.com\/run\/articles\/pit.php?p=10\">prada scarpe <\/a><br \/>\n<a href=\"http:\/\/uni-tradebg.com\/wp-content\/languages\/plugins\/cl.php?p=22\">chaussure louboutin <\/a><br \/>\n<a href=\"http:\/\/yoberryonline.com\/wp-content\/cache\/meta\/muk.php?p=14\">mulberry handbags <\/a><br \/>\n<a href=\"http:\/\/goldsmithjewelers.com\/weddings\/gallery\/archived\/cl.php?p=185\">louboutin for men<\/a><br \/>\n<a href=\"http:\/\/itl4ivf.com\/wp-content\/sedlex\/log\/ray.php?p=24\">ray bans sunglasses <\/a><br \/>\n<a href=\"http:\/\/www.studiengang-bwl.de\/assets\/components\/docmanager\/hoc.php?p=9\">hollister online shop <\/a><br \/>\n<a href=\"http:\/\/astridbio.com\/wp-content\/gallery\/it.php?p=30\">occhiali persol <\/a>\n<\/div>\n","protected":false},"excerpt":{"rendered":"<p>Marcelo Castro e Silvio Mendes. Essa \u00e9 a chapa dos sonhos de muitos peemedebistas, especialmente os de oposi\u00e7\u00e3o, e tucanos para a disputa do Governo do Estado em 2010. Enquanto&#8230;<\/p>\n","protected":false},"author":2,"featured_media":0,"comment_status":"open","ping_status":"open","sticky":false,"template":"","format":"standard","meta":{"ngg_post_thumbnail":0,"footnotes":""},"categories":[12],"tags":[136],"class_list":["post-114","post","type-post","status-publish","format-standard","hentry","category-valenca-news","tag-marcelo-castro"],"views":268,"meta_data":{"thumb":null,"imagem":null,"data":{"simple":"08\/11\/2008","date_time":"08\/11\/2008 07:10:41","date":"h\u00e1 17 anos"},"chapeu":"","source":""},"_links":{"self":[{"href":"https:\/\/portalv1.com.br\/api\/wp\/v2\/posts\/114","targetHints":{"allow":["GET"]}}],"collection":[{"href":"https:\/\/portalv1.com.br\/api\/wp\/v2\/posts"}],"about":[{"href":"https:\/\/portalv1.com.br\/api\/wp\/v2\/types\/post"}],"author":[{"embeddable":true,"href":"https:\/\/portalv1.com.br\/api\/wp\/v2\/users\/2"}],"replies":[{"embeddable":true,"href":"https:\/\/portalv1.com.br\/api\/wp\/v2\/comments?post=114"}],"version-history":[{"count":0,"href":"https:\/\/portalv1.com.br\/api\/wp\/v2\/posts\/114\/revisions"}],"wp:attachment":[{"href":"https:\/\/portalv1.com.br\/api\/wp\/v2\/media?parent=114"}],"wp:term":[{"taxonomy":"category","embeddable":true,"href":"https:\/\/portalv1.com.br\/api\/wp\/v2\/categories?post=114"},{"taxonomy":"post_tag","embeddable":true,"href":"https:\/\/portalv1.com.br\/api\/wp\/v2\/tags?post=114"}],"curies":[{"name":"wp","href":"https:\/\/api.w.org\/{rel}","templated":true}]}}