{"id":114226,"date":"2022-04-10T11:32:23","date_gmt":"2022-04-10T14:32:23","guid":{"rendered":"https:\/\/portalv1.com.br\/?p=114226"},"modified":"2022-04-10T11:32:23","modified_gmt":"2022-04-10T14:32:23","slug":"menos-de-1-a-cada-5-jovens-de-16-e-17-anos-tirou-o-titulo-de-eleitor","status":"publish","type":"post","link":"https:\/\/portalv1.com.br\/menos-de-1-a-cada-5-jovens-de-16-e-17-anos-tirou-o-titulo-de-eleitor\/","title":{"rendered":"Menos de 1 a cada 5 jovens de 16 e 17 anos tirou o t\u00edtulo de eleitor"},"content":{"rendered":"<p>H\u00e1 menos de um m\u00eas para o dia 4 de maio, quando termina o prazo para emiss\u00e3o do t\u00edtulo de eleitor, pouco mais de 1 milh\u00e3o de jovens de 16 e 17 anos se cadastraram para votar. Isso representa menos de 1 a cada 5 adolescentes dessa faixa et\u00e1ria no pa\u00eds.<\/p>\n<p>Em compara\u00e7\u00e3o com mar\u00e7o de 2018, a queda \u00e9 de 32%. Ela chega a 60% quando observado o n\u00famero de adolescentes que se registraram para participar no pleito de 2004.<\/p>\n<p>Naquele ano, eles chegavam a 2,3% do eleitorado, fatia que diminui desde ent\u00e3o e pode ficar abaixo de 1% pela primeira vez.<\/p>\n<p>O voto no Brasil \u00e9 obrigat\u00f3rio a partir dos 18 anos. Para quem tem mais de 16 anos o voto \u00e9 facultativo, assim como \u00e9 para maiores de 70 anos e analfabetos. Quem tem 15 anos, mas faz anivers\u00e1rio at\u00e9 a data do primeiro turno, marcado para 2 de outubro, tamb\u00e9m pode fazer o cadastramento.<\/p>\n<p>Especialistas ouvidos pela reportagem afirmam que h\u00e1 v\u00e1rios fatores que contribuem para a baixa participa\u00e7\u00e3o registrada at\u00e9 o momento.<\/p>\n<p>Entre eles est\u00e1 o envelhecimento da popula\u00e7\u00e3o brasileira. Dados do IBGE (Instituto Brasileiro de Geografia e Estat\u00edstica) mostram que a propor\u00e7\u00e3o de jovens de 16 e 17 anos caiu 34,4% nos \u00faltimos 18 anos.<\/p>\n<p>Doutor em demografia e pesquisador aposentado do instituto, Jos\u00e9 Eust\u00e1quio Alves Diniz explica que esse movimento \u00e9 observado desde a d\u00e9cada de 1990, com a queda da taxa de fecundidade a partir do in\u00edcio dos anos 1970, e que a tend\u00eancia \u00e9 de diminui\u00e7\u00e3o da propor\u00e7\u00e3o de jovens entre os brasileiros. Mesmo assim, a queda no cadastro eleitoral nessa faixa et\u00e1ria \u00e9 mais r\u00e1pida.<\/p>\n<p>&#8220;\u00c9 uma conjuga\u00e7\u00e3o de dois fatores: o fator demogr\u00e1fico, porque est\u00e1 diminuindo o n\u00famero de jovens no Brasil, e o pol\u00edtico, porque est\u00e1 diminuindo o n\u00famero de interessados em participar das elei\u00e7\u00f5es no Brasil&#8221;, diz ele, destacando que o maior peso no eleitorado \u00e9 das mulheres acima de 30 anos.<\/p>\n<p>Analista de enfrentamento \u00e0 desinforma\u00e7\u00e3o do TSE (Tribunal Superior Eleitoral), Diogo Cruvinel afirma que, al\u00e9m do aspecto demogr\u00e1fico, a pandemia da Covid-19 tamb\u00e9m prejudicou o desenvolvimento de a\u00e7\u00f5es educativas.<\/p>\n<p>&#8220;A Justi\u00e7a Eleitoral, ao longo dos anos, sempre fez campanhas nas escolas justamente com a inten\u00e7\u00e3o de incentivar o alistamento desses jovens. Com a pandemia, as aulas presenciais foram suspensas nos \u00faltimos dois anos e isso pode ter influenciado nessa queda&#8221;, diz.<\/p>\n<p>Cruvinel destaca ainda o perfil da elei\u00e7\u00e3o, pois a participa\u00e7\u00e3o da popula\u00e7\u00e3o, de forma geral, costuma ser maior nas elei\u00e7\u00f5es locais, quando s\u00e3o definidos prefeitos e vereadores, a pol\u00edtica est\u00e1 mais pr\u00f3xima e as pessoas est\u00e3o mais envolvidas.<\/p>\n<p>Para cientistas pol\u00edticos, h\u00e1 ainda o fator do desencontro entre o discurso de partidos e pr\u00e9-candidatos e aquilo que preocupa o eleitor dessa faixa et\u00e1ria.<\/p>\n<p>&#8220;Esse p\u00fablico \u00e9 muito simp\u00e1tico a causas que dizem respeito \u00e0 defesa de minorias, pol\u00edticas de diversidade sexual, uma agenda voltada \u00e0 quest\u00e3o ambiental, que n\u00e3o s\u00e3o muito palat\u00e1veis para muitos partidos pol\u00edticos&#8221;, afirma Eduardo Grin, cientista pol\u00edtico e professor da Funda\u00e7\u00e3o Get\u00falio Vargas.<\/p>\n<p>Somado a esse aspecto, ele destaca que entre o p\u00fablico jovem h\u00e1 a percep\u00e7\u00e3o de que a pol\u00edtica partid\u00e1ria n\u00e3o tem sido a melhor via para buscar solu\u00e7\u00f5es coletivas.&nbsp;<\/p>\n<p>A incapacidade de moderniza\u00e7\u00e3o dos partidos para falar com essa faixa et\u00e1ria e o aumento da polariza\u00e7\u00e3o ao longo do governo Bolsonaro tamb\u00e9m s\u00e3o outros pontos que afastam o eleitor.<br \/>\n&#8220;O jovem pensa que, se a pol\u00edtica \u00e9 essa coisa odiosa, isso n\u00e3o me interessa e vou buscar outros caminhos para atuar na esfera pol\u00edtica&#8221;, diz.<\/p>\n<p>Diretora do Movimento Voto Consciente, que at\u00e9 a pandemia desenvolvia a\u00e7\u00f5es de conscientiza\u00e7\u00e3o pol\u00edtica em escolas da rede p\u00fablica, a cientista pol\u00edtica Joyce Luz diz que falta ensino sobre o tema para que os jovens compreendam como a pol\u00edtica est\u00e1 presente na vida deles e qual a import\u00e2ncia do voto.<\/p>\n<p>&#8220;O que chega at\u00e9 o jovem s\u00e3o as not\u00edcias sobre polariza\u00e7\u00e3o, brigas, disputas pol\u00edticas, que s\u00e3o consequ\u00eancias de uma estrutura&#8221;, diz.<\/p>\n<p>&#8220;Quando voc\u00ea aproxima o jovem da realidade pol\u00edtica e insere ele dentro de a\u00e7\u00f5es que fazem parte do cotidiano dele, ele passa a se interessar&#8221;, citando exemplos de di\u00e1logos que teve com estudantes em sala de aula sobre a falta de professores nas escolas p\u00fablicas e o papel dos eleitos para resolver a quest\u00e3o.<\/p>\n<p>Em mar\u00e7o, o TSE promoveu a semana do Jovem Eleitor, com tuita\u00e7o com a hashtag #Rol\u00eadasElei\u00e7\u00f5es e ades\u00f5es espont\u00e2neas de artistas e jogadores de futebol. No mesmo m\u00eas, a cantora Anitta, a ex-BBB Juliette Freire e at\u00e9 o ator americano Mark Ruffalo usaram as redes sociais para incentivar os adolescentes.<\/p>\n<p>A mobiliza\u00e7\u00e3o teve efeito, e o n\u00famero de t\u00edtulos emitidos cresceu quase 26% em compara\u00e7\u00e3o a fevereiro, quando cerca de 835 mil jovens de 16 e 17 anos tinham se cadastrado.<\/p>\n<p>A emiss\u00e3o do t\u00edtulo de eleitor pode ser feita de forma online pela p\u00e1gina T\u00edtuloNet do TSE ou presencial, no cart\u00f3rio eleitoral mais pr\u00f3ximo. Para isso, basta apresentar a documenta\u00e7\u00e3o obrigat\u00f3ria. N\u00e3o \u00e9 necess\u00e1rio autoriza\u00e7\u00e3o de respons\u00e1veis legais para solicitar o documento.<\/p>\n<p>O TSE segue com campanhas de incentivo \u00e0 participa\u00e7\u00e3o de jovens e pessoas negras de forma permanente mesmo fora do per\u00edodo de alistamento eleitoral, como prev\u00ea a legisla\u00e7\u00e3o. Com foco nos adolescentes, o \u00f3rg\u00e3o passou a desenvolver conte\u00fado em redes sociais como o TikTok.<\/p>\n<p>Cruvinel diz que o papel da corte n\u00e3o \u00e9 obrigar quem \u00e9 mais jovem a participar do pleito, mas conscientizar sobre a import\u00e2ncia da participa\u00e7\u00e3o pol\u00edtica.<\/p>\n<p>&#8220;A gente tem que mostrar para o jovem que essa participa\u00e7\u00e3o pol\u00edtica vai ter reflexos na vida dele. Existe um motivo para ele se sentir estimulado a tirar o t\u00edtulo e votar que \u00e9 eleger representantes que v\u00e3o decidir aquelas pautas que nos atingem diretamente no dia a dia, principalmente ligadas \u00e0 educa\u00e7\u00e3o, mercado de trabalho e economia.&#8221;<\/p>\n<p>Fonte: Folhapress<\/p>\n","protected":false},"excerpt":{"rendered":"<p>H\u00e1 menos de um m\u00eas para o dia 4 de maio, quando termina o prazo para emiss\u00e3o do t\u00edtulo de eleitor, pouco mais de 1 milh\u00e3o de jovens de 16&#8230;<\/p>\n","protected":false},"author":1,"featured_media":48262,"comment_status":"open","ping_status":"open","sticky":false,"template":"","format":"standard","meta":{"ngg_post_thumbnail":0,"footnotes":""},"categories":[243],"tags":[],"class_list":["post-114226","post","type-post","status-publish","format-standard","has-post-thumbnail","hentry","category-geral"],"views":102,"meta_data":{"thumb":"https:\/\/portalv1.com.br\/app\/wp-content\/uploads\/2018\/04\/titulo-de-eleitor.jpg","imagem":{"fullsize":{"url":"https:\/\/portalv1.com.br\/app\/wp-content\/uploads\/2018\/04\/titulo-de-eleitor.jpg","width":600,"height":400},"thumbnail":{"url":"https:\/\/portalv1.com.br\/app\/wp-content\/uploads\/2018\/04\/titulo-de-eleitor-100x100.jpg","width":100,"height":100},"medium":{"url":"https:\/\/portalv1.com.br\/app\/wp-content\/uploads\/2018\/04\/titulo-de-eleitor-300x200.jpg","width":300,"height":200}},"data":{"simple":"10\/04\/2022","date_time":"10\/04\/2022 08:32:23","date":"h\u00e1 4 anos"},"chapeu":"Elei\u00e7\u00f5es 2022","source":"m_destacada"},"_links":{"self":[{"href":"https:\/\/portalv1.com.br\/api\/wp\/v2\/posts\/114226","targetHints":{"allow":["GET"]}}],"collection":[{"href":"https:\/\/portalv1.com.br\/api\/wp\/v2\/posts"}],"about":[{"href":"https:\/\/portalv1.com.br\/api\/wp\/v2\/types\/post"}],"author":[{"embeddable":true,"href":"https:\/\/portalv1.com.br\/api\/wp\/v2\/users\/1"}],"replies":[{"embeddable":true,"href":"https:\/\/portalv1.com.br\/api\/wp\/v2\/comments?post=114226"}],"version-history":[{"count":0,"href":"https:\/\/portalv1.com.br\/api\/wp\/v2\/posts\/114226\/revisions"}],"wp:featuredmedia":[{"embeddable":true,"href":"https:\/\/portalv1.com.br\/api\/wp\/v2\/media\/48262"}],"wp:attachment":[{"href":"https:\/\/portalv1.com.br\/api\/wp\/v2\/media?parent=114226"}],"wp:term":[{"taxonomy":"category","embeddable":true,"href":"https:\/\/portalv1.com.br\/api\/wp\/v2\/categories?post=114226"},{"taxonomy":"post_tag","embeddable":true,"href":"https:\/\/portalv1.com.br\/api\/wp\/v2\/tags?post=114226"}],"curies":[{"name":"wp","href":"https:\/\/api.w.org\/{rel}","templated":true}]}}