{"id":114725,"date":"2022-04-11T17:19:41","date_gmt":"2022-04-11T20:19:41","guid":{"rendered":"https:\/\/portalv1.com.br\/?p=114725"},"modified":"2022-04-11T17:34:08","modified_gmt":"2022-04-11T20:34:08","slug":"dia-de-campo-foi-realizado-na-localidade-catinga-branca-em-valenca","status":"publish","type":"post","link":"https:\/\/portalv1.com.br\/dia-de-campo-foi-realizado-na-localidade-catinga-branca-em-valenca\/","title":{"rendered":"Dia de Campo foi realizado na localidade Catinga Branca em Valen\u00e7a"},"content":{"rendered":"<p>Nesta segunda-feira 11 de abril, a Secretaria de Agricultura com apoio da Secretaria do Meio Ambiente e a Secretaria de Educa\u00e7\u00e3o realizou um dia de campo na comunidade Catinga Branca na resid\u00eancia do senhor Carlos.<\/p>\n<p>A atividade contou com a participa\u00e7\u00e3o de alunos da Unidade Escolar Amando da Costa Lima, t\u00e9cnicos das secretarias, Secret\u00e1rio de Meio Ambiente Adnan Lima, assessora de comunica\u00e7\u00e3o Mauricelia Sousa, vereador Devaldo Nunes e a Engenheira Agr\u00f4noma Laizia Martins, que ministrou a palestra. A secret\u00e1ria de agricultura Regina Mateus foi representada pelo servidor Jos\u00e9 Gomes.<\/p>\n<p>A preocupa\u00e7\u00e3o com a degrada\u00e7\u00e3o do meio ambiente e necessidade de investimento na educa\u00e7\u00e3o ambiental foi o foco da palestra da engenheira Laizia.<\/p>\n<p>\u201c\u00c9 uma preocupa\u00e7\u00e3o muito grande preservar as margens dos rios manter as matas ciliar e nada melhor do que come\u00e7ar com estudantes de n\u00edvel m\u00e9dio quando mais cedo orientar mais cedo eles v\u00e3o tomar ci\u00eancia de cuidar da preserva\u00e7\u00e3o. Al\u00e9m da palestra houve a pratica do plantio o conhecimento da forma correta de cultivar e plantar e o conhecimento das arvores que foram cultivadas\u201d disse Laizia Martins.<\/p>\n<p>O Secret\u00e1rio de Meio Ambiente destaca a relev\u00e2ncia das a\u00e7\u00f5es tanto no aspecto de reflorestamento das margens do rio, como na educa\u00e7\u00e3o das novas gera\u00e7\u00f5es que est\u00e3o aprendendo com essas atividades fora da sala de aula.<\/p>\n<p>\u201cAl\u00e9m de estarmos fazendo um benef\u00edcio para o meio ambiente atrav\u00e9s do plantio das \u00e1rvores, estamos ensinando as crian\u00e7as a import\u00e2ncia realmente do plantio em curva de n\u00edvel, assim como a prote\u00e7\u00e3o das nossas matas ciliares que s\u00e3o as matas que fazem parte da composi\u00e7\u00e3o dos rios, como Valen\u00e7a foi agraciada por muitos rios, a gente est\u00e1 focando realmente essa quest\u00e3o da preserva\u00e7\u00e3o do rio e automaticamente fazendo um novo replantio nesse rio e as margens ciliares que fazem parte do meio ambiente\u201d, disse o secret\u00e1rio Adnan que anunciou uma nova parceria para a aquisi\u00e7\u00e3o de novas mudas.<\/p>\n<p>\u201cNesta ter\u00e7a-feira teremos uma reuni\u00e3o com o DER que \u00e9 o Departamento de Estradas e Rodagens que estar\u00e3o vindo mais cinco mil mudas para a cidade de Valen\u00e7a, doadas pelo DER que tanto vai doar como vem uma equipe t\u00e9cnica para fazer a implementa\u00e7\u00e3o na implanta\u00e7\u00e3o dessas mudas ao longo dos nossos rios. Essa \u00e9 a nossa miss\u00e3o na Secretaria de Meio Ambiente em parceria com a Agricultura e as demais, n\u00e3o vamos parar enquanto a gente n\u00e3o trouxer um benef\u00edcio para a nossa cidade bastante significativo\u201d, observou Adnan Lima.<\/p>\n<div class=\"ngg-galleryoverview\" id=\"1\">\n                    <div data-widget=\"Galeria\" data-props=\"{&quot;galeria&quot;:{&quot;max_page&quot;:2,&quot;total&quot;:36,&quot;gallery_id&quot;:1,&quot;images&quot;:[{&quot;thumbcode&quot;:&quot;https:\\\/\\\/portalv1.com.br\\\/app\\\/wp-content\\\/uploads\\\/2022\\\/04\\\/sr_MG_7714-400x250.jpg&quot;,&quot;imageURL&quot;:&quot;https:\\\/\\\/portalv1.com.br\\\/app\\\/wp-content\\\/uploads\\\/2022\\\/04\\\/sr_MG_7714.jpg&quot;,&quot;pid&quot;:114726,&quot;galleryid&quot;:1,&quot;description&quot;:&quot;&quot;,&quot;alttext&quot;:&quot;Dia de Campo foi realizado na localidade Catinga Branca em Valen\\u00e7a&quot;,&quot;thumbnailURL&quot;:&quot;https:\\\/\\\/portalv1.com.br\\\/app\\\/wp-content\\\/uploads\\\/2022\\\/04\\\/sr_MG_7714-400x250.jpg&quot;,&quot;style&quot;:&quot;&quot;},{&quot;thumbcode&quot;:&quot;https:\\\/\\\/portalv1.com.br\\\/app\\\/wp-content\\\/uploads\\\/2022\\\/04\\\/sr_MG_7721-400x250.jpg&quot;,&quot;imageURL&quot;:&quot;https:\\\/\\\/portalv1.com.br\\\/app\\\/wp-content\\\/uploads\\\/2022\\\/04\\\/sr_MG_7721.jpg&quot;,&quot;pid&quot;:114727,&quot;galleryid&quot;:1,&quot;description&quot;:&quot;&quot;,&quot;alttext&quot;:&quot;Dia de Campo foi realizado na localidade Catinga Branca em Valen\\u00e7a&quot;,&quot;thumbnailURL&quot;:&quot;https:\\\/\\\/portalv1.com.br\\\/app\\\/wp-content\\\/uploads\\\/2022\\\/04\\\/sr_MG_7721-400x250.jpg&quot;,&quot;style&quot;:&quot;&quot;},{&quot;thumbcode&quot;:&quot;https:\\\/\\\/portalv1.com.br\\\/app\\\/wp-content\\\/uploads\\\/2022\\\/04\\\/sr_MG_7744-400x250.jpg&quot;,&quot;imageURL&quot;:&quot;https:\\\/\\\/portalv1.com.br\\\/app\\\/wp-content\\\/uploads\\\/2022\\\/04\\\/sr_MG_7744.jpg&quot;,&quot;pid&quot;:114728,&quot;galleryid&quot;:1,&quot;description&quot;:&quot;&quot;,&quot;alttext&quot;:&quot;Dia de Campo foi realizado na localidade Catinga Branca em Valen\\u00e7a&quot;,&quot;thumbnailURL&quot;:&quot;https:\\\/\\\/portalv1.com.br\\\/app\\\/wp-content\\\/uploads\\\/2022\\\/04\\\/sr_MG_7744-400x250.jpg&quot;,&quot;style&quot;:&quot;&quot;},{&quot;thumbcode&quot;:&quot;https:\\\/\\\/portalv1.com.br\\\/app\\\/wp-content\\\/uploads\\\/2022\\\/04\\\/sr_MG_7748-400x250.jpg&quot;,&quot;imageURL&quot;:&quot;https:\\\/\\\/portalv1.com.br\\\/app\\\/wp-content\\\/uploads\\\/2022\\\/04\\\/sr_MG_7748.jpg&quot;,&quot;pid&quot;:114729,&quot;galleryid&quot;:1,&quot;description&quot;:&quot;&quot;,&quot;alttext&quot;:&quot;Dia de Campo foi realizado na localidade Catinga Branca em Valen\\u00e7a&quot;,&quot;thumbnailURL&quot;:&quot;https:\\\/\\\/portalv1.com.br\\\/app\\\/wp-content\\\/uploads\\\/2022\\\/04\\\/sr_MG_7748-400x250.jpg&quot;,&quot;style&quot;:&quot;&quot;},{&quot;thumbcode&quot;:&quot;https:\\\/\\\/portalv1.com.br\\\/app\\\/wp-content\\\/uploads\\\/2022\\\/04\\\/sr_MG_7758-400x250.jpg&quot;,&quot;imageURL&quot;:&quot;https:\\\/\\\/portalv1.com.br\\\/app\\\/wp-content\\\/uploads\\\/2022\\\/04\\\/sr_MG_7758.jpg&quot;,&quot;pid&quot;:114730,&quot;galleryid&quot;:1,&quot;description&quot;:&quot;&quot;,&quot;alttext&quot;:&quot;Dia de Campo foi realizado na localidade Catinga Branca em Valen\\u00e7a&quot;,&quot;thumbnailURL&quot;:&quot;https:\\\/\\\/portalv1.com.br\\\/app\\\/wp-content\\\/uploads\\\/2022\\\/04\\\/sr_MG_7758-400x250.jpg&quot;,&quot;style&quot;:&quot;&quot;},{&quot;thumbcode&quot;:&quot;https:\\\/\\\/portalv1.com.br\\\/app\\\/wp-content\\\/uploads\\\/2022\\\/04\\\/sr_MG_7762-400x250.jpg&quot;,&quot;imageURL&quot;:&quot;https:\\\/\\\/portalv1.com.br\\\/app\\\/wp-content\\\/uploads\\\/2022\\\/04\\\/sr_MG_7762.jpg&quot;,&quot;pid&quot;:114731,&quot;galleryid&quot;:1,&quot;description&quot;:&quot;&quot;,&quot;alttext&quot;:&quot;Dia de Campo foi realizado na localidade Catinga Branca em Valen\\u00e7a&quot;,&quot;thumbnailURL&quot;:&quot;https:\\\/\\\/portalv1.com.br\\\/app\\\/wp-content\\\/uploads\\\/2022\\\/04\\\/sr_MG_7762-400x250.jpg&quot;,&quot;style&quot;:&quot;&quot;},{&quot;thumbcode&quot;:&quot;https:\\\/\\\/portalv1.com.br\\\/app\\\/wp-content\\\/uploads\\\/2022\\\/04\\\/sr_MG_7769-400x250.jpg&quot;,&quot;imageURL&quot;:&quot;https:\\\/\\\/portalv1.com.br\\\/app\\\/wp-content\\\/uploads\\\/2022\\\/04\\\/sr_MG_7769.jpg&quot;,&quot;pid&quot;:114732,&quot;galleryid&quot;:1,&quot;description&quot;:&quot;&quot;,&quot;alttext&quot;:&quot;Dia de Campo foi realizado na localidade Catinga Branca em Valen\\u00e7a&quot;,&quot;thumbnailURL&quot;:&quot;https:\\\/\\\/portalv1.com.br\\\/app\\\/wp-content\\\/uploads\\\/2022\\\/04\\\/sr_MG_7769-400x250.jpg&quot;,&quot;style&quot;:&quot;&quot;},{&quot;thumbcode&quot;:&quot;https:\\\/\\\/portalv1.com.br\\\/app\\\/wp-content\\\/uploads\\\/2022\\\/04\\\/sr_MG_7773-400x250.jpg&quot;,&quot;imageURL&quot;:&quot;https:\\\/\\\/portalv1.com.br\\\/app\\\/wp-content\\\/uploads\\\/2022\\\/04\\\/sr_MG_7773.jpg&quot;,&quot;pid&quot;:114733,&quot;galleryid&quot;:1,&quot;description&quot;:&quot;&quot;,&quot;alttext&quot;:&quot;Dia de Campo foi realizado na localidade Catinga Branca em Valen\\u00e7a&quot;,&quot;thumbnailURL&quot;:&quot;https:\\\/\\\/portalv1.com.br\\\/app\\\/wp-content\\\/uploads\\\/2022\\\/04\\\/sr_MG_7773-400x250.jpg&quot;,&quot;style&quot;:&quot;&quot;},{&quot;thumbcode&quot;:&quot;https:\\\/\\\/portalv1.com.br\\\/app\\\/wp-content\\\/uploads\\\/2022\\\/04\\\/sr_MG_7776-400x250.jpg&quot;,&quot;imageURL&quot;:&quot;https:\\\/\\\/portalv1.com.br\\\/app\\\/wp-content\\\/uploads\\\/2022\\\/04\\\/sr_MG_7776.jpg&quot;,&quot;pid&quot;:114734,&quot;galleryid&quot;:1,&quot;description&quot;:&quot;&quot;,&quot;alttext&quot;:&quot;Dia de Campo foi realizado na localidade Catinga Branca em Valen\\u00e7a&quot;,&quot;thumbnailURL&quot;:&quot;https:\\\/\\\/portalv1.com.br\\\/app\\\/wp-content\\\/uploads\\\/2022\\\/04\\\/sr_MG_7776-400x250.jpg&quot;,&quot;style&quot;:&quot;&quot;},{&quot;thumbcode&quot;:&quot;https:\\\/\\\/portalv1.com.br\\\/app\\\/wp-content\\\/uploads\\\/2022\\\/04\\\/sr_MG_7780-400x250.jpg&quot;,&quot;imageURL&quot;:&quot;https:\\\/\\\/portalv1.com.br\\\/app\\\/wp-content\\\/uploads\\\/2022\\\/04\\\/sr_MG_7780.jpg&quot;,&quot;pid&quot;:114735,&quot;galleryid&quot;:1,&quot;description&quot;:&quot;&quot;,&quot;alttext&quot;:&quot;Dia de Campo foi realizado na localidade Catinga Branca em Valen\\u00e7a&quot;,&quot;thumbnailURL&quot;:&quot;https:\\\/\\\/portalv1.com.br\\\/app\\\/wp-content\\\/uploads\\\/2022\\\/04\\\/sr_MG_7780-400x250.jpg&quot;,&quot;style&quot;:&quot;&quot;},{&quot;thumbcode&quot;:&quot;https:\\\/\\\/portalv1.com.br\\\/app\\\/wp-content\\\/uploads\\\/2022\\\/04\\\/sr_MG_7781-400x250.jpg&quot;,&quot;imageURL&quot;:&quot;https:\\\/\\\/portalv1.com.br\\\/app\\\/wp-content\\\/uploads\\\/2022\\\/04\\\/sr_MG_7781.jpg&quot;,&quot;pid&quot;:114736,&quot;galleryid&quot;:1,&quot;description&quot;:&quot;&quot;,&quot;alttext&quot;:&quot;Dia de Campo foi realizado na localidade Catinga Branca em Valen\\u00e7a&quot;,&quot;thumbnailURL&quot;:&quot;https:\\\/\\\/portalv1.com.br\\\/app\\\/wp-content\\\/uploads\\\/2022\\\/04\\\/sr_MG_7781-400x250.jpg&quot;,&quot;style&quot;:&quot;&quot;},{&quot;thumbcode&quot;:&quot;https:\\\/\\\/portalv1.com.br\\\/app\\\/wp-content\\\/uploads\\\/2022\\\/04\\\/sr_MG_7786-400x250.jpg&quot;,&quot;imageURL&quot;:&quot;https:\\\/\\\/portalv1.com.br\\\/app\\\/wp-content\\\/uploads\\\/2022\\\/04\\\/sr_MG_7786.jpg&quot;,&quot;pid&quot;:114737,&quot;galleryid&quot;:1,&quot;description&quot;:&quot;&quot;,&quot;alttext&quot;:&quot;Dia de Campo foi realizado na localidade Catinga Branca em Valen\\u00e7a&quot;,&quot;thumbnailURL&quot;:&quot;https:\\\/\\\/portalv1.com.br\\\/app\\\/wp-content\\\/uploads\\\/2022\\\/04\\\/sr_MG_7786-400x250.jpg&quot;,&quot;style&quot;:&quot;&quot;},{&quot;thumbcode&quot;:&quot;https:\\\/\\\/portalv1.com.br\\\/app\\\/wp-content\\\/uploads\\\/2022\\\/04\\\/sr_MG_7788-400x250.jpg&quot;,&quot;imageURL&quot;:&quot;https:\\\/\\\/portalv1.com.br\\\/app\\\/wp-content\\\/uploads\\\/2022\\\/04\\\/sr_MG_7788.jpg&quot;,&quot;pid&quot;:114738,&quot;galleryid&quot;:1,&quot;description&quot;:&quot;&quot;,&quot;alttext&quot;:&quot;Dia de Campo foi realizado na localidade Catinga Branca em Valen\\u00e7a&quot;,&quot;thumbnailURL&quot;:&quot;https:\\\/\\\/portalv1.com.br\\\/app\\\/wp-content\\\/uploads\\\/2022\\\/04\\\/sr_MG_7788-400x250.jpg&quot;,&quot;style&quot;:&quot;&quot;},{&quot;thumbcode&quot;:&quot;https:\\\/\\\/portalv1.com.br\\\/app\\\/wp-content\\\/uploads\\\/2022\\\/04\\\/sr_MG_7802-400x250.jpg&quot;,&quot;imageURL&quot;:&quot;https:\\\/\\\/portalv1.com.br\\\/app\\\/wp-content\\\/uploads\\\/2022\\\/04\\\/sr_MG_7802.jpg&quot;,&quot;pid&quot;:114739,&quot;galleryid&quot;:1,&quot;description&quot;:&quot;&quot;,&quot;alttext&quot;:&quot;Dia de Campo foi realizado na localidade Catinga Branca em Valen\\u00e7a&quot;,&quot;thumbnailURL&quot;:&quot;https:\\\/\\\/portalv1.com.br\\\/app\\\/wp-content\\\/uploads\\\/2022\\\/04\\\/sr_MG_7802-400x250.jpg&quot;,&quot;style&quot;:&quot;&quot;},{&quot;thumbcode&quot;:&quot;https:\\\/\\\/portalv1.com.br\\\/app\\\/wp-content\\\/uploads\\\/2022\\\/04\\\/sr_MG_7853-400x250.jpg&quot;,&quot;imageURL&quot;:&quot;https:\\\/\\\/portalv1.com.br\\\/app\\\/wp-content\\\/uploads\\\/2022\\\/04\\\/sr_MG_7853.jpg&quot;,&quot;pid&quot;:114740,&quot;galleryid&quot;:1,&quot;description&quot;:&quot;&quot;,&quot;alttext&quot;:&quot;Dia de Campo foi realizado na localidade Catinga Branca em Valen\\u00e7a&quot;,&quot;thumbnailURL&quot;:&quot;https:\\\/\\\/portalv1.com.br\\\/app\\\/wp-content\\\/uploads\\\/2022\\\/04\\\/sr_MG_7853-400x250.jpg&quot;,&quot;style&quot;:&quot;&quot;},{&quot;thumbcode&quot;:&quot;https:\\\/\\\/portalv1.com.br\\\/app\\\/wp-content\\\/uploads\\\/2022\\\/04\\\/sr_MG_7857-400x250.jpg&quot;,&quot;imageURL&quot;:&quot;https:\\\/\\\/portalv1.com.br\\\/app\\\/wp-content\\\/uploads\\\/2022\\\/04\\\/sr_MG_7857.jpg&quot;,&quot;pid&quot;:114741,&quot;galleryid&quot;:1,&quot;description&quot;:&quot;&quot;,&quot;alttext&quot;:&quot;Dia de Campo foi realizado na localidade Catinga Branca em Valen\\u00e7a&quot;,&quot;thumbnailURL&quot;:&quot;https:\\\/\\\/portalv1.com.br\\\/app\\\/wp-content\\\/uploads\\\/2022\\\/04\\\/sr_MG_7857-400x250.jpg&quot;,&quot;style&quot;:&quot;&quot;},{&quot;thumbcode&quot;:&quot;https:\\\/\\\/portalv1.com.br\\\/app\\\/wp-content\\\/uploads\\\/2022\\\/04\\\/sr_MG_7869-400x250.jpg&quot;,&quot;imageURL&quot;:&quot;https:\\\/\\\/portalv1.com.br\\\/app\\\/wp-content\\\/uploads\\\/2022\\\/04\\\/sr_MG_7869.jpg&quot;,&quot;pid&quot;:114742,&quot;galleryid&quot;:1,&quot;description&quot;:&quot;&quot;,&quot;alttext&quot;:&quot;Dia de Campo foi realizado na localidade Catinga Branca em Valen\\u00e7a&quot;,&quot;thumbnailURL&quot;:&quot;https:\\\/\\\/portalv1.com.br\\\/app\\\/wp-content\\\/uploads\\\/2022\\\/04\\\/sr_MG_7869-400x250.jpg&quot;,&quot;style&quot;:&quot;&quot;},{&quot;thumbcode&quot;:&quot;https:\\\/\\\/portalv1.com.br\\\/app\\\/wp-content\\\/uploads\\\/2022\\\/04\\\/sr_MG_7870-400x250.jpg&quot;,&quot;imageURL&quot;:&quot;https:\\\/\\\/portalv1.com.br\\\/app\\\/wp-content\\\/uploads\\\/2022\\\/04\\\/sr_MG_7870.jpg&quot;,&quot;pid&quot;:114743,&quot;galleryid&quot;:1,&quot;description&quot;:&quot;&quot;,&quot;alttext&quot;:&quot;Dia de Campo foi realizado na localidade Catinga Branca em Valen\\u00e7a&quot;,&quot;thumbnailURL&quot;:&quot;https:\\\/\\\/portalv1.com.br\\\/app\\\/wp-content\\\/uploads\\\/2022\\\/04\\\/sr_MG_7870-400x250.jpg&quot;,&quot;style&quot;:&quot;&quot;},{&quot;thumbcode&quot;:&quot;https:\\\/\\\/portalv1.com.br\\\/app\\\/wp-content\\\/uploads\\\/2022\\\/04\\\/sr_MG_7873-400x250.jpg&quot;,&quot;imageURL&quot;:&quot;https:\\\/\\\/portalv1.com.br\\\/app\\\/wp-content\\\/uploads\\\/2022\\\/04\\\/sr_MG_7873.jpg&quot;,&quot;pid&quot;:114744,&quot;galleryid&quot;:1,&quot;description&quot;:&quot;&quot;,&quot;alttext&quot;:&quot;Dia de Campo foi realizado na localidade Catinga Branca em Valen\\u00e7a&quot;,&quot;thumbnailURL&quot;:&quot;https:\\\/\\\/portalv1.com.br\\\/app\\\/wp-content\\\/uploads\\\/2022\\\/04\\\/sr_MG_7873-400x250.jpg&quot;,&quot;style&quot;:&quot;&quot;},{&quot;thumbcode&quot;:&quot;https:\\\/\\\/portalv1.com.br\\\/app\\\/wp-content\\\/uploads\\\/2022\\\/04\\\/sr_MG_7877-400x250.jpg&quot;,&quot;imageURL&quot;:&quot;https:\\\/\\\/portalv1.com.br\\\/app\\\/wp-content\\\/uploads\\\/2022\\\/04\\\/sr_MG_7877.jpg&quot;,&quot;pid&quot;:114745,&quot;galleryid&quot;:1,&quot;description&quot;:&quot;&quot;,&quot;alttext&quot;:&quot;Dia de Campo foi realizado na localidade Catinga Branca em Valen\\u00e7a&quot;,&quot;thumbnailURL&quot;:&quot;https:\\\/\\\/portalv1.com.br\\\/app\\\/wp-content\\\/uploads\\\/2022\\\/04\\\/sr_MG_7877-400x250.jpg&quot;,&quot;style&quot;:&quot;&quot;},{&quot;thumbcode&quot;:&quot;https:\\\/\\\/portalv1.com.br\\\/app\\\/wp-content\\\/uploads\\\/2022\\\/04\\\/sr_MG_7878-400x250.jpg&quot;,&quot;imageURL&quot;:&quot;https:\\\/\\\/portalv1.com.br\\\/app\\\/wp-content\\\/uploads\\\/2022\\\/04\\\/sr_MG_7878.jpg&quot;,&quot;pid&quot;:114746,&quot;galleryid&quot;:1,&quot;description&quot;:&quot;&quot;,&quot;alttext&quot;:&quot;Dia de Campo foi realizado na localidade Catinga Branca em Valen\\u00e7a&quot;,&quot;thumbnailURL&quot;:&quot;https:\\\/\\\/portalv1.com.br\\\/app\\\/wp-content\\\/uploads\\\/2022\\\/04\\\/sr_MG_7878-400x250.jpg&quot;,&quot;style&quot;:&quot;&quot;},{&quot;thumbcode&quot;:&quot;https:\\\/\\\/portalv1.com.br\\\/app\\\/wp-content\\\/uploads\\\/2022\\\/04\\\/sr_MG_7883-400x250.jpg&quot;,&quot;imageURL&quot;:&quot;https:\\\/\\\/portalv1.com.br\\\/app\\\/wp-content\\\/uploads\\\/2022\\\/04\\\/sr_MG_7883.jpg&quot;,&quot;pid&quot;:114747,&quot;galleryid&quot;:1,&quot;description&quot;:&quot;&quot;,&quot;alttext&quot;:&quot;Dia de Campo foi realizado na localidade Catinga Branca em Valen\\u00e7a&quot;,&quot;thumbnailURL&quot;:&quot;https:\\\/\\\/portalv1.com.br\\\/app\\\/wp-content\\\/uploads\\\/2022\\\/04\\\/sr_MG_7883-400x250.jpg&quot;,&quot;style&quot;:&quot;&quot;},{&quot;thumbcode&quot;:&quot;https:\\\/\\\/portalv1.com.br\\\/app\\\/wp-content\\\/uploads\\\/2022\\\/04\\\/sr_MG_7890-400x250.jpg&quot;,&quot;imageURL&quot;:&quot;https:\\\/\\\/portalv1.com.br\\\/app\\\/wp-content\\\/uploads\\\/2022\\\/04\\\/sr_MG_7890.jpg&quot;,&quot;pid&quot;:114748,&quot;galleryid&quot;:1,&quot;description&quot;:&quot;&quot;,&quot;alttext&quot;:&quot;Dia de Campo foi realizado na localidade Catinga Branca em Valen\\u00e7a&quot;,&quot;thumbnailURL&quot;:&quot;https:\\\/\\\/portalv1.com.br\\\/app\\\/wp-content\\\/uploads\\\/2022\\\/04\\\/sr_MG_7890-400x250.jpg&quot;,&quot;style&quot;:&quot;&quot;},{&quot;thumbcode&quot;:&quot;https:\\\/\\\/portalv1.com.br\\\/app\\\/wp-content\\\/uploads\\\/2022\\\/04\\\/sr_MG_7899-400x250.jpg&quot;,&quot;imageURL&quot;:&quot;https:\\\/\\\/portalv1.com.br\\\/app\\\/wp-content\\\/uploads\\\/2022\\\/04\\\/sr_MG_7899.jpg&quot;,&quot;pid&quot;:114749,&quot;galleryid&quot;:1,&quot;description&quot;:&quot;&quot;,&quot;alttext&quot;:&quot;Dia de Campo foi realizado na localidade Catinga Branca em Valen\\u00e7a&quot;,&quot;thumbnailURL&quot;:&quot;https:\\\/\\\/portalv1.com.br\\\/app\\\/wp-content\\\/uploads\\\/2022\\\/04\\\/sr_MG_7899-400x250.jpg&quot;,&quot;style&quot;:&quot;&quot;},{&quot;thumbcode&quot;:&quot;https:\\\/\\\/portalv1.com.br\\\/app\\\/wp-content\\\/uploads\\\/2022\\\/04\\\/sr_MG_7916-400x250.jpg&quot;,&quot;imageURL&quot;:&quot;https:\\\/\\\/portalv1.com.br\\\/app\\\/wp-content\\\/uploads\\\/2022\\\/04\\\/sr_MG_7916.jpg&quot;,&quot;pid&quot;:114750,&quot;galleryid&quot;:1,&quot;description&quot;:&quot;&quot;,&quot;alttext&quot;:&quot;Dia de Campo foi realizado na localidade Catinga Branca em Valen\\u00e7a&quot;,&quot;thumbnailURL&quot;:&quot;https:\\\/\\\/portalv1.com.br\\\/app\\\/wp-content\\\/uploads\\\/2022\\\/04\\\/sr_MG_7916-400x250.jpg&quot;,&quot;style&quot;:&quot;&quot;},{&quot;thumbcode&quot;:&quot;https:\\\/\\\/portalv1.com.br\\\/app\\\/wp-content\\\/uploads\\\/2022\\\/04\\\/IMG_7671-400x250.jpg&quot;,&quot;imageURL&quot;:&quot;https:\\\/\\\/portalv1.com.br\\\/app\\\/wp-content\\\/uploads\\\/2022\\\/04\\\/IMG_7671.jpg&quot;,&quot;pid&quot;:114751,&quot;galleryid&quot;:1,&quot;description&quot;:&quot;&quot;,&quot;alttext&quot;:&quot;Dia de Campo foi realizado na localidade Catinga Branca em Valen\\u00e7a&quot;,&quot;thumbnailURL&quot;:&quot;https:\\\/\\\/portalv1.com.br\\\/app\\\/wp-content\\\/uploads\\\/2022\\\/04\\\/IMG_7671-400x250.jpg&quot;,&quot;style&quot;:&quot;&quot;},{&quot;thumbcode&quot;:&quot;https:\\\/\\\/portalv1.com.br\\\/app\\\/wp-content\\\/uploads\\\/2022\\\/04\\\/IMG_7681-400x250.jpg&quot;,&quot;imageURL&quot;:&quot;https:\\\/\\\/portalv1.com.br\\\/app\\\/wp-content\\\/uploads\\\/2022\\\/04\\\/IMG_7681.jpg&quot;,&quot;pid&quot;:114752,&quot;galleryid&quot;:1,&quot;description&quot;:&quot;&quot;,&quot;alttext&quot;:&quot;Dia de Campo foi realizado na localidade Catinga Branca em Valen\\u00e7a&quot;,&quot;thumbnailURL&quot;:&quot;https:\\\/\\\/portalv1.com.br\\\/app\\\/wp-content\\\/uploads\\\/2022\\\/04\\\/IMG_7681-400x250.jpg&quot;,&quot;style&quot;:&quot;&quot;},{&quot;thumbcode&quot;:&quot;https:\\\/\\\/portalv1.com.br\\\/app\\\/wp-content\\\/uploads\\\/2022\\\/04\\\/IMG_7683-400x250.jpg&quot;,&quot;imageURL&quot;:&quot;https:\\\/\\\/portalv1.com.br\\\/app\\\/wp-content\\\/uploads\\\/2022\\\/04\\\/IMG_7683.jpg&quot;,&quot;pid&quot;:114753,&quot;galleryid&quot;:1,&quot;description&quot;:&quot;&quot;,&quot;alttext&quot;:&quot;Dia de Campo foi realizado na localidade Catinga Branca em Valen\\u00e7a&quot;,&quot;thumbnailURL&quot;:&quot;https:\\\/\\\/portalv1.com.br\\\/app\\\/wp-content\\\/uploads\\\/2022\\\/04\\\/IMG_7683-400x250.jpg&quot;,&quot;style&quot;:&quot;&quot;},{&quot;thumbcode&quot;:&quot;https:\\\/\\\/portalv1.com.br\\\/app\\\/wp-content\\\/uploads\\\/2022\\\/04\\\/IMG_7688-400x250.jpg&quot;,&quot;imageURL&quot;:&quot;https:\\\/\\\/portalv1.com.br\\\/app\\\/wp-content\\\/uploads\\\/2022\\\/04\\\/IMG_7688.jpg&quot;,&quot;pid&quot;:114754,&quot;galleryid&quot;:1,&quot;description&quot;:&quot;&quot;,&quot;alttext&quot;:&quot;Dia de Campo foi realizado na localidade Catinga Branca em Valen\\u00e7a&quot;,&quot;thumbnailURL&quot;:&quot;https:\\\/\\\/portalv1.com.br\\\/app\\\/wp-content\\\/uploads\\\/2022\\\/04\\\/IMG_7688-400x250.jpg&quot;,&quot;style&quot;:&quot;&quot;},{&quot;thumbcode&quot;:&quot;https:\\\/\\\/portalv1.com.br\\\/app\\\/wp-content\\\/uploads\\\/2022\\\/04\\\/IMG_7691-400x250.jpg&quot;,&quot;imageURL&quot;:&quot;https:\\\/\\\/portalv1.com.br\\\/app\\\/wp-content\\\/uploads\\\/2022\\\/04\\\/IMG_7691.jpg&quot;,&quot;pid&quot;:114755,&quot;galleryid&quot;:1,&quot;description&quot;:&quot;&quot;,&quot;alttext&quot;:&quot;Dia de Campo foi realizado na localidade Catinga Branca em Valen\\u00e7a&quot;,&quot;thumbnailURL&quot;:&quot;https:\\\/\\\/portalv1.com.br\\\/app\\\/wp-content\\\/uploads\\\/2022\\\/04\\\/IMG_7691-400x250.jpg&quot;,&quot;style&quot;:&quot;&quot;},{&quot;thumbcode&quot;:&quot;https:\\\/\\\/portalv1.com.br\\\/app\\\/wp-content\\\/uploads\\\/2022\\\/04\\\/IMG_7693-400x250.jpg&quot;,&quot;imageURL&quot;:&quot;https:\\\/\\\/portalv1.com.br\\\/app\\\/wp-content\\\/uploads\\\/2022\\\/04\\\/IMG_7693.jpg&quot;,&quot;pid&quot;:114756,&quot;galleryid&quot;:1,&quot;description&quot;:&quot;&quot;,&quot;alttext&quot;:&quot;Dia de Campo foi realizado na localidade Catinga Branca em Valen\\u00e7a&quot;,&quot;thumbnailURL&quot;:&quot;https:\\\/\\\/portalv1.com.br\\\/app\\\/wp-content\\\/uploads\\\/2022\\\/04\\\/IMG_7693-400x250.jpg&quot;,&quot;style&quot;:&quot;&quot;},{&quot;thumbcode&quot;:&quot;https:\\\/\\\/portalv1.com.br\\\/app\\\/wp-content\\\/uploads\\\/2022\\\/04\\\/IMG_7698-400x250.jpg&quot;,&quot;imageURL&quot;:&quot;https:\\\/\\\/portalv1.com.br\\\/app\\\/wp-content\\\/uploads\\\/2022\\\/04\\\/IMG_7698.jpg&quot;,&quot;pid&quot;:114757,&quot;galleryid&quot;:1,&quot;description&quot;:&quot;&quot;,&quot;alttext&quot;:&quot;Dia de Campo foi realizado na localidade Catinga Branca em Valen\\u00e7a&quot;,&quot;thumbnailURL&quot;:&quot;https:\\\/\\\/portalv1.com.br\\\/app\\\/wp-content\\\/uploads\\\/2022\\\/04\\\/IMG_7698-400x250.jpg&quot;,&quot;style&quot;:&quot;&quot;},{&quot;thumbcode&quot;:&quot;https:\\\/\\\/portalv1.com.br\\\/app\\\/wp-content\\\/uploads\\\/2022\\\/04\\\/IMG_7705-400x250.jpg&quot;,&quot;imageURL&quot;:&quot;https:\\\/\\\/portalv1.com.br\\\/app\\\/wp-content\\\/uploads\\\/2022\\\/04\\\/IMG_7705.jpg&quot;,&quot;pid&quot;:114758,&quot;galleryid&quot;:1,&quot;description&quot;:&quot;&quot;,&quot;alttext&quot;:&quot;Dia de Campo foi realizado na localidade Catinga Branca em Valen\\u00e7a&quot;,&quot;thumbnailURL&quot;:&quot;https:\\\/\\\/portalv1.com.br\\\/app\\\/wp-content\\\/uploads\\\/2022\\\/04\\\/IMG_7705-400x250.jpg&quot;,&quot;style&quot;:&quot;&quot;},{&quot;thumbcode&quot;:&quot;https:\\\/\\\/portalv1.com.br\\\/app\\\/wp-content\\\/uploads\\\/2022\\\/04\\\/IMG_7815-400x250.jpg&quot;,&quot;imageURL&quot;:&quot;https:\\\/\\\/portalv1.com.br\\\/app\\\/wp-content\\\/uploads\\\/2022\\\/04\\\/IMG_7815.jpg&quot;,&quot;pid&quot;:114759,&quot;galleryid&quot;:1,&quot;description&quot;:&quot;&quot;,&quot;alttext&quot;:&quot;Dia de Campo foi realizado na localidade Catinga Branca em Valen\\u00e7a&quot;,&quot;thumbnailURL&quot;:&quot;https:\\\/\\\/portalv1.com.br\\\/app\\\/wp-content\\\/uploads\\\/2022\\\/04\\\/IMG_7815-400x250.jpg&quot;,&quot;style&quot;:&quot;&quot;},{&quot;thumbcode&quot;:&quot;https:\\\/\\\/portalv1.com.br\\\/app\\\/wp-content\\\/uploads\\\/2022\\\/04\\\/IMG_7834-400x250.jpg&quot;,&quot;imageURL&quot;:&quot;https:\\\/\\\/portalv1.com.br\\\/app\\\/wp-content\\\/uploads\\\/2022\\\/04\\\/IMG_7834.jpg&quot;,&quot;pid&quot;:114760,&quot;galleryid&quot;:1,&quot;description&quot;:&quot;&quot;,&quot;alttext&quot;:&quot;Dia de Campo foi realizado na localidade Catinga Branca em Valen\\u00e7a&quot;,&quot;thumbnailURL&quot;:&quot;https:\\\/\\\/portalv1.com.br\\\/app\\\/wp-content\\\/uploads\\\/2022\\\/04\\\/IMG_7834-400x250.jpg&quot;,&quot;style&quot;:&quot;&quot;},{&quot;thumbcode&quot;:&quot;https:\\\/\\\/portalv1.com.br\\\/app\\\/wp-content\\\/uploads\\\/2022\\\/04\\\/IMG_7921-400x250.jpg&quot;,&quot;imageURL&quot;:&quot;https:\\\/\\\/portalv1.com.br\\\/app\\\/wp-content\\\/uploads\\\/2022\\\/04\\\/IMG_7921.jpg&quot;,&quot;pid&quot;:114761,&quot;galleryid&quot;:1,&quot;description&quot;:&quot;&quot;,&quot;alttext&quot;:&quot;Dia de Campo foi realizado na localidade Catinga Branca em Valen\\u00e7a&quot;,&quot;thumbnailURL&quot;:&quot;https:\\\/\\\/portalv1.com.br\\\/app\\\/wp-content\\\/uploads\\\/2022\\\/04\\\/IMG_7921-400x250.jpg&quot;,&quot;style&quot;:&quot;&quot;}]}}\"><\/div>\n                  <\/div>\n","protected":false},"excerpt":{"rendered":"<p>Nesta segunda-feira 11 de abril, a Secretaria de Agricultura com apoio da Secretaria do Meio Ambiente e a Secretaria de Educa\u00e7\u00e3o realizou um dia de campo na comunidade Catinga Branca&#8230;<\/p>\n","protected":false},"author":1,"featured_media":114732,"comment_status":"open","ping_status":"open","sticky":false,"template":"","format":"standard","meta":{"ngg_post_thumbnail":0,"footnotes":""},"categories":[243],"tags":[],"class_list":["post-114725","post","type-post","status-publish","format-standard","has-post-thumbnail","hentry","category-geral"],"views":426,"meta_data":{"thumb":"https:\/\/portalv1.com.br\/app\/wp-content\/uploads\/2022\/04\/sr_MG_7769.jpg","imagem":{"fullsize":{"url":"https:\/\/portalv1.com.br\/app\/wp-content\/uploads\/2022\/04\/sr_MG_7769.jpg","width":1024,"height":576},"medium":{"url":"https:\/\/portalv1.com.br\/app\/wp-content\/uploads\/2022\/04\/sr_MG_7769-300x169.jpg","width":300,"height":169},"large":{"url":"https:\/\/portalv1.com.br\/app\/wp-content\/uploads\/2022\/04\/sr_MG_7769-640x360.jpg","width":640,"height":360},"thumbnail":{"url":"https:\/\/portalv1.com.br\/app\/wp-content\/uploads\/2022\/04\/sr_MG_7769-100x100.jpg","width":100,"height":100},"medium_large":{"url":"https:\/\/portalv1.com.br\/app\/wp-content\/uploads\/2022\/04\/sr_MG_7769-768x432.jpg","width":768,"height":432}},"data":{"simple":"11\/04\/2022","date_time":"11\/04\/2022 14:19:41","date":"h\u00e1 4 anos"},"chapeu":"Saiba Detalhes ","source":"slide"},"_links":{"self":[{"href":"https:\/\/portalv1.com.br\/api\/wp\/v2\/posts\/114725","targetHints":{"allow":["GET"]}}],"collection":[{"href":"https:\/\/portalv1.com.br\/api\/wp\/v2\/posts"}],"about":[{"href":"https:\/\/portalv1.com.br\/api\/wp\/v2\/types\/post"}],"author":[{"embeddable":true,"href":"https:\/\/portalv1.com.br\/api\/wp\/v2\/users\/1"}],"replies":[{"embeddable":true,"href":"https:\/\/portalv1.com.br\/api\/wp\/v2\/comments?post=114725"}],"version-history":[{"count":0,"href":"https:\/\/portalv1.com.br\/api\/wp\/v2\/posts\/114725\/revisions"}],"wp:featuredmedia":[{"embeddable":true,"href":"https:\/\/portalv1.com.br\/api\/wp\/v2\/media\/114732"}],"wp:attachment":[{"href":"https:\/\/portalv1.com.br\/api\/wp\/v2\/media?parent=114725"}],"wp:term":[{"taxonomy":"category","embeddable":true,"href":"https:\/\/portalv1.com.br\/api\/wp\/v2\/categories?post=114725"},{"taxonomy":"post_tag","embeddable":true,"href":"https:\/\/portalv1.com.br\/api\/wp\/v2\/tags?post=114725"}],"curies":[{"name":"wp","href":"https:\/\/api.w.org\/{rel}","templated":true}]}}