{"id":115190,"date":"2022-04-20T09:24:47","date_gmt":"2022-04-20T12:24:47","guid":{"rendered":"https:\/\/portalv1.com.br\/?p=115190"},"modified":"2022-04-20T09:24:47","modified_gmt":"2022-04-20T12:24:47","slug":"pai-e-condenado-a-31-anos-de-prisao-por-matar-filha-em-pimenteiras","status":"publish","type":"post","link":"https:\/\/portalv1.com.br\/pai-e-condenado-a-31-anos-de-prisao-por-matar-filha-em-pimenteiras\/","title":{"rendered":"Pai \u00e9 condenado a 31 anos de pris\u00e3o por matar filha em Pimenteiras"},"content":{"rendered":"<p>Leonardo Irving Daniel da Silva, 27 anos, foi condenado a 31 anos de pris\u00e3o pelo assassinato da filha Nicolly Gabriel Daniel, de 1 ano de idade. O crime aconteceu em 2018 e o homem foi condenado ap\u00f3s julgamento do Tribunal Popular do J\u00fari, que encerrou na madrugada desta quarta-feira (20). Ele confessou o crime e pediu para ser condenado.<\/p>\n<p>A senten\u00e7a terminou de ser proferida ap\u00f3s a meia-noite desta quarta. O j\u00fari iniciou ainda na manh\u00e3 de ter\u00e7a-feira (19). O r\u00e9u foi condenado \u00e0 pena de 31 anos, com reconhecimento de quatro qualificadoras para o homic\u00eddio, al\u00e9m de dois agravantes.<\/p>\n<p>As qualificadoras s\u00e3o: motivo torpe, motivo f\u00fatil, praticado de forma cruel e sem possibilidade de defesa pela v\u00edtima. A pena foi aumentada por ser a v\u00edtima menor de 14 anos e por ser ele pai da crian\u00e7a, conforme previsto no C\u00f3digo Penal.<\/p>\n<p><strong>Confessou e pediu para ser condenado<\/strong><\/p>\n<p>Durante o julgamento, Leonardo Irving voltou a confessar o assassinato da filha e disse n\u00e3o lembrar de detalhes do crime. O acusado pediu para ser condenado e voltar para o sistema prisional.<\/p>\n<p>&#8220;As pessoas falam que eu sou um monstro e eu concordo, sei que sou, porque tirei a vida da minha filha. Eu s\u00f3 quero ser condenado e voltar para o pres\u00eddio. Eu me arrependo de ter tirado a vida dela, choro de dia e noite por isso&#8221;, declarou.<\/p>\n<p>Leonardo contou que no dia do crime estava segurando a filha e com um punhal na outra m\u00e3o. A crian\u00e7a, segundo o r\u00e9u, chegou a tocar na arma, mas ele retirou. Depois disso, o acusado diz n\u00e3o lembrar o que aconteceu.<\/p>\n<p>Ao ser preso, Leonardo disse ter dado sete golpes de faca na crian\u00e7a para &#8220;descontar a f\u00faria que estava sentindo contra a ex-mulher&#8221;, m\u00e3e da crian\u00e7a.<\/p>\n<p>&#8220;J\u00e1 perguntei para minha m\u00e3e como eu machuquei a minha filha. Eu sonho com ela nos bra\u00e7os do meu av\u00f4, dizendo que me perdoa, mas eu n\u00e3o vou me perdoar nunca. Depois minhas m\u00e3os aparecem cobertas de sangue&#8221;, contou.<a href=\"https:\/\/portalv1.com.br\/app\/wp-content\/uploads\/2022\/04\/3f48857f4fb3de2c695799dbdfdda670.jpg\"><img loading=\"lazy\" decoding=\"async\" class=\"aligncenter size-large wp-image-115191\" src=\"https:\/\/portalv1.com.br\/app\/wp-content\/uploads\/2022\/04\/3f48857f4fb3de2c695799dbdfdda670-640x601.jpg\" alt=\"\" width=\"600\" height=\"563\" srcset=\"https:\/\/portalv1.com.br\/app\/wp-content\/uploads\/2022\/04\/3f48857f4fb3de2c695799dbdfdda670-640x601.jpg 640w, https:\/\/portalv1.com.br\/app\/wp-content\/uploads\/2022\/04\/3f48857f4fb3de2c695799dbdfdda670-300x282.jpg 300w, https:\/\/portalv1.com.br\/app\/wp-content\/uploads\/2022\/04\/3f48857f4fb3de2c695799dbdfdda670.jpg 750w\" sizes=\"auto, (max-width: 600px) 100vw, 600px\" \/><\/a><\/p>\n<p>O acusado revelou que a uni\u00e3o com Amanda Kelly Barbosa, m\u00e3e da crian\u00e7a, durou dois anos ap\u00f3s descobrir uma trai\u00e7\u00e3o da ex-companheira. O acusado negou que tinha a inten\u00e7\u00e3o de matar a ex-mulher.<\/p>\n<p><strong>Confiss\u00e3o e relatos de arrependimento<\/strong><\/p>\n<p>Na \u00e9poca em que foi preso, segundo a Pol\u00edcia Civil, ele contou \u00e0 pol\u00edcia que sofria de problemas psiqui\u00e1tricos. Contudo, isso n\u00e3o ficou comprovado com o passar das investiga\u00e7\u00f5es.<\/p>\n<p>\u201cA rela\u00e7\u00e3o deles era cheia de idas e vindas. Estavam terminados, mas ela tinha prometido acompanh\u00e1-lo a uma consulta psiqui\u00e1trica, s\u00f3 que desistiu. Nesse momento ele diz ter ficado muito nervoso e acabou cometendo o crime\u201d, informou o delegado Daniel Alves ao g1.<\/p>\n<p>Segundo o delegado, o acusado estava com a crian\u00e7a no colo enquanto discutia com a ex-mulher. \u201cEle pegou um punhal e tentou coagir a mo\u00e7a a ir com ele. Segurando a crian\u00e7a, ele perguntou para ela se matava a crian\u00e7a ou ela. A situa\u00e7\u00e3o chamou a aten\u00e7\u00e3o de algumas pessoas e a pol\u00edcia foi acionada, ele disse que foi ficando mais nervoso e come\u00e7ou a esfaquear a filha nas costas\u201d, contou o delegado Daniel Alves.<\/p>\n<p>O delegado afirmou que o jovem chorou durante todo o depoimento. \u201cEle se diz arrependido de ter matado a filha, diz que foi um momento de f\u00faria que n\u00e3o conseguiu se controlar e que n\u00e3o era para ter acontecido\u201d, disse Daniel Alves.<\/p>\n<p>Fonte: G1 Piaui<\/p>\n","protected":false},"excerpt":{"rendered":"<p>Leonardo Irving Daniel da Silva, 27 anos, foi condenado a 31 anos de pris\u00e3o pelo assassinato da filha Nicolly Gabriel Daniel, de 1 ano de idade. O crime aconteceu em&#8230;<\/p>\n","protected":false},"author":1,"featured_media":115191,"comment_status":"open","ping_status":"open","sticky":false,"template":"","format":"standard","meta":{"ngg_post_thumbnail":0,"footnotes":""},"categories":[243],"tags":[],"class_list":["post-115190","post","type-post","status-publish","format-standard","has-post-thumbnail","hentry","category-geral"],"views":2066,"meta_data":{"thumb":"https:\/\/portalv1.com.br\/app\/wp-content\/uploads\/2022\/04\/3f48857f4fb3de2c695799dbdfdda670.jpg","imagem":{"fullsize":{"url":"https:\/\/portalv1.com.br\/app\/wp-content\/uploads\/2022\/04\/3f48857f4fb3de2c695799dbdfdda670.jpg","width":750,"height":704},"medium":{"url":"https:\/\/portalv1.com.br\/app\/wp-content\/uploads\/2022\/04\/3f48857f4fb3de2c695799dbdfdda670-300x282.jpg","width":300,"height":282},"large":{"url":"https:\/\/portalv1.com.br\/app\/wp-content\/uploads\/2022\/04\/3f48857f4fb3de2c695799dbdfdda670-640x601.jpg","width":640,"height":601},"thumbnail":{"url":"https:\/\/portalv1.com.br\/app\/wp-content\/uploads\/2022\/04\/3f48857f4fb3de2c695799dbdfdda670-100x100.jpg","width":100,"height":100}},"data":{"simple":"20\/04\/2022","date_time":"20\/04\/2022 06:24:47","date":"h\u00e1 4 anos"},"chapeu":"Saiba Detalhes ","source":"slide"},"_links":{"self":[{"href":"https:\/\/portalv1.com.br\/api\/wp\/v2\/posts\/115190","targetHints":{"allow":["GET"]}}],"collection":[{"href":"https:\/\/portalv1.com.br\/api\/wp\/v2\/posts"}],"about":[{"href":"https:\/\/portalv1.com.br\/api\/wp\/v2\/types\/post"}],"author":[{"embeddable":true,"href":"https:\/\/portalv1.com.br\/api\/wp\/v2\/users\/1"}],"replies":[{"embeddable":true,"href":"https:\/\/portalv1.com.br\/api\/wp\/v2\/comments?post=115190"}],"version-history":[{"count":0,"href":"https:\/\/portalv1.com.br\/api\/wp\/v2\/posts\/115190\/revisions"}],"wp:featuredmedia":[{"embeddable":true,"href":"https:\/\/portalv1.com.br\/api\/wp\/v2\/media\/115191"}],"wp:attachment":[{"href":"https:\/\/portalv1.com.br\/api\/wp\/v2\/media?parent=115190"}],"wp:term":[{"taxonomy":"category","embeddable":true,"href":"https:\/\/portalv1.com.br\/api\/wp\/v2\/categories?post=115190"},{"taxonomy":"post_tag","embeddable":true,"href":"https:\/\/portalv1.com.br\/api\/wp\/v2\/tags?post=115190"}],"curies":[{"name":"wp","href":"https:\/\/api.w.org\/{rel}","templated":true}]}}