{"id":115508,"date":"2022-04-27T15:59:25","date_gmt":"2022-04-27T18:59:25","guid":{"rendered":"https:\/\/portalv1.com.br\/?p=115508"},"modified":"2022-04-27T16:29:39","modified_gmt":"2022-04-27T19:29:39","slug":"secretaria-de-meio-ambiente-realiza-palestra-sobre-praticas-agronomas-florestais-no-assentamento-lagoa-do-luiz-nogueira","status":"publish","type":"post","link":"https:\/\/portalv1.com.br\/secretaria-de-meio-ambiente-realiza-palestra-sobre-praticas-agronomas-florestais-no-assentamento-lagoa-do-luiz-nogueira\/","title":{"rendered":"Secretaria de Meio Ambiente realiza palestra sobre pr\u00e1ticas agr\u00f4nomas florestais no Assentamento Lagoa do Luiz Nogueira"},"content":{"rendered":"<p>A Secretaria de Meio Ambiente de Valen\u00e7a do Piau\u00ed, realizou em parceria com Sindicato dos Trabalhadores Rurais, o \u201cDia D+\u201d com palestras sobre pr\u00e1ticas agr\u00f4nomas florestais sustent\u00e1veis no Assentamento Lagoa do Luiz Nogueira, onde tamb\u00e9m participaram do encontro os moradores do Assentamento Roque, Associa\u00e7\u00e3o Ponto da Serra e \u00e1rea do posseiro Serra 2.<\/p>\n<p>Yara Lopes, gestora Ambiental da Secretaria de Meio Ambiente, ressalta a import\u00e2ncia de levar mais conhecimento aos agricultores. \u201cHoje nos deslocamos para Lagoa dos Nogueiras justamente para falar sobre pr\u00e1ticas agr\u00f4nomas florestais, essas englobam a parte de sustentabilidade, a parte econ\u00f4mica e permite com que o agricultor consiga renda ao longo de v\u00e1rias etapas durante o ano\u201d, explica a gestora ambiental.<\/p>\n<p>Yara Lopes, ressalta que \u00e9 preciso ir de at\u00e9 o homem do campo lhes apresentar possibilidades de trabalhar sem agredir o meio ambiente.<\/p>\n<p>\u201cA atua\u00e7\u00e3o da Secretaria de Meio Ambiente n\u00e3o fica restrito aos pr\u00e9dios da secretaria, ela vai de fato ao encontro do homem campo para que eles possam saber as novas tecnologias, as novas estrat\u00e9gias de plantio e a mesmo tempo possam estar preservando o meio ambiente\u201d, afirma Yara.<\/p>\n<p>No encontro com os agricultores tamb\u00e9m foi abordado os cuidados necess\u00e1rios para evitar inc\u00eandios. O Chefe da Brigada Municipal, Alexandre Nunes fala que as palestras j\u00e1 est\u00e3o sendo feitas nas comunidades, levando mais informa\u00e7\u00f5es sobre a problem\u00e1tica das queimadas.<\/p>\n<p>\u201cA gente come\u00e7ou esse trabalho de palestras nas comunidades para que a gente possam tentar reduzir o impacto ambiental que tem causado as queimadas em nosso munic\u00edpio. A gente traz esse conhecimento, ensinando eles a como fazer o manejo do fogo, como se trabalhar em um inc\u00eandio\u201d, disse o brigadista.<\/p>\n<p>O presidente do Sindicato dos Trabalhadores Rurais, o vereador Devaldo Nunes, tamb\u00e9m participou do encontro.<\/p>\n<p>\u201cQuero agradecer a presen\u00e7a dos agricultores que tiraram uma manh\u00e3 para dialogar com a Secretaria Municipal de Meio Ambiente junto com o Sindicato dos Trabalhadores Rurais, reunimos muita gente aqui tirando d\u00favidas sobre a quest\u00e3o ambiental\u201d, comenta Devaldo.<\/p>\n<p>O presidente ainda parabeniza o trabalho realizado pela Secretaria de Meio Ambiente com o apoio da gest\u00e3o municipal.<\/p>\n<p>\u201cQuero aproveitar para parabenizar nosso secret\u00e1rio de Meio Ambiente Adnan e o prefeito Marcelo Costa que \u00e9 preocupado com a quest\u00e3o ambiental tamb\u00e9m, de como produzir com qualidade de forma sustent\u00e1vel\u201d, destaca Devaldo Nunes.<\/p>\n<p>Ap\u00f3s a palestra, foram entregues mudas de plantas nativas para os assentados e instalados coletores de lixo na margem da lagoa.<\/p>\n<div class=\"ngg-galleryoverview\" id=\"1\">\n                    <div data-widget=\"Galeria\" data-props=\"{&quot;galeria&quot;:{&quot;max_page&quot;:3,&quot;total&quot;:48,&quot;gallery_id&quot;:1,&quot;images&quot;:[{&quot;thumbcode&quot;:&quot;https:\\\/\\\/portalv1.com.br\\\/app\\\/wp-content\\\/uploads\\\/2022\\\/04\\\/MG_0395-Copy-400x250.jpg&quot;,&quot;imageURL&quot;:&quot;https:\\\/\\\/portalv1.com.br\\\/app\\\/wp-content\\\/uploads\\\/2022\\\/04\\\/MG_0395-Copy.jpg&quot;,&quot;pid&quot;:115513,&quot;galleryid&quot;:1,&quot;description&quot;:&quot;&quot;,&quot;alttext&quot;:&quot;Secretaria de Meio Ambiente realiza palestra sobre pr\\u00e1ticas agr\\u00f4nomas florestais no Assentamento Lagoa do Luiz Nogueira&quot;,&quot;thumbnailURL&quot;:&quot;https:\\\/\\\/portalv1.com.br\\\/app\\\/wp-content\\\/uploads\\\/2022\\\/04\\\/MG_0395-Copy-400x250.jpg&quot;,&quot;style&quot;:&quot;&quot;},{&quot;thumbcode&quot;:&quot;https:\\\/\\\/portalv1.com.br\\\/app\\\/wp-content\\\/uploads\\\/2022\\\/04\\\/MG_0398-Copy-400x250.jpg&quot;,&quot;imageURL&quot;:&quot;https:\\\/\\\/portalv1.com.br\\\/app\\\/wp-content\\\/uploads\\\/2022\\\/04\\\/MG_0398-Copy.jpg&quot;,&quot;pid&quot;:115515,&quot;galleryid&quot;:1,&quot;description&quot;:&quot;&quot;,&quot;alttext&quot;:&quot;Secretaria de Meio Ambiente realiza palestra sobre pr\\u00e1ticas agr\\u00f4nomas florestais no Assentamento Lagoa do Luiz Nogueira&quot;,&quot;thumbnailURL&quot;:&quot;https:\\\/\\\/portalv1.com.br\\\/app\\\/wp-content\\\/uploads\\\/2022\\\/04\\\/MG_0398-Copy-400x250.jpg&quot;,&quot;style&quot;:&quot;&quot;},{&quot;thumbcode&quot;:&quot;https:\\\/\\\/portalv1.com.br\\\/app\\\/wp-content\\\/uploads\\\/2022\\\/04\\\/MG_0399-Copy-400x250.jpg&quot;,&quot;imageURL&quot;:&quot;https:\\\/\\\/portalv1.com.br\\\/app\\\/wp-content\\\/uploads\\\/2022\\\/04\\\/MG_0399-Copy.jpg&quot;,&quot;pid&quot;:115516,&quot;galleryid&quot;:1,&quot;description&quot;:&quot;&quot;,&quot;alttext&quot;:&quot;Secretaria de Meio Ambiente realiza palestra sobre pr\\u00e1ticas agr\\u00f4nomas florestais no Assentamento Lagoa do Luiz Nogueira&quot;,&quot;thumbnailURL&quot;:&quot;https:\\\/\\\/portalv1.com.br\\\/app\\\/wp-content\\\/uploads\\\/2022\\\/04\\\/MG_0399-Copy-400x250.jpg&quot;,&quot;style&quot;:&quot;&quot;},{&quot;thumbcode&quot;:&quot;https:\\\/\\\/portalv1.com.br\\\/app\\\/wp-content\\\/uploads\\\/2022\\\/04\\\/MG_0400-Copy-400x250.jpg&quot;,&quot;imageURL&quot;:&quot;https:\\\/\\\/portalv1.com.br\\\/app\\\/wp-content\\\/uploads\\\/2022\\\/04\\\/MG_0400-Copy.jpg&quot;,&quot;pid&quot;:115517,&quot;galleryid&quot;:1,&quot;description&quot;:&quot;&quot;,&quot;alttext&quot;:&quot;Secretaria de Meio Ambiente realiza palestra sobre pr\\u00e1ticas agr\\u00f4nomas florestais no Assentamento Lagoa do Luiz Nogueira&quot;,&quot;thumbnailURL&quot;:&quot;https:\\\/\\\/portalv1.com.br\\\/app\\\/wp-content\\\/uploads\\\/2022\\\/04\\\/MG_0400-Copy-400x250.jpg&quot;,&quot;style&quot;:&quot;&quot;},{&quot;thumbcode&quot;:&quot;https:\\\/\\\/portalv1.com.br\\\/app\\\/wp-content\\\/uploads\\\/2022\\\/04\\\/MG_0401-Copy-400x250.jpg&quot;,&quot;imageURL&quot;:&quot;https:\\\/\\\/portalv1.com.br\\\/app\\\/wp-content\\\/uploads\\\/2022\\\/04\\\/MG_0401-Copy.jpg&quot;,&quot;pid&quot;:115518,&quot;galleryid&quot;:1,&quot;description&quot;:&quot;&quot;,&quot;alttext&quot;:&quot;Secretaria de Meio Ambiente realiza palestra sobre pr\\u00e1ticas agr\\u00f4nomas florestais no Assentamento Lagoa do Luiz Nogueira&quot;,&quot;thumbnailURL&quot;:&quot;https:\\\/\\\/portalv1.com.br\\\/app\\\/wp-content\\\/uploads\\\/2022\\\/04\\\/MG_0401-Copy-400x250.jpg&quot;,&quot;style&quot;:&quot;&quot;},{&quot;thumbcode&quot;:&quot;https:\\\/\\\/portalv1.com.br\\\/app\\\/wp-content\\\/uploads\\\/2022\\\/04\\\/MG_0403-Copy-400x250.jpg&quot;,&quot;imageURL&quot;:&quot;https:\\\/\\\/portalv1.com.br\\\/app\\\/wp-content\\\/uploads\\\/2022\\\/04\\\/MG_0403-Copy.jpg&quot;,&quot;pid&quot;:115519,&quot;galleryid&quot;:1,&quot;description&quot;:&quot;&quot;,&quot;alttext&quot;:&quot;Secretaria de Meio Ambiente realiza palestra sobre pr\\u00e1ticas agr\\u00f4nomas florestais no Assentamento Lagoa do Luiz Nogueira&quot;,&quot;thumbnailURL&quot;:&quot;https:\\\/\\\/portalv1.com.br\\\/app\\\/wp-content\\\/uploads\\\/2022\\\/04\\\/MG_0403-Copy-400x250.jpg&quot;,&quot;style&quot;:&quot;&quot;},{&quot;thumbcode&quot;:&quot;https:\\\/\\\/portalv1.com.br\\\/app\\\/wp-content\\\/uploads\\\/2022\\\/04\\\/MG_0405-Copy-400x250.jpg&quot;,&quot;imageURL&quot;:&quot;https:\\\/\\\/portalv1.com.br\\\/app\\\/wp-content\\\/uploads\\\/2022\\\/04\\\/MG_0405-Copy.jpg&quot;,&quot;pid&quot;:115520,&quot;galleryid&quot;:1,&quot;description&quot;:&quot;&quot;,&quot;alttext&quot;:&quot;Secretaria de Meio Ambiente realiza palestra sobre pr\\u00e1ticas agr\\u00f4nomas florestais no Assentamento Lagoa do Luiz Nogueira&quot;,&quot;thumbnailURL&quot;:&quot;https:\\\/\\\/portalv1.com.br\\\/app\\\/wp-content\\\/uploads\\\/2022\\\/04\\\/MG_0405-Copy-400x250.jpg&quot;,&quot;style&quot;:&quot;&quot;},{&quot;thumbcode&quot;:&quot;https:\\\/\\\/portalv1.com.br\\\/app\\\/wp-content\\\/uploads\\\/2022\\\/04\\\/MG_0406-Copy-400x250.jpg&quot;,&quot;imageURL&quot;:&quot;https:\\\/\\\/portalv1.com.br\\\/app\\\/wp-content\\\/uploads\\\/2022\\\/04\\\/MG_0406-Copy.jpg&quot;,&quot;pid&quot;:115521,&quot;galleryid&quot;:1,&quot;description&quot;:&quot;&quot;,&quot;alttext&quot;:&quot;Secretaria de Meio Ambiente realiza palestra sobre pr\\u00e1ticas agr\\u00f4nomas florestais no Assentamento Lagoa do Luiz Nogueira&quot;,&quot;thumbnailURL&quot;:&quot;https:\\\/\\\/portalv1.com.br\\\/app\\\/wp-content\\\/uploads\\\/2022\\\/04\\\/MG_0406-Copy-400x250.jpg&quot;,&quot;style&quot;:&quot;&quot;},{&quot;thumbcode&quot;:&quot;https:\\\/\\\/portalv1.com.br\\\/app\\\/wp-content\\\/uploads\\\/2022\\\/04\\\/MG_0407-Copy-400x250.jpg&quot;,&quot;imageURL&quot;:&quot;https:\\\/\\\/portalv1.com.br\\\/app\\\/wp-content\\\/uploads\\\/2022\\\/04\\\/MG_0407-Copy.jpg&quot;,&quot;pid&quot;:115522,&quot;galleryid&quot;:1,&quot;description&quot;:&quot;&quot;,&quot;alttext&quot;:&quot;Secretaria de Meio Ambiente realiza palestra sobre pr\\u00e1ticas agr\\u00f4nomas florestais no Assentamento Lagoa do Luiz Nogueira&quot;,&quot;thumbnailURL&quot;:&quot;https:\\\/\\\/portalv1.com.br\\\/app\\\/wp-content\\\/uploads\\\/2022\\\/04\\\/MG_0407-Copy-400x250.jpg&quot;,&quot;style&quot;:&quot;&quot;},{&quot;thumbcode&quot;:&quot;https:\\\/\\\/portalv1.com.br\\\/app\\\/wp-content\\\/uploads\\\/2022\\\/04\\\/MG_0408-Copy-400x250.jpg&quot;,&quot;imageURL&quot;:&quot;https:\\\/\\\/portalv1.com.br\\\/app\\\/wp-content\\\/uploads\\\/2022\\\/04\\\/MG_0408-Copy.jpg&quot;,&quot;pid&quot;:115523,&quot;galleryid&quot;:1,&quot;description&quot;:&quot;&quot;,&quot;alttext&quot;:&quot;Secretaria de Meio Ambiente realiza palestra sobre pr\\u00e1ticas agr\\u00f4nomas florestais no Assentamento Lagoa do Luiz Nogueira&quot;,&quot;thumbnailURL&quot;:&quot;https:\\\/\\\/portalv1.com.br\\\/app\\\/wp-content\\\/uploads\\\/2022\\\/04\\\/MG_0408-Copy-400x250.jpg&quot;,&quot;style&quot;:&quot;&quot;},{&quot;thumbcode&quot;:&quot;https:\\\/\\\/portalv1.com.br\\\/app\\\/wp-content\\\/uploads\\\/2022\\\/04\\\/MG_0410-Copy-400x250.jpg&quot;,&quot;imageURL&quot;:&quot;https:\\\/\\\/portalv1.com.br\\\/app\\\/wp-content\\\/uploads\\\/2022\\\/04\\\/MG_0410-Copy.jpg&quot;,&quot;pid&quot;:115524,&quot;galleryid&quot;:1,&quot;description&quot;:&quot;&quot;,&quot;alttext&quot;:&quot;Secretaria de Meio Ambiente realiza palestra sobre pr\\u00e1ticas agr\\u00f4nomas florestais no Assentamento Lagoa do Luiz Nogueira&quot;,&quot;thumbnailURL&quot;:&quot;https:\\\/\\\/portalv1.com.br\\\/app\\\/wp-content\\\/uploads\\\/2022\\\/04\\\/MG_0410-Copy-400x250.jpg&quot;,&quot;style&quot;:&quot;&quot;},{&quot;thumbcode&quot;:&quot;https:\\\/\\\/portalv1.com.br\\\/app\\\/wp-content\\\/uploads\\\/2022\\\/04\\\/MG_0423-Copy-400x250.jpg&quot;,&quot;imageURL&quot;:&quot;https:\\\/\\\/portalv1.com.br\\\/app\\\/wp-content\\\/uploads\\\/2022\\\/04\\\/MG_0423-Copy.jpg&quot;,&quot;pid&quot;:115527,&quot;galleryid&quot;:1,&quot;description&quot;:&quot;&quot;,&quot;alttext&quot;:&quot;Secretaria de Meio Ambiente realiza palestra sobre pr\\u00e1ticas agr\\u00f4nomas florestais no Assentamento Lagoa do Luiz Nogueira&quot;,&quot;thumbnailURL&quot;:&quot;https:\\\/\\\/portalv1.com.br\\\/app\\\/wp-content\\\/uploads\\\/2022\\\/04\\\/MG_0423-Copy-400x250.jpg&quot;,&quot;style&quot;:&quot;&quot;},{&quot;thumbcode&quot;:&quot;https:\\\/\\\/portalv1.com.br\\\/app\\\/wp-content\\\/uploads\\\/2022\\\/04\\\/MG_0426-Copy-400x250.jpg&quot;,&quot;imageURL&quot;:&quot;https:\\\/\\\/portalv1.com.br\\\/app\\\/wp-content\\\/uploads\\\/2022\\\/04\\\/MG_0426-Copy.jpg&quot;,&quot;pid&quot;:115528,&quot;galleryid&quot;:1,&quot;description&quot;:&quot;&quot;,&quot;alttext&quot;:&quot;Secretaria de Meio Ambiente realiza palestra sobre pr\\u00e1ticas agr\\u00f4nomas florestais no Assentamento Lagoa do Luiz Nogueira&quot;,&quot;thumbnailURL&quot;:&quot;https:\\\/\\\/portalv1.com.br\\\/app\\\/wp-content\\\/uploads\\\/2022\\\/04\\\/MG_0426-Copy-400x250.jpg&quot;,&quot;style&quot;:&quot;&quot;},{&quot;thumbcode&quot;:&quot;https:\\\/\\\/portalv1.com.br\\\/app\\\/wp-content\\\/uploads\\\/2022\\\/04\\\/MG_0427-Copy-400x250.jpg&quot;,&quot;imageURL&quot;:&quot;https:\\\/\\\/portalv1.com.br\\\/app\\\/wp-content\\\/uploads\\\/2022\\\/04\\\/MG_0427-Copy.jpg&quot;,&quot;pid&quot;:115529,&quot;galleryid&quot;:1,&quot;description&quot;:&quot;&quot;,&quot;alttext&quot;:&quot;Secretaria de Meio Ambiente realiza palestra sobre pr\\u00e1ticas agr\\u00f4nomas florestais no Assentamento Lagoa do Luiz Nogueira&quot;,&quot;thumbnailURL&quot;:&quot;https:\\\/\\\/portalv1.com.br\\\/app\\\/wp-content\\\/uploads\\\/2022\\\/04\\\/MG_0427-Copy-400x250.jpg&quot;,&quot;style&quot;:&quot;&quot;},{&quot;thumbcode&quot;:&quot;https:\\\/\\\/portalv1.com.br\\\/app\\\/wp-content\\\/uploads\\\/2022\\\/04\\\/MG_0428-Copy-400x250.jpg&quot;,&quot;imageURL&quot;:&quot;https:\\\/\\\/portalv1.com.br\\\/app\\\/wp-content\\\/uploads\\\/2022\\\/04\\\/MG_0428-Copy.jpg&quot;,&quot;pid&quot;:115530,&quot;galleryid&quot;:1,&quot;description&quot;:&quot;&quot;,&quot;alttext&quot;:&quot;Secretaria de Meio Ambiente realiza palestra sobre pr\\u00e1ticas agr\\u00f4nomas florestais no Assentamento Lagoa do Luiz Nogueira&quot;,&quot;thumbnailURL&quot;:&quot;https:\\\/\\\/portalv1.com.br\\\/app\\\/wp-content\\\/uploads\\\/2022\\\/04\\\/MG_0428-Copy-400x250.jpg&quot;,&quot;style&quot;:&quot;&quot;},{&quot;thumbcode&quot;:&quot;https:\\\/\\\/portalv1.com.br\\\/app\\\/wp-content\\\/uploads\\\/2022\\\/04\\\/MG_0429-Copy-400x250.jpg&quot;,&quot;imageURL&quot;:&quot;https:\\\/\\\/portalv1.com.br\\\/app\\\/wp-content\\\/uploads\\\/2022\\\/04\\\/MG_0429-Copy.jpg&quot;,&quot;pid&quot;:115531,&quot;galleryid&quot;:1,&quot;description&quot;:&quot;&quot;,&quot;alttext&quot;:&quot;Secretaria de Meio Ambiente realiza palestra sobre pr\\u00e1ticas agr\\u00f4nomas florestais no Assentamento Lagoa do Luiz Nogueira&quot;,&quot;thumbnailURL&quot;:&quot;https:\\\/\\\/portalv1.com.br\\\/app\\\/wp-content\\\/uploads\\\/2022\\\/04\\\/MG_0429-Copy-400x250.jpg&quot;,&quot;style&quot;:&quot;&quot;},{&quot;thumbcode&quot;:&quot;https:\\\/\\\/portalv1.com.br\\\/app\\\/wp-content\\\/uploads\\\/2022\\\/04\\\/MG_0430-Copy-400x250.jpg&quot;,&quot;imageURL&quot;:&quot;https:\\\/\\\/portalv1.com.br\\\/app\\\/wp-content\\\/uploads\\\/2022\\\/04\\\/MG_0430-Copy.jpg&quot;,&quot;pid&quot;:115532,&quot;galleryid&quot;:1,&quot;description&quot;:&quot;&quot;,&quot;alttext&quot;:&quot;Secretaria de Meio Ambiente realiza palestra sobre pr\\u00e1ticas agr\\u00f4nomas florestais no Assentamento Lagoa do Luiz Nogueira&quot;,&quot;thumbnailURL&quot;:&quot;https:\\\/\\\/portalv1.com.br\\\/app\\\/wp-content\\\/uploads\\\/2022\\\/04\\\/MG_0430-Copy-400x250.jpg&quot;,&quot;style&quot;:&quot;&quot;},{&quot;thumbcode&quot;:&quot;https:\\\/\\\/portalv1.com.br\\\/app\\\/wp-content\\\/uploads\\\/2022\\\/04\\\/MG_0431-Copy-400x250.jpg&quot;,&quot;imageURL&quot;:&quot;https:\\\/\\\/portalv1.com.br\\\/app\\\/wp-content\\\/uploads\\\/2022\\\/04\\\/MG_0431-Copy.jpg&quot;,&quot;pid&quot;:115533,&quot;galleryid&quot;:1,&quot;description&quot;:&quot;&quot;,&quot;alttext&quot;:&quot;Secretaria de Meio Ambiente realiza palestra sobre pr\\u00e1ticas agr\\u00f4nomas florestais no Assentamento Lagoa do Luiz Nogueira&quot;,&quot;thumbnailURL&quot;:&quot;https:\\\/\\\/portalv1.com.br\\\/app\\\/wp-content\\\/uploads\\\/2022\\\/04\\\/MG_0431-Copy-400x250.jpg&quot;,&quot;style&quot;:&quot;&quot;},{&quot;thumbcode&quot;:&quot;https:\\\/\\\/portalv1.com.br\\\/app\\\/wp-content\\\/uploads\\\/2022\\\/04\\\/MG_0433-Copy-400x250.jpg&quot;,&quot;imageURL&quot;:&quot;https:\\\/\\\/portalv1.com.br\\\/app\\\/wp-content\\\/uploads\\\/2022\\\/04\\\/MG_0433-Copy.jpg&quot;,&quot;pid&quot;:115534,&quot;galleryid&quot;:1,&quot;description&quot;:&quot;&quot;,&quot;alttext&quot;:&quot;Secretaria de Meio Ambiente realiza palestra sobre pr\\u00e1ticas agr\\u00f4nomas florestais no Assentamento Lagoa do Luiz Nogueira&quot;,&quot;thumbnailURL&quot;:&quot;https:\\\/\\\/portalv1.com.br\\\/app\\\/wp-content\\\/uploads\\\/2022\\\/04\\\/MG_0433-Copy-400x250.jpg&quot;,&quot;style&quot;:&quot;&quot;},{&quot;thumbcode&quot;:&quot;https:\\\/\\\/portalv1.com.br\\\/app\\\/wp-content\\\/uploads\\\/2022\\\/04\\\/MG_0435-Copy-400x250.jpg&quot;,&quot;imageURL&quot;:&quot;https:\\\/\\\/portalv1.com.br\\\/app\\\/wp-content\\\/uploads\\\/2022\\\/04\\\/MG_0435-Copy.jpg&quot;,&quot;pid&quot;:115535,&quot;galleryid&quot;:1,&quot;description&quot;:&quot;&quot;,&quot;alttext&quot;:&quot;Secretaria de Meio Ambiente realiza palestra sobre pr\\u00e1ticas agr\\u00f4nomas florestais no Assentamento Lagoa do Luiz Nogueira&quot;,&quot;thumbnailURL&quot;:&quot;https:\\\/\\\/portalv1.com.br\\\/app\\\/wp-content\\\/uploads\\\/2022\\\/04\\\/MG_0435-Copy-400x250.jpg&quot;,&quot;style&quot;:&quot;&quot;},{&quot;thumbcode&quot;:&quot;https:\\\/\\\/portalv1.com.br\\\/app\\\/wp-content\\\/uploads\\\/2022\\\/04\\\/MG_0436-Copy-400x250.jpg&quot;,&quot;imageURL&quot;:&quot;https:\\\/\\\/portalv1.com.br\\\/app\\\/wp-content\\\/uploads\\\/2022\\\/04\\\/MG_0436-Copy.jpg&quot;,&quot;pid&quot;:115536,&quot;galleryid&quot;:1,&quot;description&quot;:&quot;&quot;,&quot;alttext&quot;:&quot;Secretaria de Meio Ambiente realiza palestra sobre pr\\u00e1ticas agr\\u00f4nomas florestais no Assentamento Lagoa do Luiz Nogueira&quot;,&quot;thumbnailURL&quot;:&quot;https:\\\/\\\/portalv1.com.br\\\/app\\\/wp-content\\\/uploads\\\/2022\\\/04\\\/MG_0436-Copy-400x250.jpg&quot;,&quot;style&quot;:&quot;&quot;},{&quot;thumbcode&quot;:&quot;https:\\\/\\\/portalv1.com.br\\\/app\\\/wp-content\\\/uploads\\\/2022\\\/04\\\/MG_0437-Copy-400x250.jpg&quot;,&quot;imageURL&quot;:&quot;https:\\\/\\\/portalv1.com.br\\\/app\\\/wp-content\\\/uploads\\\/2022\\\/04\\\/MG_0437-Copy.jpg&quot;,&quot;pid&quot;:115537,&quot;galleryid&quot;:1,&quot;description&quot;:&quot;&quot;,&quot;alttext&quot;:&quot;Secretaria de Meio Ambiente realiza palestra sobre pr\\u00e1ticas agr\\u00f4nomas florestais no Assentamento Lagoa do Luiz Nogueira&quot;,&quot;thumbnailURL&quot;:&quot;https:\\\/\\\/portalv1.com.br\\\/app\\\/wp-content\\\/uploads\\\/2022\\\/04\\\/MG_0437-Copy-400x250.jpg&quot;,&quot;style&quot;:&quot;&quot;},{&quot;thumbcode&quot;:&quot;https:\\\/\\\/portalv1.com.br\\\/app\\\/wp-content\\\/uploads\\\/2022\\\/04\\\/MG_0446-Copy-400x250.jpg&quot;,&quot;imageURL&quot;:&quot;https:\\\/\\\/portalv1.com.br\\\/app\\\/wp-content\\\/uploads\\\/2022\\\/04\\\/MG_0446-Copy.jpg&quot;,&quot;pid&quot;:115538,&quot;galleryid&quot;:1,&quot;description&quot;:&quot;&quot;,&quot;alttext&quot;:&quot;Secretaria de Meio Ambiente realiza palestra sobre pr\\u00e1ticas agr\\u00f4nomas florestais no Assentamento Lagoa do Luiz Nogueira&quot;,&quot;thumbnailURL&quot;:&quot;https:\\\/\\\/portalv1.com.br\\\/app\\\/wp-content\\\/uploads\\\/2022\\\/04\\\/MG_0446-Copy-400x250.jpg&quot;,&quot;style&quot;:&quot;&quot;},{&quot;thumbcode&quot;:&quot;https:\\\/\\\/portalv1.com.br\\\/app\\\/wp-content\\\/uploads\\\/2022\\\/04\\\/MG_0447-Copy-400x250.jpg&quot;,&quot;imageURL&quot;:&quot;https:\\\/\\\/portalv1.com.br\\\/app\\\/wp-content\\\/uploads\\\/2022\\\/04\\\/MG_0447-Copy.jpg&quot;,&quot;pid&quot;:115539,&quot;galleryid&quot;:1,&quot;description&quot;:&quot;&quot;,&quot;alttext&quot;:&quot;Secretaria de Meio Ambiente realiza palestra sobre pr\\u00e1ticas agr\\u00f4nomas florestais no Assentamento Lagoa do Luiz Nogueira&quot;,&quot;thumbnailURL&quot;:&quot;https:\\\/\\\/portalv1.com.br\\\/app\\\/wp-content\\\/uploads\\\/2022\\\/04\\\/MG_0447-Copy-400x250.jpg&quot;,&quot;style&quot;:&quot;&quot;},{&quot;thumbcode&quot;:&quot;https:\\\/\\\/portalv1.com.br\\\/app\\\/wp-content\\\/uploads\\\/2022\\\/04\\\/MG_0452-Copy-400x250.jpg&quot;,&quot;imageURL&quot;:&quot;https:\\\/\\\/portalv1.com.br\\\/app\\\/wp-content\\\/uploads\\\/2022\\\/04\\\/MG_0452-Copy.jpg&quot;,&quot;pid&quot;:115541,&quot;galleryid&quot;:1,&quot;description&quot;:&quot;&quot;,&quot;alttext&quot;:&quot;Secretaria de Meio Ambiente realiza palestra sobre pr\\u00e1ticas agr\\u00f4nomas florestais no Assentamento Lagoa do Luiz Nogueira&quot;,&quot;thumbnailURL&quot;:&quot;https:\\\/\\\/portalv1.com.br\\\/app\\\/wp-content\\\/uploads\\\/2022\\\/04\\\/MG_0452-Copy-400x250.jpg&quot;,&quot;style&quot;:&quot;&quot;},{&quot;thumbcode&quot;:&quot;https:\\\/\\\/portalv1.com.br\\\/app\\\/wp-content\\\/uploads\\\/2022\\\/04\\\/MG_0454-Copy-400x250.jpg&quot;,&quot;imageURL&quot;:&quot;https:\\\/\\\/portalv1.com.br\\\/app\\\/wp-content\\\/uploads\\\/2022\\\/04\\\/MG_0454-Copy.jpg&quot;,&quot;pid&quot;:115542,&quot;galleryid&quot;:1,&quot;description&quot;:&quot;&quot;,&quot;alttext&quot;:&quot;Secretaria de Meio Ambiente realiza palestra sobre pr\\u00e1ticas agr\\u00f4nomas florestais no Assentamento Lagoa do Luiz Nogueira&quot;,&quot;thumbnailURL&quot;:&quot;https:\\\/\\\/portalv1.com.br\\\/app\\\/wp-content\\\/uploads\\\/2022\\\/04\\\/MG_0454-Copy-400x250.jpg&quot;,&quot;style&quot;:&quot;&quot;},{&quot;thumbcode&quot;:&quot;https:\\\/\\\/portalv1.com.br\\\/app\\\/wp-content\\\/uploads\\\/2022\\\/04\\\/MG_0460-Copy-400x250.jpg&quot;,&quot;imageURL&quot;:&quot;https:\\\/\\\/portalv1.com.br\\\/app\\\/wp-content\\\/uploads\\\/2022\\\/04\\\/MG_0460-Copy.jpg&quot;,&quot;pid&quot;:115544,&quot;galleryid&quot;:1,&quot;description&quot;:&quot;&quot;,&quot;alttext&quot;:&quot;Secretaria de Meio Ambiente realiza palestra sobre pr\\u00e1ticas agr\\u00f4nomas florestais no Assentamento Lagoa do Luiz Nogueira&quot;,&quot;thumbnailURL&quot;:&quot;https:\\\/\\\/portalv1.com.br\\\/app\\\/wp-content\\\/uploads\\\/2022\\\/04\\\/MG_0460-Copy-400x250.jpg&quot;,&quot;style&quot;:&quot;&quot;},{&quot;thumbcode&quot;:&quot;https:\\\/\\\/portalv1.com.br\\\/app\\\/wp-content\\\/uploads\\\/2022\\\/04\\\/MG_0463-Copy-400x250.jpg&quot;,&quot;imageURL&quot;:&quot;https:\\\/\\\/portalv1.com.br\\\/app\\\/wp-content\\\/uploads\\\/2022\\\/04\\\/MG_0463-Copy.jpg&quot;,&quot;pid&quot;:115545,&quot;galleryid&quot;:1,&quot;description&quot;:&quot;&quot;,&quot;alttext&quot;:&quot;Secretaria de Meio Ambiente realiza palestra sobre pr\\u00e1ticas agr\\u00f4nomas florestais no Assentamento Lagoa do Luiz Nogueira&quot;,&quot;thumbnailURL&quot;:&quot;https:\\\/\\\/portalv1.com.br\\\/app\\\/wp-content\\\/uploads\\\/2022\\\/04\\\/MG_0463-Copy-400x250.jpg&quot;,&quot;style&quot;:&quot;&quot;},{&quot;thumbcode&quot;:&quot;https:\\\/\\\/portalv1.com.br\\\/app\\\/wp-content\\\/uploads\\\/2022\\\/04\\\/MG_0464-Copy-400x250.jpg&quot;,&quot;imageURL&quot;:&quot;https:\\\/\\\/portalv1.com.br\\\/app\\\/wp-content\\\/uploads\\\/2022\\\/04\\\/MG_0464-Copy.jpg&quot;,&quot;pid&quot;:115546,&quot;galleryid&quot;:1,&quot;description&quot;:&quot;&quot;,&quot;alttext&quot;:&quot;Secretaria de Meio Ambiente realiza palestra sobre pr\\u00e1ticas agr\\u00f4nomas florestais no Assentamento Lagoa do Luiz Nogueira&quot;,&quot;thumbnailURL&quot;:&quot;https:\\\/\\\/portalv1.com.br\\\/app\\\/wp-content\\\/uploads\\\/2022\\\/04\\\/MG_0464-Copy-400x250.jpg&quot;,&quot;style&quot;:&quot;&quot;},{&quot;thumbcode&quot;:&quot;https:\\\/\\\/portalv1.com.br\\\/app\\\/wp-content\\\/uploads\\\/2022\\\/04\\\/MG_0466-Copy-400x250.jpg&quot;,&quot;imageURL&quot;:&quot;https:\\\/\\\/portalv1.com.br\\\/app\\\/wp-content\\\/uploads\\\/2022\\\/04\\\/MG_0466-Copy.jpg&quot;,&quot;pid&quot;:115547,&quot;galleryid&quot;:1,&quot;description&quot;:&quot;&quot;,&quot;alttext&quot;:&quot;Secretaria de Meio Ambiente realiza palestra sobre pr\\u00e1ticas agr\\u00f4nomas florestais no Assentamento Lagoa do Luiz Nogueira&quot;,&quot;thumbnailURL&quot;:&quot;https:\\\/\\\/portalv1.com.br\\\/app\\\/wp-content\\\/uploads\\\/2022\\\/04\\\/MG_0466-Copy-400x250.jpg&quot;,&quot;style&quot;:&quot;&quot;},{&quot;thumbcode&quot;:&quot;https:\\\/\\\/portalv1.com.br\\\/app\\\/wp-content\\\/uploads\\\/2022\\\/04\\\/MG_0472-Copy-400x250.jpg&quot;,&quot;imageURL&quot;:&quot;https:\\\/\\\/portalv1.com.br\\\/app\\\/wp-content\\\/uploads\\\/2022\\\/04\\\/MG_0472-Copy.jpg&quot;,&quot;pid&quot;:115549,&quot;galleryid&quot;:1,&quot;description&quot;:&quot;&quot;,&quot;alttext&quot;:&quot;Secretaria de Meio Ambiente realiza palestra sobre pr\\u00e1ticas agr\\u00f4nomas florestais no Assentamento Lagoa do Luiz Nogueira&quot;,&quot;thumbnailURL&quot;:&quot;https:\\\/\\\/portalv1.com.br\\\/app\\\/wp-content\\\/uploads\\\/2022\\\/04\\\/MG_0472-Copy-400x250.jpg&quot;,&quot;style&quot;:&quot;&quot;},{&quot;thumbcode&quot;:&quot;https:\\\/\\\/portalv1.com.br\\\/app\\\/wp-content\\\/uploads\\\/2022\\\/04\\\/MG_0474-Copy-400x250.jpg&quot;,&quot;imageURL&quot;:&quot;https:\\\/\\\/portalv1.com.br\\\/app\\\/wp-content\\\/uploads\\\/2022\\\/04\\\/MG_0474-Copy.jpg&quot;,&quot;pid&quot;:115550,&quot;galleryid&quot;:1,&quot;description&quot;:&quot;&quot;,&quot;alttext&quot;:&quot;Secretaria de Meio Ambiente realiza palestra sobre pr\\u00e1ticas agr\\u00f4nomas florestais no Assentamento Lagoa do Luiz Nogueira&quot;,&quot;thumbnailURL&quot;:&quot;https:\\\/\\\/portalv1.com.br\\\/app\\\/wp-content\\\/uploads\\\/2022\\\/04\\\/MG_0474-Copy-400x250.jpg&quot;,&quot;style&quot;:&quot;&quot;},{&quot;thumbcode&quot;:&quot;https:\\\/\\\/portalv1.com.br\\\/app\\\/wp-content\\\/uploads\\\/2022\\\/04\\\/MG_0479-Copy-400x250.jpg&quot;,&quot;imageURL&quot;:&quot;https:\\\/\\\/portalv1.com.br\\\/app\\\/wp-content\\\/uploads\\\/2022\\\/04\\\/MG_0479-Copy.jpg&quot;,&quot;pid&quot;:115551,&quot;galleryid&quot;:1,&quot;description&quot;:&quot;&quot;,&quot;alttext&quot;:&quot;Secretaria de Meio Ambiente realiza palestra sobre pr\\u00e1ticas agr\\u00f4nomas florestais no Assentamento Lagoa do Luiz Nogueira&quot;,&quot;thumbnailURL&quot;:&quot;https:\\\/\\\/portalv1.com.br\\\/app\\\/wp-content\\\/uploads\\\/2022\\\/04\\\/MG_0479-Copy-400x250.jpg&quot;,&quot;style&quot;:&quot;&quot;},{&quot;thumbcode&quot;:&quot;https:\\\/\\\/portalv1.com.br\\\/app\\\/wp-content\\\/uploads\\\/2022\\\/04\\\/MG_0481-Copy-400x250.jpg&quot;,&quot;imageURL&quot;:&quot;https:\\\/\\\/portalv1.com.br\\\/app\\\/wp-content\\\/uploads\\\/2022\\\/04\\\/MG_0481-Copy.jpg&quot;,&quot;pid&quot;:115552,&quot;galleryid&quot;:1,&quot;description&quot;:&quot;&quot;,&quot;alttext&quot;:&quot;Secretaria de Meio Ambiente realiza palestra sobre pr\\u00e1ticas agr\\u00f4nomas florestais no Assentamento Lagoa do Luiz Nogueira&quot;,&quot;thumbnailURL&quot;:&quot;https:\\\/\\\/portalv1.com.br\\\/app\\\/wp-content\\\/uploads\\\/2022\\\/04\\\/MG_0481-Copy-400x250.jpg&quot;,&quot;style&quot;:&quot;&quot;},{&quot;thumbcode&quot;:&quot;https:\\\/\\\/portalv1.com.br\\\/app\\\/wp-content\\\/uploads\\\/2022\\\/04\\\/MG_0482-Copy-400x250.jpg&quot;,&quot;imageURL&quot;:&quot;https:\\\/\\\/portalv1.com.br\\\/app\\\/wp-content\\\/uploads\\\/2022\\\/04\\\/MG_0482-Copy.jpg&quot;,&quot;pid&quot;:115553,&quot;galleryid&quot;:1,&quot;description&quot;:&quot;&quot;,&quot;alttext&quot;:&quot;Secretaria de Meio Ambiente realiza palestra sobre pr\\u00e1ticas agr\\u00f4nomas florestais no Assentamento Lagoa do Luiz Nogueira&quot;,&quot;thumbnailURL&quot;:&quot;https:\\\/\\\/portalv1.com.br\\\/app\\\/wp-content\\\/uploads\\\/2022\\\/04\\\/MG_0482-Copy-400x250.jpg&quot;,&quot;style&quot;:&quot;&quot;},{&quot;thumbcode&quot;:&quot;https:\\\/\\\/portalv1.com.br\\\/app\\\/wp-content\\\/uploads\\\/2022\\\/04\\\/MG_0483-Copy-400x250.jpg&quot;,&quot;imageURL&quot;:&quot;https:\\\/\\\/portalv1.com.br\\\/app\\\/wp-content\\\/uploads\\\/2022\\\/04\\\/MG_0483-Copy.jpg&quot;,&quot;pid&quot;:115554,&quot;galleryid&quot;:1,&quot;description&quot;:&quot;&quot;,&quot;alttext&quot;:&quot;Secretaria de Meio Ambiente realiza palestra sobre pr\\u00e1ticas agr\\u00f4nomas florestais no Assentamento Lagoa do Luiz Nogueira&quot;,&quot;thumbnailURL&quot;:&quot;https:\\\/\\\/portalv1.com.br\\\/app\\\/wp-content\\\/uploads\\\/2022\\\/04\\\/MG_0483-Copy-400x250.jpg&quot;,&quot;style&quot;:&quot;&quot;},{&quot;thumbcode&quot;:&quot;https:\\\/\\\/portalv1.com.br\\\/app\\\/wp-content\\\/uploads\\\/2022\\\/04\\\/MG_0485-Copy-400x250.jpg&quot;,&quot;imageURL&quot;:&quot;https:\\\/\\\/portalv1.com.br\\\/app\\\/wp-content\\\/uploads\\\/2022\\\/04\\\/MG_0485-Copy.jpg&quot;,&quot;pid&quot;:115555,&quot;galleryid&quot;:1,&quot;description&quot;:&quot;&quot;,&quot;alttext&quot;:&quot;Secretaria de Meio Ambiente realiza palestra sobre pr\\u00e1ticas agr\\u00f4nomas florestais no Assentamento Lagoa do Luiz Nogueira&quot;,&quot;thumbnailURL&quot;:&quot;https:\\\/\\\/portalv1.com.br\\\/app\\\/wp-content\\\/uploads\\\/2022\\\/04\\\/MG_0485-Copy-400x250.jpg&quot;,&quot;style&quot;:&quot;&quot;},{&quot;thumbcode&quot;:&quot;https:\\\/\\\/portalv1.com.br\\\/app\\\/wp-content\\\/uploads\\\/2022\\\/04\\\/MG_0486-Copy-400x250.jpg&quot;,&quot;imageURL&quot;:&quot;https:\\\/\\\/portalv1.com.br\\\/app\\\/wp-content\\\/uploads\\\/2022\\\/04\\\/MG_0486-Copy.jpg&quot;,&quot;pid&quot;:115556,&quot;galleryid&quot;:1,&quot;description&quot;:&quot;&quot;,&quot;alttext&quot;:&quot;Secretaria de Meio Ambiente realiza palestra sobre pr\\u00e1ticas agr\\u00f4nomas florestais no Assentamento Lagoa do Luiz Nogueira&quot;,&quot;thumbnailURL&quot;:&quot;https:\\\/\\\/portalv1.com.br\\\/app\\\/wp-content\\\/uploads\\\/2022\\\/04\\\/MG_0486-Copy-400x250.jpg&quot;,&quot;style&quot;:&quot;&quot;},{&quot;thumbcode&quot;:&quot;https:\\\/\\\/portalv1.com.br\\\/app\\\/wp-content\\\/uploads\\\/2022\\\/04\\\/MG_0490-Copy-400x250.jpg&quot;,&quot;imageURL&quot;:&quot;https:\\\/\\\/portalv1.com.br\\\/app\\\/wp-content\\\/uploads\\\/2022\\\/04\\\/MG_0490-Copy.jpg&quot;,&quot;pid&quot;:115557,&quot;galleryid&quot;:1,&quot;description&quot;:&quot;&quot;,&quot;alttext&quot;:&quot;Secretaria de Meio Ambiente realiza palestra sobre pr\\u00e1ticas agr\\u00f4nomas florestais no Assentamento Lagoa do Luiz Nogueira&quot;,&quot;thumbnailURL&quot;:&quot;https:\\\/\\\/portalv1.com.br\\\/app\\\/wp-content\\\/uploads\\\/2022\\\/04\\\/MG_0490-Copy-400x250.jpg&quot;,&quot;style&quot;:&quot;&quot;},{&quot;thumbcode&quot;:&quot;https:\\\/\\\/portalv1.com.br\\\/app\\\/wp-content\\\/uploads\\\/2022\\\/04\\\/MG_0491-Copy-400x250.jpg&quot;,&quot;imageURL&quot;:&quot;https:\\\/\\\/portalv1.com.br\\\/app\\\/wp-content\\\/uploads\\\/2022\\\/04\\\/MG_0491-Copy.jpg&quot;,&quot;pid&quot;:115558,&quot;galleryid&quot;:1,&quot;description&quot;:&quot;&quot;,&quot;alttext&quot;:&quot;Secretaria de Meio Ambiente realiza palestra sobre pr\\u00e1ticas agr\\u00f4nomas florestais no Assentamento Lagoa do Luiz Nogueira&quot;,&quot;thumbnailURL&quot;:&quot;https:\\\/\\\/portalv1.com.br\\\/app\\\/wp-content\\\/uploads\\\/2022\\\/04\\\/MG_0491-Copy-400x250.jpg&quot;,&quot;style&quot;:&quot;&quot;},{&quot;thumbcode&quot;:&quot;https:\\\/\\\/portalv1.com.br\\\/app\\\/wp-content\\\/uploads\\\/2022\\\/04\\\/MG_0493-Copy-400x250.jpg&quot;,&quot;imageURL&quot;:&quot;https:\\\/\\\/portalv1.com.br\\\/app\\\/wp-content\\\/uploads\\\/2022\\\/04\\\/MG_0493-Copy.jpg&quot;,&quot;pid&quot;:115559,&quot;galleryid&quot;:1,&quot;description&quot;:&quot;&quot;,&quot;alttext&quot;:&quot;Secretaria de Meio Ambiente realiza palestra sobre pr\\u00e1ticas agr\\u00f4nomas florestais no Assentamento Lagoa do Luiz Nogueira&quot;,&quot;thumbnailURL&quot;:&quot;https:\\\/\\\/portalv1.com.br\\\/app\\\/wp-content\\\/uploads\\\/2022\\\/04\\\/MG_0493-Copy-400x250.jpg&quot;,&quot;style&quot;:&quot;&quot;},{&quot;thumbcode&quot;:&quot;https:\\\/\\\/portalv1.com.br\\\/app\\\/wp-content\\\/uploads\\\/2022\\\/04\\\/MG_0496-Copy-400x250.jpg&quot;,&quot;imageURL&quot;:&quot;https:\\\/\\\/portalv1.com.br\\\/app\\\/wp-content\\\/uploads\\\/2022\\\/04\\\/MG_0496-Copy.jpg&quot;,&quot;pid&quot;:115560,&quot;galleryid&quot;:1,&quot;description&quot;:&quot;&quot;,&quot;alttext&quot;:&quot;Secretaria de Meio Ambiente realiza palestra sobre pr\\u00e1ticas agr\\u00f4nomas florestais no Assentamento Lagoa do Luiz Nogueira&quot;,&quot;thumbnailURL&quot;:&quot;https:\\\/\\\/portalv1.com.br\\\/app\\\/wp-content\\\/uploads\\\/2022\\\/04\\\/MG_0496-Copy-400x250.jpg&quot;,&quot;style&quot;:&quot;&quot;},{&quot;thumbcode&quot;:&quot;https:\\\/\\\/portalv1.com.br\\\/app\\\/wp-content\\\/uploads\\\/2022\\\/04\\\/MG_0501-Copy-400x250.jpg&quot;,&quot;imageURL&quot;:&quot;https:\\\/\\\/portalv1.com.br\\\/app\\\/wp-content\\\/uploads\\\/2022\\\/04\\\/MG_0501-Copy.jpg&quot;,&quot;pid&quot;:115561,&quot;galleryid&quot;:1,&quot;description&quot;:&quot;&quot;,&quot;alttext&quot;:&quot;Secretaria de Meio Ambiente realiza palestra sobre pr\\u00e1ticas agr\\u00f4nomas florestais no Assentamento Lagoa do Luiz Nogueira&quot;,&quot;thumbnailURL&quot;:&quot;https:\\\/\\\/portalv1.com.br\\\/app\\\/wp-content\\\/uploads\\\/2022\\\/04\\\/MG_0501-Copy-400x250.jpg&quot;,&quot;style&quot;:&quot;&quot;},{&quot;thumbcode&quot;:&quot;https:\\\/\\\/portalv1.com.br\\\/app\\\/wp-content\\\/uploads\\\/2022\\\/04\\\/MG_0503-Copy-400x250.jpg&quot;,&quot;imageURL&quot;:&quot;https:\\\/\\\/portalv1.com.br\\\/app\\\/wp-content\\\/uploads\\\/2022\\\/04\\\/MG_0503-Copy.jpg&quot;,&quot;pid&quot;:115562,&quot;galleryid&quot;:1,&quot;description&quot;:&quot;&quot;,&quot;alttext&quot;:&quot;Secretaria de Meio Ambiente realiza palestra sobre pr\\u00e1ticas agr\\u00f4nomas florestais no Assentamento Lagoa do Luiz Nogueira&quot;,&quot;thumbnailURL&quot;:&quot;https:\\\/\\\/portalv1.com.br\\\/app\\\/wp-content\\\/uploads\\\/2022\\\/04\\\/MG_0503-Copy-400x250.jpg&quot;,&quot;style&quot;:&quot;&quot;},{&quot;thumbcode&quot;:&quot;https:\\\/\\\/portalv1.com.br\\\/app\\\/wp-content\\\/uploads\\\/2022\\\/04\\\/MG_0504-Copy-400x250.jpg&quot;,&quot;imageURL&quot;:&quot;https:\\\/\\\/portalv1.com.br\\\/app\\\/wp-content\\\/uploads\\\/2022\\\/04\\\/MG_0504-Copy.jpg&quot;,&quot;pid&quot;:115563,&quot;galleryid&quot;:1,&quot;description&quot;:&quot;&quot;,&quot;alttext&quot;:&quot;Secretaria de Meio Ambiente realiza palestra sobre pr\\u00e1ticas agr\\u00f4nomas florestais no Assentamento Lagoa do Luiz Nogueira&quot;,&quot;thumbnailURL&quot;:&quot;https:\\\/\\\/portalv1.com.br\\\/app\\\/wp-content\\\/uploads\\\/2022\\\/04\\\/MG_0504-Copy-400x250.jpg&quot;,&quot;style&quot;:&quot;&quot;},{&quot;thumbcode&quot;:&quot;https:\\\/\\\/portalv1.com.br\\\/app\\\/wp-content\\\/uploads\\\/2022\\\/04\\\/MG_0506-Copy-400x250.jpg&quot;,&quot;imageURL&quot;:&quot;https:\\\/\\\/portalv1.com.br\\\/app\\\/wp-content\\\/uploads\\\/2022\\\/04\\\/MG_0506-Copy.jpg&quot;,&quot;pid&quot;:115564,&quot;galleryid&quot;:1,&quot;description&quot;:&quot;&quot;,&quot;alttext&quot;:&quot;Secretaria de Meio Ambiente realiza palestra sobre pr\\u00e1ticas agr\\u00f4nomas florestais no Assentamento Lagoa do Luiz Nogueira&quot;,&quot;thumbnailURL&quot;:&quot;https:\\\/\\\/portalv1.com.br\\\/app\\\/wp-content\\\/uploads\\\/2022\\\/04\\\/MG_0506-Copy-400x250.jpg&quot;,&quot;style&quot;:&quot;&quot;},{&quot;thumbcode&quot;:&quot;https:\\\/\\\/portalv1.com.br\\\/app\\\/wp-content\\\/uploads\\\/2022\\\/04\\\/MG_0509-Copy-400x250.jpg&quot;,&quot;imageURL&quot;:&quot;https:\\\/\\\/portalv1.com.br\\\/app\\\/wp-content\\\/uploads\\\/2022\\\/04\\\/MG_0509-Copy.jpg&quot;,&quot;pid&quot;:115565,&quot;galleryid&quot;:1,&quot;description&quot;:&quot;&quot;,&quot;alttext&quot;:&quot;Secretaria de Meio Ambiente realiza palestra sobre pr\\u00e1ticas agr\\u00f4nomas florestais no Assentamento Lagoa do Luiz Nogueira&quot;,&quot;thumbnailURL&quot;:&quot;https:\\\/\\\/portalv1.com.br\\\/app\\\/wp-content\\\/uploads\\\/2022\\\/04\\\/MG_0509-Copy-400x250.jpg&quot;,&quot;style&quot;:&quot;&quot;},{&quot;thumbcode&quot;:&quot;https:\\\/\\\/portalv1.com.br\\\/app\\\/wp-content\\\/uploads\\\/2022\\\/04\\\/MG_0512-Copy-400x250.jpg&quot;,&quot;imageURL&quot;:&quot;https:\\\/\\\/portalv1.com.br\\\/app\\\/wp-content\\\/uploads\\\/2022\\\/04\\\/MG_0512-Copy.jpg&quot;,&quot;pid&quot;:115566,&quot;galleryid&quot;:1,&quot;description&quot;:&quot;&quot;,&quot;alttext&quot;:&quot;Secretaria de Meio Ambiente realiza palestra sobre pr\\u00e1ticas agr\\u00f4nomas florestais no Assentamento Lagoa do Luiz Nogueira&quot;,&quot;thumbnailURL&quot;:&quot;https:\\\/\\\/portalv1.com.br\\\/app\\\/wp-content\\\/uploads\\\/2022\\\/04\\\/MG_0512-Copy-400x250.jpg&quot;,&quot;style&quot;:&quot;&quot;}]}}\"><\/div>\n                  <\/div>\n","protected":false},"excerpt":{"rendered":"<p>A Secretaria de Meio Ambiente de Valen\u00e7a do Piau\u00ed, realizou em parceria com Sindicato dos Trabalhadores Rurais, o \u201cDia D+\u201d com palestras sobre pr\u00e1ticas agr\u00f4nomas florestais sustent\u00e1veis no Assentamento Lagoa&#8230;<\/p>\n","protected":false},"author":16,"featured_media":115568,"comment_status":"open","ping_status":"open","sticky":false,"template":"","format":"standard","meta":{"ngg_post_thumbnail":0,"footnotes":""},"categories":[243],"tags":[],"class_list":["post-115508","post","type-post","status-publish","format-standard","has-post-thumbnail","hentry","category-geral"],"views":327,"meta_data":{"thumb":"https:\/\/portalv1.com.br\/app\/wp-content\/uploads\/2022\/04\/campo.jpg","imagem":{"fullsize":{"url":"https:\/\/portalv1.com.br\/app\/wp-content\/uploads\/2022\/04\/campo.jpg","width":1024,"height":575},"medium":{"url":"https:\/\/portalv1.com.br\/app\/wp-content\/uploads\/2022\/04\/campo-300x168.jpg","width":300,"height":168},"large":{"url":"https:\/\/portalv1.com.br\/app\/wp-content\/uploads\/2022\/04\/campo-640x359.jpg","width":640,"height":359},"thumbnail":{"url":"https:\/\/portalv1.com.br\/app\/wp-content\/uploads\/2022\/04\/campo-100x100.jpg","width":100,"height":100},"medium_large":{"url":"https:\/\/portalv1.com.br\/app\/wp-content\/uploads\/2022\/04\/campo-768x431.jpg","width":768,"height":431}},"data":{"simple":"27\/04\/2022","date_time":"27\/04\/2022 12:59:25","date":"h\u00e1 4 anos"},"chapeu":"MEIO AMBIENTE","source":"slide"},"_links":{"self":[{"href":"https:\/\/portalv1.com.br\/api\/wp\/v2\/posts\/115508","targetHints":{"allow":["GET"]}}],"collection":[{"href":"https:\/\/portalv1.com.br\/api\/wp\/v2\/posts"}],"about":[{"href":"https:\/\/portalv1.com.br\/api\/wp\/v2\/types\/post"}],"author":[{"embeddable":true,"href":"https:\/\/portalv1.com.br\/api\/wp\/v2\/users\/16"}],"replies":[{"embeddable":true,"href":"https:\/\/portalv1.com.br\/api\/wp\/v2\/comments?post=115508"}],"version-history":[{"count":0,"href":"https:\/\/portalv1.com.br\/api\/wp\/v2\/posts\/115508\/revisions"}],"wp:featuredmedia":[{"embeddable":true,"href":"https:\/\/portalv1.com.br\/api\/wp\/v2\/media\/115568"}],"wp:attachment":[{"href":"https:\/\/portalv1.com.br\/api\/wp\/v2\/media?parent=115508"}],"wp:term":[{"taxonomy":"category","embeddable":true,"href":"https:\/\/portalv1.com.br\/api\/wp\/v2\/categories?post=115508"},{"taxonomy":"post_tag","embeddable":true,"href":"https:\/\/portalv1.com.br\/api\/wp\/v2\/tags?post=115508"}],"curies":[{"name":"wp","href":"https:\/\/api.w.org\/{rel}","templated":true}]}}