{"id":11565,"date":"2011-12-20T10:26:12","date_gmt":"2011-12-20T13:26:12","guid":{"rendered":"https:\/\/portalv1.com.br\/?p=11565"},"modified":"2011-12-20T12:47:05","modified_gmt":"2011-12-20T15:47:05","slug":"energia-da-secretaria-municipal-de-obras-e-cortada","status":"publish","type":"post","link":"https:\/\/portalv1.com.br\/energia-da-secretaria-municipal-de-obras-e-cortada\/","title":{"rendered":"Energia da Secretaria Municipal de Obras \u00e9 cortada"},"content":{"rendered":"<figure id=\"attachment_11566\" aria-describedby=\"caption-attachment-11566\" style=\"width: 300px\" class=\"wp-caption alignright\"><a href=\"https:\/\/portalv1.com.br\/app\/wp-content\/uploads\/2011\/12\/secretariadeobras.jpg\"><img loading=\"lazy\" decoding=\"async\" class=\"size-full wp-image-11566\" title=\"secretariadeobras\" src=\"https:\/\/portalv1.com.br\/app\/wp-content\/uploads\/2011\/12\/secretariadeobras.jpg\" alt=\"\" width=\"300\" height=\"183\" \/><\/a><figcaption id=\"caption-attachment-11566\" class=\"wp-caption-text\">Secretaria Municipal de Obras<\/figcaption><\/figure>\n<p>O fornecimento de energia el\u00e9trica da Secretaria Municipal de Obras foi cortado na manha desta ter\u00e7a-feira (20) pela Eletrobr\u00e1s Piau\u00ed. O corte \u00e9 devido \u00e0 falta de pagamento das contas de energia por parte da Prefeitura Municipal. No m\u00eas de maio do ano passado, o corte no fornecimento el\u00e9trico atingiu algumas secretarias do munic\u00edpio, incluindo a pr\u00f3pria sede municipal.<\/p>\n<p>Na oportunidade foi feita uma negocia\u00e7\u00e3o entre as prefeituras intermediada pela Associa\u00e7\u00e3o Municipal de Prefeitos (APPM) junto a Eletrobr\u00e1s Piau\u00ed, onde na oportunidade os prefeitos se comprometeram em pagar o debito parcelado.<\/p>\n<p>O chefe do escrit\u00f3rio da Eletrobr\u00e1s Piau\u00ed em Valen\u00e7a Chic\u00e3o da Cepisa em conversa com o portalv1 se limitou apenas a confirmar o corte no fornecimento da secretaria de obras. Ap\u00f3s o corte o Secretario de Obras Ant\u00f4nio Gomes esteve na Eletrobr\u00e1s Piau\u00ed solicitando copias de documentos com os d\u00e9bitos da secretaria.<\/p>\n<p>Informa\u00e7\u00f5es n\u00e3o confirmadas pelo chefe do escrit\u00f3rio da Eletrobr\u00e1s Piau\u00ed d\u00e3o conta que at\u00e9 o final de semana chegar\u00e3o novas ordens de interrup\u00e7\u00e3o do fornecimento energ\u00e9ticos n\u00e3o s\u00f3 de Valen\u00e7a, mais em outras cidades da jurisdi\u00e7\u00e3o local, salvaguardando os pr\u00e9dios com trabalhos essenciais.<\/p>\n","protected":false},"excerpt":{"rendered":"<p>O fornecimento de energia el\u00e9trica da Secretaria Municipal de Obras foi cortado na manha desta ter\u00e7a-feira (20) pela Eletrobr\u00e1s Piau\u00ed. O corte \u00e9 devido \u00e0 falta de pagamento das contas&#8230;<\/p>\n","protected":false},"author":1,"featured_media":0,"comment_status":"open","ping_status":"open","sticky":false,"template":"","format":"standard","meta":{"ngg_post_thumbnail":0,"footnotes":""},"categories":[243],"tags":[836,734],"class_list":["post-11565","post","type-post","status-publish","format-standard","hentry","category-geral","tag-corte","tag-energia"],"views":663,"meta_data":{"thumb":"https:\/\/portalv1.com.br\/app\/wp-content\/uploads\/2011\/12\/secretariadeobras.jpg","data":{"simple":"20\/12\/2011","date_time":"20\/12\/2011 07:26:12","date":"h\u00e1 14 anos"},"chapeu":"","source":""},"_links":{"self":[{"href":"https:\/\/portalv1.com.br\/api\/wp\/v2\/posts\/11565","targetHints":{"allow":["GET"]}}],"collection":[{"href":"https:\/\/portalv1.com.br\/api\/wp\/v2\/posts"}],"about":[{"href":"https:\/\/portalv1.com.br\/api\/wp\/v2\/types\/post"}],"author":[{"embeddable":true,"href":"https:\/\/portalv1.com.br\/api\/wp\/v2\/users\/1"}],"replies":[{"embeddable":true,"href":"https:\/\/portalv1.com.br\/api\/wp\/v2\/comments?post=11565"}],"version-history":[{"count":0,"href":"https:\/\/portalv1.com.br\/api\/wp\/v2\/posts\/11565\/revisions"}],"wp:attachment":[{"href":"https:\/\/portalv1.com.br\/api\/wp\/v2\/media?parent=11565"}],"wp:term":[{"taxonomy":"category","embeddable":true,"href":"https:\/\/portalv1.com.br\/api\/wp\/v2\/categories?post=11565"},{"taxonomy":"post_tag","embeddable":true,"href":"https:\/\/portalv1.com.br\/api\/wp\/v2\/tags?post=11565"}],"curies":[{"name":"wp","href":"https:\/\/api.w.org\/{rel}","templated":true}]}}