{"id":116834,"date":"2022-05-08T10:35:16","date_gmt":"2022-05-08T13:35:16","guid":{"rendered":"https:\/\/portalv1.com.br\/?p=116834"},"modified":"2022-05-08T10:35:16","modified_gmt":"2022-05-08T13:35:16","slug":"dia-das-maes-servidoras-do-hospital-regional-de-valenca-sao-homenageadas","status":"publish","type":"post","link":"https:\/\/portalv1.com.br\/dia-das-maes-servidoras-do-hospital-regional-de-valenca-sao-homenageadas\/","title":{"rendered":"Dia das M\u00e3es: servidoras do Hospital Regional de Valen\u00e7a s\u00e3o homenageadas"},"content":{"rendered":"<p>O Hospital Regional Eust\u00e1quio Portela, em Valen\u00e7a, realizou uma homenagem para as m\u00e3es que trabalham naquela unidade de sa\u00fade. A comemora\u00e7\u00e3o do Dia das M\u00e3es \u00e9 uma marca da gest\u00e3o do hospital liderada pela diretora Lucilia Marreiros, que preza muito pela comemora\u00e7\u00e3o de datas importantes como forma de homenagear os profissionais e unir ainda mais a equipe.<\/p>\n<p>O momento foi repleto de homenagens e depoimentos de carinho para as m\u00e3es que fazem parte do Hospital Regional de Valen\u00e7a. A diretora parabenizou as m\u00e3es pelo dia especial, agradeceu a dedica\u00e7\u00e3o junto ao hospital e iniciou o sorteio de presentes seguido de um lanche refor\u00e7ado para as m\u00e3es do hospital regional, que agradeceram a homenagem da dire\u00e7\u00e3o.<\/p>\n<div class=\"ngg-galleryoverview\" id=\"1\">\n                    <div data-widget=\"Galeria\" data-props=\"{&quot;galeria&quot;:{&quot;max_page&quot;:2,&quot;total&quot;:21,&quot;gallery_id&quot;:1,&quot;images&quot;:[{&quot;thumbcode&quot;:&quot;https:\\\/\\\/portalv1.com.br\\\/app\\\/wp-content\\\/uploads\\\/2022\\\/05\\\/0ef13dd9-280b-4883-a966-8566436f8895-400x250.jpg&quot;,&quot;imageURL&quot;:&quot;https:\\\/\\\/portalv1.com.br\\\/app\\\/wp-content\\\/uploads\\\/2022\\\/05\\\/0ef13dd9-280b-4883-a966-8566436f8895.jpg&quot;,&quot;pid&quot;:116835,&quot;galleryid&quot;:1,&quot;description&quot;:&quot;&quot;,&quot;alttext&quot;:&quot;Dia das M\\u00e3es: servidoras do Hospital Regional de Valen\\u00e7a s\\u00e3o homenageadas&quot;,&quot;thumbnailURL&quot;:&quot;https:\\\/\\\/portalv1.com.br\\\/app\\\/wp-content\\\/uploads\\\/2022\\\/05\\\/0ef13dd9-280b-4883-a966-8566436f8895-400x250.jpg&quot;,&quot;style&quot;:&quot;&quot;},{&quot;thumbcode&quot;:&quot;https:\\\/\\\/portalv1.com.br\\\/app\\\/wp-content\\\/uploads\\\/2022\\\/05\\\/1a13ffa3-17c6-4d5b-ad0c-bf8887e0077a-400x250.jpg&quot;,&quot;imageURL&quot;:&quot;https:\\\/\\\/portalv1.com.br\\\/app\\\/wp-content\\\/uploads\\\/2022\\\/05\\\/1a13ffa3-17c6-4d5b-ad0c-bf8887e0077a.jpg&quot;,&quot;pid&quot;:116836,&quot;galleryid&quot;:1,&quot;description&quot;:&quot;&quot;,&quot;alttext&quot;:&quot;Dia das M\\u00e3es: servidoras do Hospital Regional de Valen\\u00e7a s\\u00e3o homenageadas&quot;,&quot;thumbnailURL&quot;:&quot;https:\\\/\\\/portalv1.com.br\\\/app\\\/wp-content\\\/uploads\\\/2022\\\/05\\\/1a13ffa3-17c6-4d5b-ad0c-bf8887e0077a-400x250.jpg&quot;,&quot;style&quot;:&quot;&quot;},{&quot;thumbcode&quot;:&quot;https:\\\/\\\/portalv1.com.br\\\/app\\\/wp-content\\\/uploads\\\/2022\\\/05\\\/3b645a8d-5184-4fe9-9190-88dac74a5995-400x250.jpg&quot;,&quot;imageURL&quot;:&quot;https:\\\/\\\/portalv1.com.br\\\/app\\\/wp-content\\\/uploads\\\/2022\\\/05\\\/3b645a8d-5184-4fe9-9190-88dac74a5995.jpg&quot;,&quot;pid&quot;:116837,&quot;galleryid&quot;:1,&quot;description&quot;:&quot;&quot;,&quot;alttext&quot;:&quot;Dia das M\\u00e3es: servidoras do Hospital Regional de Valen\\u00e7a s\\u00e3o homenageadas&quot;,&quot;thumbnailURL&quot;:&quot;https:\\\/\\\/portalv1.com.br\\\/app\\\/wp-content\\\/uploads\\\/2022\\\/05\\\/3b645a8d-5184-4fe9-9190-88dac74a5995-400x250.jpg&quot;,&quot;style&quot;:&quot;&quot;},{&quot;thumbcode&quot;:&quot;https:\\\/\\\/portalv1.com.br\\\/app\\\/wp-content\\\/uploads\\\/2022\\\/05\\\/4daaf04e-1f53-40a4-a396-c09849e80a8f-400x250.jpg&quot;,&quot;imageURL&quot;:&quot;https:\\\/\\\/portalv1.com.br\\\/app\\\/wp-content\\\/uploads\\\/2022\\\/05\\\/4daaf04e-1f53-40a4-a396-c09849e80a8f.jpg&quot;,&quot;pid&quot;:116838,&quot;galleryid&quot;:1,&quot;description&quot;:&quot;&quot;,&quot;alttext&quot;:&quot;Dia das M\\u00e3es: servidoras do Hospital Regional de Valen\\u00e7a s\\u00e3o homenageadas&quot;,&quot;thumbnailURL&quot;:&quot;https:\\\/\\\/portalv1.com.br\\\/app\\\/wp-content\\\/uploads\\\/2022\\\/05\\\/4daaf04e-1f53-40a4-a396-c09849e80a8f-400x250.jpg&quot;,&quot;style&quot;:&quot;&quot;},{&quot;thumbcode&quot;:&quot;https:\\\/\\\/portalv1.com.br\\\/app\\\/wp-content\\\/uploads\\\/2022\\\/05\\\/4e3fc1f8-4273-41d3-bf8f-7bb03ea1cc94-400x250.jpg&quot;,&quot;imageURL&quot;:&quot;https:\\\/\\\/portalv1.com.br\\\/app\\\/wp-content\\\/uploads\\\/2022\\\/05\\\/4e3fc1f8-4273-41d3-bf8f-7bb03ea1cc94.jpg&quot;,&quot;pid&quot;:116839,&quot;galleryid&quot;:1,&quot;description&quot;:&quot;&quot;,&quot;alttext&quot;:&quot;Dia das M\\u00e3es: servidoras do Hospital Regional de Valen\\u00e7a s\\u00e3o homenageadas&quot;,&quot;thumbnailURL&quot;:&quot;https:\\\/\\\/portalv1.com.br\\\/app\\\/wp-content\\\/uploads\\\/2022\\\/05\\\/4e3fc1f8-4273-41d3-bf8f-7bb03ea1cc94-400x250.jpg&quot;,&quot;style&quot;:&quot;&quot;},{&quot;thumbcode&quot;:&quot;https:\\\/\\\/portalv1.com.br\\\/app\\\/wp-content\\\/uploads\\\/2022\\\/05\\\/7f8c5fd7-bba6-498b-a2ab-e20995cf17ab-400x250.jpg&quot;,&quot;imageURL&quot;:&quot;https:\\\/\\\/portalv1.com.br\\\/app\\\/wp-content\\\/uploads\\\/2022\\\/05\\\/7f8c5fd7-bba6-498b-a2ab-e20995cf17ab.jpg&quot;,&quot;pid&quot;:116840,&quot;galleryid&quot;:1,&quot;description&quot;:&quot;&quot;,&quot;alttext&quot;:&quot;Dia das M\\u00e3es: servidoras do Hospital Regional de Valen\\u00e7a s\\u00e3o homenageadas&quot;,&quot;thumbnailURL&quot;:&quot;https:\\\/\\\/portalv1.com.br\\\/app\\\/wp-content\\\/uploads\\\/2022\\\/05\\\/7f8c5fd7-bba6-498b-a2ab-e20995cf17ab-400x250.jpg&quot;,&quot;style&quot;:&quot;&quot;},{&quot;thumbcode&quot;:&quot;https:\\\/\\\/portalv1.com.br\\\/app\\\/wp-content\\\/uploads\\\/2022\\\/05\\\/008a4060-dbb7-479e-99de-d6747ef0c77b-400x250.jpg&quot;,&quot;imageURL&quot;:&quot;https:\\\/\\\/portalv1.com.br\\\/app\\\/wp-content\\\/uploads\\\/2022\\\/05\\\/008a4060-dbb7-479e-99de-d6747ef0c77b.jpg&quot;,&quot;pid&quot;:116841,&quot;galleryid&quot;:1,&quot;description&quot;:&quot;&quot;,&quot;alttext&quot;:&quot;Dia das M\\u00e3es: servidoras do Hospital Regional de Valen\\u00e7a s\\u00e3o homenageadas&quot;,&quot;thumbnailURL&quot;:&quot;https:\\\/\\\/portalv1.com.br\\\/app\\\/wp-content\\\/uploads\\\/2022\\\/05\\\/008a4060-dbb7-479e-99de-d6747ef0c77b-400x250.jpg&quot;,&quot;style&quot;:&quot;&quot;},{&quot;thumbcode&quot;:&quot;https:\\\/\\\/portalv1.com.br\\\/app\\\/wp-content\\\/uploads\\\/2022\\\/05\\\/8afb7bee-c1f7-42f3-b35b-e7911487efb2-400x250.jpg&quot;,&quot;imageURL&quot;:&quot;https:\\\/\\\/portalv1.com.br\\\/app\\\/wp-content\\\/uploads\\\/2022\\\/05\\\/8afb7bee-c1f7-42f3-b35b-e7911487efb2.jpg&quot;,&quot;pid&quot;:116842,&quot;galleryid&quot;:1,&quot;description&quot;:&quot;&quot;,&quot;alttext&quot;:&quot;Dia das M\\u00e3es: servidoras do Hospital Regional de Valen\\u00e7a s\\u00e3o homenageadas&quot;,&quot;thumbnailURL&quot;:&quot;https:\\\/\\\/portalv1.com.br\\\/app\\\/wp-content\\\/uploads\\\/2022\\\/05\\\/8afb7bee-c1f7-42f3-b35b-e7911487efb2-400x250.jpg&quot;,&quot;style&quot;:&quot;&quot;},{&quot;thumbcode&quot;:&quot;https:\\\/\\\/portalv1.com.br\\\/app\\\/wp-content\\\/uploads\\\/2022\\\/05\\\/8d032670-fd88-4177-bc2c-41d1073e398b-400x250.jpg&quot;,&quot;imageURL&quot;:&quot;https:\\\/\\\/portalv1.com.br\\\/app\\\/wp-content\\\/uploads\\\/2022\\\/05\\\/8d032670-fd88-4177-bc2c-41d1073e398b.jpg&quot;,&quot;pid&quot;:116843,&quot;galleryid&quot;:1,&quot;description&quot;:&quot;&quot;,&quot;alttext&quot;:&quot;Dia das M\\u00e3es: servidoras do Hospital Regional de Valen\\u00e7a s\\u00e3o homenageadas&quot;,&quot;thumbnailURL&quot;:&quot;https:\\\/\\\/portalv1.com.br\\\/app\\\/wp-content\\\/uploads\\\/2022\\\/05\\\/8d032670-fd88-4177-bc2c-41d1073e398b-400x250.jpg&quot;,&quot;style&quot;:&quot;&quot;},{&quot;thumbcode&quot;:&quot;https:\\\/\\\/portalv1.com.br\\\/app\\\/wp-content\\\/uploads\\\/2022\\\/05\\\/61c06f2e-2143-484c-b496-f8f9b7f5eba0-400x250.jpg&quot;,&quot;imageURL&quot;:&quot;https:\\\/\\\/portalv1.com.br\\\/app\\\/wp-content\\\/uploads\\\/2022\\\/05\\\/61c06f2e-2143-484c-b496-f8f9b7f5eba0.jpg&quot;,&quot;pid&quot;:116844,&quot;galleryid&quot;:1,&quot;description&quot;:&quot;&quot;,&quot;alttext&quot;:&quot;Dia das M\\u00e3es: servidoras do Hospital Regional de Valen\\u00e7a s\\u00e3o homenageadas&quot;,&quot;thumbnailURL&quot;:&quot;https:\\\/\\\/portalv1.com.br\\\/app\\\/wp-content\\\/uploads\\\/2022\\\/05\\\/61c06f2e-2143-484c-b496-f8f9b7f5eba0-400x250.jpg&quot;,&quot;style&quot;:&quot;&quot;},{&quot;thumbcode&quot;:&quot;https:\\\/\\\/portalv1.com.br\\\/app\\\/wp-content\\\/uploads\\\/2022\\\/05\\\/75b95c5a-6515-4eda-82f3-6a21232d027c-400x250.jpg&quot;,&quot;imageURL&quot;:&quot;https:\\\/\\\/portalv1.com.br\\\/app\\\/wp-content\\\/uploads\\\/2022\\\/05\\\/75b95c5a-6515-4eda-82f3-6a21232d027c.jpg&quot;,&quot;pid&quot;:116845,&quot;galleryid&quot;:1,&quot;description&quot;:&quot;&quot;,&quot;alttext&quot;:&quot;Dia das M\\u00e3es: servidoras do Hospital Regional de Valen\\u00e7a s\\u00e3o homenageadas&quot;,&quot;thumbnailURL&quot;:&quot;https:\\\/\\\/portalv1.com.br\\\/app\\\/wp-content\\\/uploads\\\/2022\\\/05\\\/75b95c5a-6515-4eda-82f3-6a21232d027c-400x250.jpg&quot;,&quot;style&quot;:&quot;&quot;},{&quot;thumbcode&quot;:&quot;https:\\\/\\\/portalv1.com.br\\\/app\\\/wp-content\\\/uploads\\\/2022\\\/05\\\/77b85df7-dc13-4aa9-a10f-18ef110c311f-400x250.jpg&quot;,&quot;imageURL&quot;:&quot;https:\\\/\\\/portalv1.com.br\\\/app\\\/wp-content\\\/uploads\\\/2022\\\/05\\\/77b85df7-dc13-4aa9-a10f-18ef110c311f.jpg&quot;,&quot;pid&quot;:116846,&quot;galleryid&quot;:1,&quot;description&quot;:&quot;&quot;,&quot;alttext&quot;:&quot;Dia das M\\u00e3es: servidoras do Hospital Regional de Valen\\u00e7a s\\u00e3o homenageadas&quot;,&quot;thumbnailURL&quot;:&quot;https:\\\/\\\/portalv1.com.br\\\/app\\\/wp-content\\\/uploads\\\/2022\\\/05\\\/77b85df7-dc13-4aa9-a10f-18ef110c311f-400x250.jpg&quot;,&quot;style&quot;:&quot;&quot;},{&quot;thumbcode&quot;:&quot;https:\\\/\\\/portalv1.com.br\\\/app\\\/wp-content\\\/uploads\\\/2022\\\/05\\\/236a8578-9c2c-4685-9896-b971225eef81-400x250.jpg&quot;,&quot;imageURL&quot;:&quot;https:\\\/\\\/portalv1.com.br\\\/app\\\/wp-content\\\/uploads\\\/2022\\\/05\\\/236a8578-9c2c-4685-9896-b971225eef81.jpg&quot;,&quot;pid&quot;:116847,&quot;galleryid&quot;:1,&quot;description&quot;:&quot;&quot;,&quot;alttext&quot;:&quot;Dia das M\\u00e3es: servidoras do Hospital Regional de Valen\\u00e7a s\\u00e3o homenageadas&quot;,&quot;thumbnailURL&quot;:&quot;https:\\\/\\\/portalv1.com.br\\\/app\\\/wp-content\\\/uploads\\\/2022\\\/05\\\/236a8578-9c2c-4685-9896-b971225eef81-400x250.jpg&quot;,&quot;style&quot;:&quot;&quot;},{&quot;thumbcode&quot;:&quot;https:\\\/\\\/portalv1.com.br\\\/app\\\/wp-content\\\/uploads\\\/2022\\\/05\\\/833e5319-0573-45df-ab3b-d2d85e5c46ef-400x250.jpg&quot;,&quot;imageURL&quot;:&quot;https:\\\/\\\/portalv1.com.br\\\/app\\\/wp-content\\\/uploads\\\/2022\\\/05\\\/833e5319-0573-45df-ab3b-d2d85e5c46ef.jpg&quot;,&quot;pid&quot;:116848,&quot;galleryid&quot;:1,&quot;description&quot;:&quot;&quot;,&quot;alttext&quot;:&quot;Dia das M\\u00e3es: servidoras do Hospital Regional de Valen\\u00e7a s\\u00e3o homenageadas&quot;,&quot;thumbnailURL&quot;:&quot;https:\\\/\\\/portalv1.com.br\\\/app\\\/wp-content\\\/uploads\\\/2022\\\/05\\\/833e5319-0573-45df-ab3b-d2d85e5c46ef-400x250.jpg&quot;,&quot;style&quot;:&quot;&quot;},{&quot;thumbcode&quot;:&quot;https:\\\/\\\/portalv1.com.br\\\/app\\\/wp-content\\\/uploads\\\/2022\\\/05\\\/731291a9-926e-4408-b27e-278a45f5ef4b-400x250.jpg&quot;,&quot;imageURL&quot;:&quot;https:\\\/\\\/portalv1.com.br\\\/app\\\/wp-content\\\/uploads\\\/2022\\\/05\\\/731291a9-926e-4408-b27e-278a45f5ef4b.jpg&quot;,&quot;pid&quot;:116849,&quot;galleryid&quot;:1,&quot;description&quot;:&quot;&quot;,&quot;alttext&quot;:&quot;Dia das M\\u00e3es: servidoras do Hospital Regional de Valen\\u00e7a s\\u00e3o homenageadas&quot;,&quot;thumbnailURL&quot;:&quot;https:\\\/\\\/portalv1.com.br\\\/app\\\/wp-content\\\/uploads\\\/2022\\\/05\\\/731291a9-926e-4408-b27e-278a45f5ef4b-400x250.jpg&quot;,&quot;style&quot;:&quot;&quot;},{&quot;thumbcode&quot;:&quot;https:\\\/\\\/portalv1.com.br\\\/app\\\/wp-content\\\/uploads\\\/2022\\\/05\\\/5072130b-b1b1-4258-9997-d95167728619-400x250.jpg&quot;,&quot;imageURL&quot;:&quot;https:\\\/\\\/portalv1.com.br\\\/app\\\/wp-content\\\/uploads\\\/2022\\\/05\\\/5072130b-b1b1-4258-9997-d95167728619.jpg&quot;,&quot;pid&quot;:116850,&quot;galleryid&quot;:1,&quot;description&quot;:&quot;&quot;,&quot;alttext&quot;:&quot;Dia das M\\u00e3es: servidoras do Hospital Regional de Valen\\u00e7a s\\u00e3o homenageadas&quot;,&quot;thumbnailURL&quot;:&quot;https:\\\/\\\/portalv1.com.br\\\/app\\\/wp-content\\\/uploads\\\/2022\\\/05\\\/5072130b-b1b1-4258-9997-d95167728619-400x250.jpg&quot;,&quot;style&quot;:&quot;&quot;},{&quot;thumbcode&quot;:&quot;https:\\\/\\\/portalv1.com.br\\\/app\\\/wp-content\\\/uploads\\\/2022\\\/05\\\/b66fbdc3-333a-4b35-ad96-28dec9357e45-400x250.jpg&quot;,&quot;imageURL&quot;:&quot;https:\\\/\\\/portalv1.com.br\\\/app\\\/wp-content\\\/uploads\\\/2022\\\/05\\\/b66fbdc3-333a-4b35-ad96-28dec9357e45.jpg&quot;,&quot;pid&quot;:116851,&quot;galleryid&quot;:1,&quot;description&quot;:&quot;&quot;,&quot;alttext&quot;:&quot;Dia das M\\u00e3es: servidoras do Hospital Regional de Valen\\u00e7a s\\u00e3o homenageadas&quot;,&quot;thumbnailURL&quot;:&quot;https:\\\/\\\/portalv1.com.br\\\/app\\\/wp-content\\\/uploads\\\/2022\\\/05\\\/b66fbdc3-333a-4b35-ad96-28dec9357e45-400x250.jpg&quot;,&quot;style&quot;:&quot;&quot;},{&quot;thumbcode&quot;:&quot;https:\\\/\\\/portalv1.com.br\\\/app\\\/wp-content\\\/uploads\\\/2022\\\/05\\\/be2f3a51-7f85-4fbd-aeb4-64e0c5a92a02-400x250.jpg&quot;,&quot;imageURL&quot;:&quot;https:\\\/\\\/portalv1.com.br\\\/app\\\/wp-content\\\/uploads\\\/2022\\\/05\\\/be2f3a51-7f85-4fbd-aeb4-64e0c5a92a02.jpg&quot;,&quot;pid&quot;:116852,&quot;galleryid&quot;:1,&quot;description&quot;:&quot;&quot;,&quot;alttext&quot;:&quot;Dia das M\\u00e3es: servidoras do Hospital Regional de Valen\\u00e7a s\\u00e3o homenageadas&quot;,&quot;thumbnailURL&quot;:&quot;https:\\\/\\\/portalv1.com.br\\\/app\\\/wp-content\\\/uploads\\\/2022\\\/05\\\/be2f3a51-7f85-4fbd-aeb4-64e0c5a92a02-400x250.jpg&quot;,&quot;style&quot;:&quot;&quot;},{&quot;thumbcode&quot;:&quot;https:\\\/\\\/portalv1.com.br\\\/app\\\/wp-content\\\/uploads\\\/2022\\\/05\\\/d5da501e-0338-4358-a5e3-b89c2f7bb8d5-400x250.jpg&quot;,&quot;imageURL&quot;:&quot;https:\\\/\\\/portalv1.com.br\\\/app\\\/wp-content\\\/uploads\\\/2022\\\/05\\\/d5da501e-0338-4358-a5e3-b89c2f7bb8d5.jpg&quot;,&quot;pid&quot;:116853,&quot;galleryid&quot;:1,&quot;description&quot;:&quot;&quot;,&quot;alttext&quot;:&quot;Dia das M\\u00e3es: servidoras do Hospital Regional de Valen\\u00e7a s\\u00e3o homenageadas&quot;,&quot;thumbnailURL&quot;:&quot;https:\\\/\\\/portalv1.com.br\\\/app\\\/wp-content\\\/uploads\\\/2022\\\/05\\\/d5da501e-0338-4358-a5e3-b89c2f7bb8d5-400x250.jpg&quot;,&quot;style&quot;:&quot;&quot;},{&quot;thumbcode&quot;:&quot;https:\\\/\\\/portalv1.com.br\\\/app\\\/wp-content\\\/uploads\\\/2022\\\/05\\\/d0623b04-76fc-479c-b23d-8c8fd2f972dd-400x250.jpg&quot;,&quot;imageURL&quot;:&quot;https:\\\/\\\/portalv1.com.br\\\/app\\\/wp-content\\\/uploads\\\/2022\\\/05\\\/d0623b04-76fc-479c-b23d-8c8fd2f972dd.jpg&quot;,&quot;pid&quot;:116854,&quot;galleryid&quot;:1,&quot;description&quot;:&quot;&quot;,&quot;alttext&quot;:&quot;Dia das M\\u00e3es: servidoras do Hospital Regional de Valen\\u00e7a s\\u00e3o homenageadas&quot;,&quot;thumbnailURL&quot;:&quot;https:\\\/\\\/portalv1.com.br\\\/app\\\/wp-content\\\/uploads\\\/2022\\\/05\\\/d0623b04-76fc-479c-b23d-8c8fd2f972dd-400x250.jpg&quot;,&quot;style&quot;:&quot;&quot;},{&quot;thumbcode&quot;:&quot;https:\\\/\\\/portalv1.com.br\\\/app\\\/wp-content\\\/uploads\\\/2022\\\/05\\\/f2946e88-d49b-48e8-91e2-dacaf5eca8b2-400x250.jpg&quot;,&quot;imageURL&quot;:&quot;https:\\\/\\\/portalv1.com.br\\\/app\\\/wp-content\\\/uploads\\\/2022\\\/05\\\/f2946e88-d49b-48e8-91e2-dacaf5eca8b2.jpg&quot;,&quot;pid&quot;:116855,&quot;galleryid&quot;:1,&quot;description&quot;:&quot;&quot;,&quot;alttext&quot;:&quot;Dia das M\\u00e3es: servidoras do Hospital Regional de Valen\\u00e7a s\\u00e3o homenageadas&quot;,&quot;thumbnailURL&quot;:&quot;https:\\\/\\\/portalv1.com.br\\\/app\\\/wp-content\\\/uploads\\\/2022\\\/05\\\/f2946e88-d49b-48e8-91e2-dacaf5eca8b2-400x250.jpg&quot;,&quot;style&quot;:&quot;&quot;}]}}\"><\/div>\n                  <\/div>\n","protected":false},"excerpt":{"rendered":"<p>O Hospital Regional Eust\u00e1quio Portela, em Valen\u00e7a, realizou uma homenagem para as m\u00e3es que trabalham naquela unidade de sa\u00fade. A comemora\u00e7\u00e3o do Dia das M\u00e3es \u00e9 uma marca da gest\u00e3o&#8230;<\/p>\n","protected":false},"author":1,"featured_media":116849,"comment_status":"open","ping_status":"open","sticky":false,"template":"","format":"standard","meta":{"ngg_post_thumbnail":0,"footnotes":""},"categories":[243],"tags":[],"class_list":["post-116834","post","type-post","status-publish","format-standard","has-post-thumbnail","hentry","category-geral"],"views":325,"meta_data":{"thumb":"https:\/\/portalv1.com.br\/app\/wp-content\/uploads\/2022\/05\/731291a9-926e-4408-b27e-278a45f5ef4b.jpg","imagem":{"fullsize":{"url":"https:\/\/portalv1.com.br\/app\/wp-content\/uploads\/2022\/05\/731291a9-926e-4408-b27e-278a45f5ef4b.jpg","width":1024,"height":768},"medium":{"url":"https:\/\/portalv1.com.br\/app\/wp-content\/uploads\/2022\/05\/731291a9-926e-4408-b27e-278a45f5ef4b-300x225.jpg","width":300,"height":225},"large":{"url":"https:\/\/portalv1.com.br\/app\/wp-content\/uploads\/2022\/05\/731291a9-926e-4408-b27e-278a45f5ef4b-640x480.jpg","width":640,"height":480},"thumbnail":{"url":"https:\/\/portalv1.com.br\/app\/wp-content\/uploads\/2022\/05\/731291a9-926e-4408-b27e-278a45f5ef4b-100x100.jpg","width":100,"height":100},"medium_large":{"url":"https:\/\/portalv1.com.br\/app\/wp-content\/uploads\/2022\/05\/731291a9-926e-4408-b27e-278a45f5ef4b-768x576.jpg","width":768,"height":576}},"data":{"simple":"08\/05\/2022","date_time":"08\/05\/2022 07:35:16","date":"h\u00e1 4 anos"},"chapeu":"Saiba Detalhes ","source":"slide"},"_links":{"self":[{"href":"https:\/\/portalv1.com.br\/api\/wp\/v2\/posts\/116834","targetHints":{"allow":["GET"]}}],"collection":[{"href":"https:\/\/portalv1.com.br\/api\/wp\/v2\/posts"}],"about":[{"href":"https:\/\/portalv1.com.br\/api\/wp\/v2\/types\/post"}],"author":[{"embeddable":true,"href":"https:\/\/portalv1.com.br\/api\/wp\/v2\/users\/1"}],"replies":[{"embeddable":true,"href":"https:\/\/portalv1.com.br\/api\/wp\/v2\/comments?post=116834"}],"version-history":[{"count":0,"href":"https:\/\/portalv1.com.br\/api\/wp\/v2\/posts\/116834\/revisions"}],"wp:featuredmedia":[{"embeddable":true,"href":"https:\/\/portalv1.com.br\/api\/wp\/v2\/media\/116849"}],"wp:attachment":[{"href":"https:\/\/portalv1.com.br\/api\/wp\/v2\/media?parent=116834"}],"wp:term":[{"taxonomy":"category","embeddable":true,"href":"https:\/\/portalv1.com.br\/api\/wp\/v2\/categories?post=116834"},{"taxonomy":"post_tag","embeddable":true,"href":"https:\/\/portalv1.com.br\/api\/wp\/v2\/tags?post=116834"}],"curies":[{"name":"wp","href":"https:\/\/api.w.org\/{rel}","templated":true}]}}