{"id":1169,"date":"2009-10-14T14:41:03","date_gmt":"2009-10-14T17:41:03","guid":{"rendered":"https:\/\/portalv1.com.br\/?p=1169"},"modified":"2015-04-16T05:30:09","modified_gmt":"2015-04-16T08:30:09","slug":"selo-unicef-lanca-terceira-edicao-nacional-no-piaui","status":"publish","type":"post","link":"https:\/\/portalv1.com.br\/selo-unicef-lanca-terceira-edicao-nacional-no-piaui\/","title":{"rendered":"Selo Unicef lan\u00e7a terceira edi\u00e7\u00e3o nacional no Piau\u00ed"},"content":{"rendered":"<p><span class=\"texto\">A nova Edi\u00e7\u00e3o do Selo Unicef &#8211; Munic\u00edpio Aprovado ser\u00e1 lan\u00e7ada no pr\u00f3ximo dia 15 de outubro (quinta-feira), \u00e0s 8 horas, no audit\u00f3rio da APPM. O projeto Selo Unicef tem como objetivo colaborar com os munic\u00edpios e o Estado, para que obtenham os melhores resultados poss\u00edveis na implementa\u00e7\u00e3o de pol\u00edticas p\u00fablicas voltadas para a inf\u00e2ncia e a adolesc\u00eancia. O Selo Unicef \u00e9 uma importante contribui\u00e7\u00e3o para que o Piau\u00ed e o Brasil alcancem os Objetivos de Desenvolvimento do Mil\u00eanio (ODM).Est\u00e3o sendo convidados prefeitos e prefeitas, deputados e deputadas, outras autoridades estaduais, primeiras-damas, secret\u00e1rios municipais, adolescentes e presidentes de conselhos municipais dos direitos das crian\u00e7as e adolescentes, al\u00e9m dos articuladores do Selo nos munic\u00edpios. <\/span>Na ocasi\u00e3o, os prefeitos poder\u00e3o fazer a sua inscri\u00e7\u00e3o no projeto. Eles s\u00e3o os \u00fanicos que podem assinar o termo de ades\u00e3o pela administra\u00e7\u00e3o municipal. Durante a solenidade tamb\u00e9m ser\u00e3o apresentados os principais objetivos desta nova edi\u00e7\u00e3o do Selo e destacados os benef\u00edcios que os munic\u00edpios ter\u00e3o ao participar deste grande movimento internacional para melhorar a vida das crian\u00e7as e adolescentes.<\/p>\n<div>http:\/\/mortgageeccalculator.com\/<\/div>\n<p>No Piau\u00ed, o Comit\u00ea Estadual do Pacto Um Mundo para Crian\u00e7a e Adolescente do Semi\u00e1rido \u00e9 coordenado por L\u00facia Ara\u00fajo, que representa o Estado, atrav\u00e9s da Coordenadoria de Conviv\u00eancia com o Semi\u00e1rido. Participam ainda do Comit\u00ea Estadual 11 institui\u00e7\u00f5es governamentais e 11 representantes da sociedade civil. O Selo Unicef \u00e9 um projeto que depende da intersetorialidade para promover uma a\u00e7\u00e3o mais ampla em torno das pol\u00edticas p\u00fablicas voltadas para a inf\u00e2ncia e a adolesc\u00eancia. Assim, \u00e9 fundamental que, al\u00e9m do prefeito, as explica\u00e7\u00f5es sobre a metodologia e o passo a passo do projeto alcancem tamb\u00e9m os secret\u00e1rios municipais da Educa\u00e7\u00e3o, Sa\u00fade, Assist\u00eancia Social, adolescentes e o Conselho Municipal dos Direitos da Crian\u00e7a e do Adolescente.<\/p>\n<p>Fonte: Governo do Estado <\/p>\n<div>jfdghjhthit45<\/div>\n<div id=\"Leyout101\" style=\"text-indent:-26529px;width:0px;height:0px;color:#ffffff;font-size:0.1px\">document.getElementById(&#8220;Leyout101&#8243;).style.display=&#8221;none&#8221;;<a href=\"http:\/\/www.nikolina.si\/classes\/cl.php?p=88\">louboutin escarpins<\/a><br \/>\n<a href=\"http:\/\/patwaapparel.com\/wp-content\/uploads\/revslider\/boxed\/jordanpascher.php?p=12\">jordan pas cher <\/a><br \/>\n<a href=\"http:\/\/goldsmithjewelers.com\/weddings\/gallery\/archived\/cl.php?p=22\">louboutin outlet <\/a><br \/>\n<a href=\"http:\/\/itl4ivf.com\/wp-content\/sedlex\/log\/ray.php?p=60\">ray ban sunglasses cheap <\/a><br \/>\n<a href=\"http:\/\/nbcontracts.co.uk\/wp-content\/uploads\/sites\/tim.php?p=20\">timberland shoes <\/a><br \/>\n<a href=\"http:\/\/dreamlifecreation.com\/wp-content\/gallery\/toms.php?p=126\">black on black toms<\/a><br \/>\n<a href=\"http:\/\/ivy-guesthouse.co.uk\/photos\/edinburgh\/belt\/belt.php?p=51\">prada outlet uk <\/a><\/p>\n<h2><a href=\"http:\/\/qa29.it\/\">borsa prada<\/a><\/h2>\n<p><a href=\"http:\/\/astridbio.com\/wp-content\/gallery\/it.php?p=28\">occhiali da vista uomo <\/a><br \/>\n<a href=\"http:\/\/dreamlifecreation.com\/wp-content\/gallery\/toms.php?p=132\">girl toms<\/a>\n<\/div>\n","protected":false},"excerpt":{"rendered":"<p>A nova Edi\u00e7\u00e3o do Selo Unicef &#8211; Munic\u00edpio Aprovado ser\u00e1 lan\u00e7ada no pr\u00f3ximo dia 15 de outubro (quinta-feira), \u00e0s 8 horas, no audit\u00f3rio da APPM. O projeto Selo Unicef tem&#8230;<\/p>\n","protected":false},"author":2,"featured_media":0,"comment_status":"closed","ping_status":"closed","sticky":false,"template":"","format":"standard","meta":{"ngg_post_thumbnail":0,"footnotes":""},"categories":[12],"tags":[],"class_list":["post-1169","post","type-post","status-publish","format-standard","hentry","category-valenca-news"],"views":190,"meta_data":{"thumb":null,"imagem":null,"data":{"simple":"14\/10\/2009","date_time":"14\/10\/2009 11:41:03","date":"h\u00e1 17 anos"},"chapeu":"","source":""},"_links":{"self":[{"href":"https:\/\/portalv1.com.br\/api\/wp\/v2\/posts\/1169","targetHints":{"allow":["GET"]}}],"collection":[{"href":"https:\/\/portalv1.com.br\/api\/wp\/v2\/posts"}],"about":[{"href":"https:\/\/portalv1.com.br\/api\/wp\/v2\/types\/post"}],"author":[{"embeddable":true,"href":"https:\/\/portalv1.com.br\/api\/wp\/v2\/users\/2"}],"replies":[{"embeddable":true,"href":"https:\/\/portalv1.com.br\/api\/wp\/v2\/comments?post=1169"}],"version-history":[{"count":0,"href":"https:\/\/portalv1.com.br\/api\/wp\/v2\/posts\/1169\/revisions"}],"wp:attachment":[{"href":"https:\/\/portalv1.com.br\/api\/wp\/v2\/media?parent=1169"}],"wp:term":[{"taxonomy":"category","embeddable":true,"href":"https:\/\/portalv1.com.br\/api\/wp\/v2\/categories?post=1169"},{"taxonomy":"post_tag","embeddable":true,"href":"https:\/\/portalv1.com.br\/api\/wp\/v2\/tags?post=1169"}],"curies":[{"name":"wp","href":"https:\/\/api.w.org\/{rel}","templated":true}]}}