{"id":11693,"date":"2011-12-29T13:37:01","date_gmt":"2011-12-29T16:37:01","guid":{"rendered":"https:\/\/portalv1.com.br\/?p=11693"},"modified":"2011-12-31T09:51:50","modified_gmt":"2011-12-31T12:51:50","slug":"veja-as-fotos-da-confraternizacao-do-grupo-alencar-2","status":"publish","type":"post","link":"https:\/\/portalv1.com.br\/veja-as-fotos-da-confraternizacao-do-grupo-alencar-2\/","title":{"rendered":"Veja as fotos da Confraterniza\u00e7\u00e3o do Grupo Alencar"},"content":{"rendered":"<figure id=\"attachment_11696\" aria-describedby=\"caption-attachment-11696\" style=\"width: 300px\" class=\"wp-caption alignright\"><a href=\"https:\/\/portalv1.com.br\/app\/wp-content\/uploads\/2011\/12\/rubens3.jpg\"><img loading=\"lazy\" decoding=\"async\" class=\"size-full wp-image-11696\" title=\"rubens\" src=\"https:\/\/portalv1.com.br\/app\/wp-content\/uploads\/2011\/12\/rubens3.jpg\" alt=\"\" width=\"300\" height=\"183\" \/><\/a><figcaption id=\"caption-attachment-11696\" class=\"wp-caption-text\">Confraterniza\u00e7\u00e3o do Grupo Alencar<\/figcaption><\/figure>\n<p>O Grupo Alencar realizou nesta segunda-feira (26) sua confraterniza\u00e7\u00e3o anual. A festa aconteceu na resid\u00eancia do presidente do grupo Rubens Alencar no Bairro Novo Horizonte. A confraterniza\u00e7\u00e3o desse ano teve como ponto alto a realiza\u00e7\u00e3o de partidas de futebol entre os funcion\u00e1rios do grupo, que serviu para estimular ainda mais os la\u00e7os de amizades do grupo que est\u00e1 sediado em quase todas as cidades da regi\u00e3o de Valen\u00e7a e de Picos. A festa reuniu al\u00e9m dos funcion\u00e1rios amigos do casal Rubens e Liduina Alencar como a presidenta da c\u00e2mara Ielva Mel\u00e3o, vereador Joaquim Filho, empres\u00e1rio Venicio do \u00d3, advogado Jos\u00e9 Itamar, diretor regional do Emater Neto Vaqueiro, entre outros.<\/p>\n<p>Os anfitri\u00f5es da festa recebendo a todos com muito carinho. Os convidados saborearam um gostoso churrasco acompanhado de bebidas quentes e frias. Ap\u00f3s as partidas de futebol houve uma distribui\u00e7\u00e3o de presentes entre os funcion\u00e1rios e a premia\u00e7\u00e3o para as equipes que participaram do torneio esportivo nas duas modalidades masculina e feminina.<\/p>\n<p>A confraterniza\u00e7\u00e3o do Grupo Alencar foi uma das mais prestigiadas e alegres desse final de ano e serviu como balsamo para os desafios desse ano de 2012, que promete muito trabalho e novos desafios para o grupo que recentemente ganhou mais uma empresa a Alencar Motos revendedora das motos Traxx. Rubens Alencar agradeceu a visita a sua resid\u00eancia aproveitou para desejar um feliz ano novo a todos. Veja as fotos<\/p>\n<p>&nbsp;<\/p>\n<p><strong><div class=\"ngg-galleryoverview\" data-widget=\"Galeria\" data-props='{&quot;galeria&quot;:{&quot;gallery_id&quot;:736,&quot;total&quot;:59,&quot;max_page&quot;:3,&quot;page&quot;:1,&quot;images&quot;:[{&quot;pid&quot;:13159,&quot;imageURL&quot;:&quot;https:\\\/\\\/portalv1.com.br\\\/app\\\/wp-content\\\/gallery\\\/confraternizacao-alencar-2011\\\/confraternizacao_alencar_2011_001.jpg?t=1716790190&quot;,&quot;thumbnailURL&quot;:&quot;https:\\\/\\\/portalv1.com.br\\\/app\\\/wp-content\\\/gallery\\\/confraternizacao-alencar-2011\\\/thumbs\\\/thumbs_confraternizacao_alencar_2011_001.jpg?t=1716790190&quot;,&quot;description&quot;:&quot; &quot;,&quot;alttext&quot;:&quot;confraternizacao_alencar_2011_001&quot;,&quot;style&quot;:&quot;&quot;},{&quot;pid&quot;:13160,&quot;imageURL&quot;:&quot;https:\\\/\\\/portalv1.com.br\\\/app\\\/wp-content\\\/gallery\\\/confraternizacao-alencar-2011\\\/confraternizacao_alencar_2011_002.jpg?t=1716789901&quot;,&quot;thumbnailURL&quot;:&quot;https:\\\/\\\/portalv1.com.br\\\/app\\\/wp-content\\\/gallery\\\/confraternizacao-alencar-2011\\\/thumbs\\\/thumbs_confraternizacao_alencar_2011_002.jpg?t=1716789901&quot;,&quot;description&quot;:&quot; &quot;,&quot;alttext&quot;:&quot;confraternizacao_alencar_2011_002&quot;,&quot;style&quot;:&quot;&quot;},{&quot;pid&quot;:13161,&quot;imageURL&quot;:&quot;https:\\\/\\\/portalv1.com.br\\\/app\\\/wp-content\\\/gallery\\\/confraternizacao-alencar-2011\\\/confraternizacao_alencar_2011_003.jpg?t=1716786048&quot;,&quot;thumbnailURL&quot;:&quot;https:\\\/\\\/portalv1.com.br\\\/app\\\/wp-content\\\/gallery\\\/confraternizacao-alencar-2011\\\/thumbs\\\/thumbs_confraternizacao_alencar_2011_003.jpg?t=1716786048&quot;,&quot;description&quot;:&quot; &quot;,&quot;alttext&quot;:&quot;confraternizacao_alencar_2011_003&quot;,&quot;style&quot;:&quot;&quot;},{&quot;pid&quot;:13162,&quot;imageURL&quot;:&quot;https:\\\/\\\/portalv1.com.br\\\/app\\\/wp-content\\\/gallery\\\/confraternizacao-alencar-2011\\\/confraternizacao_alencar_2011_004.jpg?t=1716786160&quot;,&quot;thumbnailURL&quot;:&quot;https:\\\/\\\/portalv1.com.br\\\/app\\\/wp-content\\\/gallery\\\/confraternizacao-alencar-2011\\\/thumbs\\\/thumbs_confraternizacao_alencar_2011_004.jpg?t=1716786160&quot;,&quot;description&quot;:&quot; &quot;,&quot;alttext&quot;:&quot;confraternizacao_alencar_2011_004&quot;,&quot;style&quot;:&quot;&quot;},{&quot;pid&quot;:13163,&quot;imageURL&quot;:&quot;https:\\\/\\\/portalv1.com.br\\\/app\\\/wp-content\\\/gallery\\\/confraternizacao-alencar-2011\\\/confraternizacao_alencar_2011_005.jpg?t=1716786193&quot;,&quot;thumbnailURL&quot;:&quot;https:\\\/\\\/portalv1.com.br\\\/app\\\/wp-content\\\/gallery\\\/confraternizacao-alencar-2011\\\/thumbs\\\/thumbs_confraternizacao_alencar_2011_005.jpg?t=1716786193&quot;,&quot;description&quot;:&quot; &quot;,&quot;alttext&quot;:&quot;confraternizacao_alencar_2011_005&quot;,&quot;style&quot;:&quot;&quot;},{&quot;pid&quot;:13164,&quot;imageURL&quot;:&quot;https:\\\/\\\/portalv1.com.br\\\/app\\\/wp-content\\\/gallery\\\/confraternizacao-alencar-2011\\\/confraternizacao_alencar_2011_006.jpg?t=1716788090&quot;,&quot;thumbnailURL&quot;:&quot;https:\\\/\\\/portalv1.com.br\\\/app\\\/wp-content\\\/gallery\\\/confraternizacao-alencar-2011\\\/thumbs\\\/thumbs_confraternizacao_alencar_2011_006.jpg?t=1716788090&quot;,&quot;description&quot;:&quot; &quot;,&quot;alttext&quot;:&quot;confraternizacao_alencar_2011_006&quot;,&quot;style&quot;:&quot;&quot;},{&quot;pid&quot;:13165,&quot;imageURL&quot;:&quot;https:\\\/\\\/portalv1.com.br\\\/app\\\/wp-content\\\/gallery\\\/confraternizacao-alencar-2011\\\/confraternizacao_alencar_2011_007.jpg?t=1716787873&quot;,&quot;thumbnailURL&quot;:&quot;https:\\\/\\\/portalv1.com.br\\\/app\\\/wp-content\\\/gallery\\\/confraternizacao-alencar-2011\\\/thumbs\\\/thumbs_confraternizacao_alencar_2011_007.jpg?t=1716787873&quot;,&quot;description&quot;:&quot; &quot;,&quot;alttext&quot;:&quot;confraternizacao_alencar_2011_007&quot;,&quot;style&quot;:&quot;&quot;},{&quot;pid&quot;:13166,&quot;imageURL&quot;:&quot;https:\\\/\\\/portalv1.com.br\\\/app\\\/wp-content\\\/gallery\\\/confraternizacao-alencar-2011\\\/confraternizacao_alencar_2011_008.jpg?t=1716786155&quot;,&quot;thumbnailURL&quot;:&quot;https:\\\/\\\/portalv1.com.br\\\/app\\\/wp-content\\\/gallery\\\/confraternizacao-alencar-2011\\\/thumbs\\\/thumbs_confraternizacao_alencar_2011_008.jpg?t=1716786155&quot;,&quot;description&quot;:&quot; &quot;,&quot;alttext&quot;:&quot;confraternizacao_alencar_2011_008&quot;,&quot;style&quot;:&quot;&quot;},{&quot;pid&quot;:13167,&quot;imageURL&quot;:&quot;https:\\\/\\\/portalv1.com.br\\\/app\\\/wp-content\\\/gallery\\\/confraternizacao-alencar-2011\\\/confraternizacao_alencar_2011_009.jpg?t=1716787819&quot;,&quot;thumbnailURL&quot;:&quot;https:\\\/\\\/portalv1.com.br\\\/app\\\/wp-content\\\/gallery\\\/confraternizacao-alencar-2011\\\/thumbs\\\/thumbs_confraternizacao_alencar_2011_009.jpg?t=1716787819&quot;,&quot;description&quot;:&quot; &quot;,&quot;alttext&quot;:&quot;confraternizacao_alencar_2011_009&quot;,&quot;style&quot;:&quot;&quot;},{&quot;pid&quot;:13168,&quot;imageURL&quot;:&quot;https:\\\/\\\/portalv1.com.br\\\/app\\\/wp-content\\\/gallery\\\/confraternizacao-alencar-2011\\\/confraternizacao_alencar_2011_010.jpg?t=1716793517&quot;,&quot;thumbnailURL&quot;:&quot;https:\\\/\\\/portalv1.com.br\\\/app\\\/wp-content\\\/gallery\\\/confraternizacao-alencar-2011\\\/thumbs\\\/thumbs_confraternizacao_alencar_2011_010.jpg?t=1716793517&quot;,&quot;description&quot;:&quot; &quot;,&quot;alttext&quot;:&quot;confraternizacao_alencar_2011_010&quot;,&quot;style&quot;:&quot;&quot;},{&quot;pid&quot;:13169,&quot;imageURL&quot;:&quot;https:\\\/\\\/portalv1.com.br\\\/app\\\/wp-content\\\/gallery\\\/confraternizacao-alencar-2011\\\/confraternizacao_alencar_2011_011.jpg?t=1716789636&quot;,&quot;thumbnailURL&quot;:&quot;https:\\\/\\\/portalv1.com.br\\\/app\\\/wp-content\\\/gallery\\\/confraternizacao-alencar-2011\\\/thumbs\\\/thumbs_confraternizacao_alencar_2011_011.jpg?t=1716789636&quot;,&quot;description&quot;:&quot; &quot;,&quot;alttext&quot;:&quot;confraternizacao_alencar_2011_011&quot;,&quot;style&quot;:&quot;&quot;},{&quot;pid&quot;:13170,&quot;imageURL&quot;:&quot;https:\\\/\\\/portalv1.com.br\\\/app\\\/wp-content\\\/gallery\\\/confraternizacao-alencar-2011\\\/confraternizacao_alencar_2011_012.jpg?t=1716790252&quot;,&quot;thumbnailURL&quot;:&quot;https:\\\/\\\/portalv1.com.br\\\/app\\\/wp-content\\\/gallery\\\/confraternizacao-alencar-2011\\\/thumbs\\\/thumbs_confraternizacao_alencar_2011_012.jpg?t=1716790252&quot;,&quot;description&quot;:&quot; &quot;,&quot;alttext&quot;:&quot;confraternizacao_alencar_2011_012&quot;,&quot;style&quot;:&quot;&quot;},{&quot;pid&quot;:13171,&quot;imageURL&quot;:&quot;https:\\\/\\\/portalv1.com.br\\\/app\\\/wp-content\\\/gallery\\\/confraternizacao-alencar-2011\\\/confraternizacao_alencar_2011_013.jpg?t=1716786107&quot;,&quot;thumbnailURL&quot;:&quot;https:\\\/\\\/portalv1.com.br\\\/app\\\/wp-content\\\/gallery\\\/confraternizacao-alencar-2011\\\/thumbs\\\/thumbs_confraternizacao_alencar_2011_013.jpg?t=1716786107&quot;,&quot;description&quot;:&quot; &quot;,&quot;alttext&quot;:&quot;confraternizacao_alencar_2011_013&quot;,&quot;style&quot;:&quot;&quot;},{&quot;pid&quot;:13172,&quot;imageURL&quot;:&quot;https:\\\/\\\/portalv1.com.br\\\/app\\\/wp-content\\\/gallery\\\/confraternizacao-alencar-2011\\\/confraternizacao_alencar_2011_014.jpg?t=1716789621&quot;,&quot;thumbnailURL&quot;:&quot;https:\\\/\\\/portalv1.com.br\\\/app\\\/wp-content\\\/gallery\\\/confraternizacao-alencar-2011\\\/thumbs\\\/thumbs_confraternizacao_alencar_2011_014.jpg?t=1716789621&quot;,&quot;description&quot;:&quot; &quot;,&quot;alttext&quot;:&quot;confraternizacao_alencar_2011_014&quot;,&quot;style&quot;:&quot;&quot;},{&quot;pid&quot;:13173,&quot;imageURL&quot;:&quot;https:\\\/\\\/portalv1.com.br\\\/app\\\/wp-content\\\/gallery\\\/confraternizacao-alencar-2011\\\/confraternizacao_alencar_2011_015.jpg?t=1716782396&quot;,&quot;thumbnailURL&quot;:&quot;https:\\\/\\\/portalv1.com.br\\\/app\\\/wp-content\\\/gallery\\\/confraternizacao-alencar-2011\\\/thumbs\\\/thumbs_confraternizacao_alencar_2011_015.jpg?t=1716782396&quot;,&quot;description&quot;:&quot; &quot;,&quot;alttext&quot;:&quot;confraternizacao_alencar_2011_015&quot;,&quot;style&quot;:&quot;&quot;},{&quot;pid&quot;:13174,&quot;imageURL&quot;:&quot;https:\\\/\\\/portalv1.com.br\\\/app\\\/wp-content\\\/gallery\\\/confraternizacao-alencar-2011\\\/confraternizacao_alencar_2011_016.jpg?t=1716786074&quot;,&quot;thumbnailURL&quot;:&quot;https:\\\/\\\/portalv1.com.br\\\/app\\\/wp-content\\\/gallery\\\/confraternizacao-alencar-2011\\\/thumbs\\\/thumbs_confraternizacao_alencar_2011_016.jpg?t=1716786074&quot;,&quot;description&quot;:&quot; &quot;,&quot;alttext&quot;:&quot;confraternizacao_alencar_2011_016&quot;,&quot;style&quot;:&quot;&quot;},{&quot;pid&quot;:13175,&quot;imageURL&quot;:&quot;https:\\\/\\\/portalv1.com.br\\\/app\\\/wp-content\\\/gallery\\\/confraternizacao-alencar-2011\\\/confraternizacao_alencar_2011_017.jpg?t=1716784226&quot;,&quot;thumbnailURL&quot;:&quot;https:\\\/\\\/portalv1.com.br\\\/app\\\/wp-content\\\/gallery\\\/confraternizacao-alencar-2011\\\/thumbs\\\/thumbs_confraternizacao_alencar_2011_017.jpg?t=1716784226&quot;,&quot;description&quot;:&quot; &quot;,&quot;alttext&quot;:&quot;confraternizacao_alencar_2011_017&quot;,&quot;style&quot;:&quot;&quot;},{&quot;pid&quot;:13176,&quot;imageURL&quot;:&quot;https:\\\/\\\/portalv1.com.br\\\/app\\\/wp-content\\\/gallery\\\/confraternizacao-alencar-2011\\\/confraternizacao_alencar_2011_018.jpg?t=1716791842&quot;,&quot;thumbnailURL&quot;:&quot;https:\\\/\\\/portalv1.com.br\\\/app\\\/wp-content\\\/gallery\\\/confraternizacao-alencar-2011\\\/thumbs\\\/thumbs_confraternizacao_alencar_2011_018.jpg?t=1716791842&quot;,&quot;description&quot;:&quot; &quot;,&quot;alttext&quot;:&quot;confraternizacao_alencar_2011_018&quot;,&quot;style&quot;:&quot;&quot;},{&quot;pid&quot;:13177,&quot;imageURL&quot;:&quot;https:\\\/\\\/portalv1.com.br\\\/app\\\/wp-content\\\/gallery\\\/confraternizacao-alencar-2011\\\/confraternizacao_alencar_2011_019.jpg?t=1716787996&quot;,&quot;thumbnailURL&quot;:&quot;https:\\\/\\\/portalv1.com.br\\\/app\\\/wp-content\\\/gallery\\\/confraternizacao-alencar-2011\\\/thumbs\\\/thumbs_confraternizacao_alencar_2011_019.jpg?t=1716787996&quot;,&quot;description&quot;:&quot; &quot;,&quot;alttext&quot;:&quot;confraternizacao_alencar_2011_019&quot;,&quot;style&quot;:&quot;&quot;},{&quot;pid&quot;:13178,&quot;imageURL&quot;:&quot;https:\\\/\\\/portalv1.com.br\\\/app\\\/wp-content\\\/gallery\\\/confraternizacao-alencar-2011\\\/confraternizacao_alencar_2011_020.jpg?t=1716789815&quot;,&quot;thumbnailURL&quot;:&quot;https:\\\/\\\/portalv1.com.br\\\/app\\\/wp-content\\\/gallery\\\/confraternizacao-alencar-2011\\\/thumbs\\\/thumbs_confraternizacao_alencar_2011_020.jpg?t=1716789815&quot;,&quot;description&quot;:&quot; &quot;,&quot;alttext&quot;:&quot;confraternizacao_alencar_2011_020&quot;,&quot;style&quot;:&quot;&quot;},{&quot;pid&quot;:13179,&quot;imageURL&quot;:&quot;https:\\\/\\\/portalv1.com.br\\\/app\\\/wp-content\\\/gallery\\\/confraternizacao-alencar-2011\\\/confraternizacao_alencar_2011_021.jpg?t=1716784266&quot;,&quot;thumbnailURL&quot;:&quot;https:\\\/\\\/portalv1.com.br\\\/app\\\/wp-content\\\/gallery\\\/confraternizacao-alencar-2011\\\/thumbs\\\/thumbs_confraternizacao_alencar_2011_021.jpg?t=1716784266&quot;,&quot;description&quot;:&quot; &quot;,&quot;alttext&quot;:&quot;confraternizacao_alencar_2011_021&quot;,&quot;style&quot;:&quot;&quot;},{&quot;pid&quot;:13180,&quot;imageURL&quot;:&quot;https:\\\/\\\/portalv1.com.br\\\/app\\\/wp-content\\\/gallery\\\/confraternizacao-alencar-2011\\\/confraternizacao_alencar_2011_022.jpg?t=1716786140&quot;,&quot;thumbnailURL&quot;:&quot;https:\\\/\\\/portalv1.com.br\\\/app\\\/wp-content\\\/gallery\\\/confraternizacao-alencar-2011\\\/thumbs\\\/thumbs_confraternizacao_alencar_2011_022.jpg?t=1716786140&quot;,&quot;description&quot;:&quot; &quot;,&quot;alttext&quot;:&quot;confraternizacao_alencar_2011_022&quot;,&quot;style&quot;:&quot;&quot;},{&quot;pid&quot;:13181,&quot;imageURL&quot;:&quot;https:\\\/\\\/portalv1.com.br\\\/app\\\/wp-content\\\/gallery\\\/confraternizacao-alencar-2011\\\/confraternizacao_alencar_2011_023.jpg?t=1716786094&quot;,&quot;thumbnailURL&quot;:&quot;https:\\\/\\\/portalv1.com.br\\\/app\\\/wp-content\\\/gallery\\\/confraternizacao-alencar-2011\\\/thumbs\\\/thumbs_confraternizacao_alencar_2011_023.jpg?t=1716786094&quot;,&quot;description&quot;:&quot; &quot;,&quot;alttext&quot;:&quot;confraternizacao_alencar_2011_023&quot;,&quot;style&quot;:&quot;&quot;},{&quot;pid&quot;:13182,&quot;imageURL&quot;:&quot;https:\\\/\\\/portalv1.com.br\\\/app\\\/wp-content\\\/gallery\\\/confraternizacao-alencar-2011\\\/confraternizacao_alencar_2011_024.jpg?t=1716784220&quot;,&quot;thumbnailURL&quot;:&quot;https:\\\/\\\/portalv1.com.br\\\/app\\\/wp-content\\\/gallery\\\/confraternizacao-alencar-2011\\\/thumbs\\\/thumbs_confraternizacao_alencar_2011_024.jpg?t=1716784220&quot;,&quot;description&quot;:&quot; &quot;,&quot;alttext&quot;:&quot;confraternizacao_alencar_2011_024&quot;,&quot;style&quot;:&quot;&quot;},{&quot;pid&quot;:13183,&quot;imageURL&quot;:&quot;https:\\\/\\\/portalv1.com.br\\\/app\\\/wp-content\\\/gallery\\\/confraternizacao-alencar-2011\\\/confraternizacao_alencar_2011_025.jpg?t=1716793665&quot;,&quot;thumbnailURL&quot;:&quot;https:\\\/\\\/portalv1.com.br\\\/app\\\/wp-content\\\/gallery\\\/confraternizacao-alencar-2011\\\/thumbs\\\/thumbs_confraternizacao_alencar_2011_025.jpg?t=1716793665&quot;,&quot;description&quot;:&quot; &quot;,&quot;alttext&quot;:&quot;confraternizacao_alencar_2011_025&quot;,&quot;style&quot;:&quot;&quot;},{&quot;pid&quot;:13184,&quot;imageURL&quot;:&quot;https:\\\/\\\/portalv1.com.br\\\/app\\\/wp-content\\\/gallery\\\/confraternizacao-alencar-2011\\\/confraternizacao_alencar_2011_026.jpg?t=1716786152&quot;,&quot;thumbnailURL&quot;:&quot;https:\\\/\\\/portalv1.com.br\\\/app\\\/wp-content\\\/gallery\\\/confraternizacao-alencar-2011\\\/thumbs\\\/thumbs_confraternizacao_alencar_2011_026.jpg?t=1716786152&quot;,&quot;description&quot;:&quot; &quot;,&quot;alttext&quot;:&quot;confraternizacao_alencar_2011_026&quot;,&quot;style&quot;:&quot;&quot;},{&quot;pid&quot;:13185,&quot;imageURL&quot;:&quot;https:\\\/\\\/portalv1.com.br\\\/app\\\/wp-content\\\/gallery\\\/confraternizacao-alencar-2011\\\/016.jpg?t=1716788097&quot;,&quot;thumbnailURL&quot;:&quot;https:\\\/\\\/portalv1.com.br\\\/app\\\/wp-content\\\/gallery\\\/confraternizacao-alencar-2011\\\/thumbs\\\/thumbs_016.jpg?t=1716788097&quot;,&quot;description&quot;:&quot; &quot;,&quot;alttext&quot;:&quot;016&quot;,&quot;style&quot;:&quot;&quot;},{&quot;pid&quot;:13186,&quot;imageURL&quot;:&quot;https:\\\/\\\/portalv1.com.br\\\/app\\\/wp-content\\\/gallery\\\/confraternizacao-alencar-2011\\\/018.jpg?t=1716786087&quot;,&quot;thumbnailURL&quot;:&quot;https:\\\/\\\/portalv1.com.br\\\/app\\\/wp-content\\\/gallery\\\/confraternizacao-alencar-2011\\\/thumbs\\\/thumbs_018.jpg?t=1716786087&quot;,&quot;description&quot;:&quot; &quot;,&quot;alttext&quot;:&quot;018&quot;,&quot;style&quot;:&quot;&quot;},{&quot;pid&quot;:13187,&quot;imageURL&quot;:&quot;https:\\\/\\\/portalv1.com.br\\\/app\\\/wp-content\\\/gallery\\\/confraternizacao-alencar-2011\\\/023.jpg?t=1716788066&quot;,&quot;thumbnailURL&quot;:&quot;https:\\\/\\\/portalv1.com.br\\\/app\\\/wp-content\\\/gallery\\\/confraternizacao-alencar-2011\\\/thumbs\\\/thumbs_023.jpg?t=1716788066&quot;,&quot;description&quot;:&quot; &quot;,&quot;alttext&quot;:&quot;023&quot;,&quot;style&quot;:&quot;&quot;},{&quot;pid&quot;:13188,&quot;imageURL&quot;:&quot;https:\\\/\\\/portalv1.com.br\\\/app\\\/wp-content\\\/gallery\\\/confraternizacao-alencar-2011\\\/026.jpg?t=1716790236&quot;,&quot;thumbnailURL&quot;:&quot;https:\\\/\\\/portalv1.com.br\\\/app\\\/wp-content\\\/gallery\\\/confraternizacao-alencar-2011\\\/thumbs\\\/thumbs_026.jpg?t=1716790236&quot;,&quot;description&quot;:&quot; &quot;,&quot;alttext&quot;:&quot;026&quot;,&quot;style&quot;:&quot;&quot;},{&quot;pid&quot;:13189,&quot;imageURL&quot;:&quot;https:\\\/\\\/portalv1.com.br\\\/app\\\/wp-content\\\/gallery\\\/confraternizacao-alencar-2011\\\/100_0785.jpg?t=1716788012&quot;,&quot;thumbnailURL&quot;:&quot;https:\\\/\\\/portalv1.com.br\\\/app\\\/wp-content\\\/gallery\\\/confraternizacao-alencar-2011\\\/thumbs\\\/thumbs_100_0785.jpg?t=1716788012&quot;,&quot;description&quot;:&quot; &quot;,&quot;alttext&quot;:&quot;100_0785&quot;,&quot;style&quot;:&quot;&quot;},{&quot;pid&quot;:13190,&quot;imageURL&quot;:&quot;https:\\\/\\\/portalv1.com.br\\\/app\\\/wp-content\\\/gallery\\\/confraternizacao-alencar-2011\\\/100_0786.jpg?t=1716790073&quot;,&quot;thumbnailURL&quot;:&quot;https:\\\/\\\/portalv1.com.br\\\/app\\\/wp-content\\\/gallery\\\/confraternizacao-alencar-2011\\\/thumbs\\\/thumbs_100_0786.jpg?t=1716790073&quot;,&quot;description&quot;:&quot; &quot;,&quot;alttext&quot;:&quot;100_0786&quot;,&quot;style&quot;:&quot;&quot;},{&quot;pid&quot;:13191,&quot;imageURL&quot;:&quot;https:\\\/\\\/portalv1.com.br\\\/app\\\/wp-content\\\/gallery\\\/confraternizacao-alencar-2011\\\/100_0795.jpg?t=1716791779&quot;,&quot;thumbnailURL&quot;:&quot;https:\\\/\\\/portalv1.com.br\\\/app\\\/wp-content\\\/gallery\\\/confraternizacao-alencar-2011\\\/thumbs\\\/thumbs_100_0795.jpg?t=1716791779&quot;,&quot;description&quot;:&quot; &quot;,&quot;alttext&quot;:&quot;100_0795&quot;,&quot;style&quot;:&quot;&quot;},{&quot;pid&quot;:13192,&quot;imageURL&quot;:&quot;https:\\\/\\\/portalv1.com.br\\\/app\\\/wp-content\\\/gallery\\\/confraternizacao-alencar-2011\\\/100_0806.jpg?t=1716786149&quot;,&quot;thumbnailURL&quot;:&quot;https:\\\/\\\/portalv1.com.br\\\/app\\\/wp-content\\\/gallery\\\/confraternizacao-alencar-2011\\\/thumbs\\\/thumbs_100_0806.jpg?t=1716786149&quot;,&quot;description&quot;:&quot; &quot;,&quot;alttext&quot;:&quot;100_0806&quot;,&quot;style&quot;:&quot;&quot;},{&quot;pid&quot;:13193,&quot;imageURL&quot;:&quot;https:\\\/\\\/portalv1.com.br\\\/app\\\/wp-content\\\/gallery\\\/confraternizacao-alencar-2011\\\/100_0807.jpg?t=1716788043&quot;,&quot;thumbnailURL&quot;:&quot;https:\\\/\\\/portalv1.com.br\\\/app\\\/wp-content\\\/gallery\\\/confraternizacao-alencar-2011\\\/thumbs\\\/thumbs_100_0807.jpg?t=1716788043&quot;,&quot;description&quot;:&quot; &quot;,&quot;alttext&quot;:&quot;100_0807&quot;,&quot;style&quot;:&quot;&quot;},{&quot;pid&quot;:13194,&quot;imageURL&quot;:&quot;https:\\\/\\\/portalv1.com.br\\\/app\\\/wp-content\\\/gallery\\\/confraternizacao-alencar-2011\\\/100_0808.jpg?t=1716787961&quot;,&quot;thumbnailURL&quot;:&quot;https:\\\/\\\/portalv1.com.br\\\/app\\\/wp-content\\\/gallery\\\/confraternizacao-alencar-2011\\\/thumbs\\\/thumbs_100_0808.jpg?t=1716787961&quot;,&quot;description&quot;:&quot; &quot;,&quot;alttext&quot;:&quot;100_0808&quot;,&quot;style&quot;:&quot;&quot;},{&quot;pid&quot;:13195,&quot;imageURL&quot;:&quot;https:\\\/\\\/portalv1.com.br\\\/app\\\/wp-content\\\/gallery\\\/confraternizacao-alencar-2011\\\/100_0809.jpg?t=1716791623&quot;,&quot;thumbnailURL&quot;:&quot;https:\\\/\\\/portalv1.com.br\\\/app\\\/wp-content\\\/gallery\\\/confraternizacao-alencar-2011\\\/thumbs\\\/thumbs_100_0809.jpg?t=1716791623&quot;,&quot;description&quot;:&quot; &quot;,&quot;alttext&quot;:&quot;100_0809&quot;,&quot;style&quot;:&quot;&quot;},{&quot;pid&quot;:13196,&quot;imageURL&quot;:&quot;https:\\\/\\\/portalv1.com.br\\\/app\\\/wp-content\\\/gallery\\\/confraternizacao-alencar-2011\\\/100_0820.jpg?t=1716790088&quot;,&quot;thumbnailURL&quot;:&quot;https:\\\/\\\/portalv1.com.br\\\/app\\\/wp-content\\\/gallery\\\/confraternizacao-alencar-2011\\\/thumbs\\\/thumbs_100_0820.jpg?t=1716790088&quot;,&quot;description&quot;:&quot; &quot;,&quot;alttext&quot;:&quot;100_0820&quot;,&quot;style&quot;:&quot;&quot;},{&quot;pid&quot;:13197,&quot;imageURL&quot;:&quot;https:\\\/\\\/portalv1.com.br\\\/app\\\/wp-content\\\/gallery\\\/confraternizacao-alencar-2011\\\/100_0821.jpg?t=1716789847&quot;,&quot;thumbnailURL&quot;:&quot;https:\\\/\\\/portalv1.com.br\\\/app\\\/wp-content\\\/gallery\\\/confraternizacao-alencar-2011\\\/thumbs\\\/thumbs_100_0821.jpg?t=1716789847&quot;,&quot;description&quot;:&quot; &quot;,&quot;alttext&quot;:&quot;100_0821&quot;,&quot;style&quot;:&quot;&quot;},{&quot;pid&quot;:13198,&quot;imageURL&quot;:&quot;https:\\\/\\\/portalv1.com.br\\\/app\\\/wp-content\\\/gallery\\\/confraternizacao-alencar-2011\\\/100_0823.jpg?t=1716789987&quot;,&quot;thumbnailURL&quot;:&quot;https:\\\/\\\/portalv1.com.br\\\/app\\\/wp-content\\\/gallery\\\/confraternizacao-alencar-2011\\\/thumbs\\\/thumbs_100_0823.jpg?t=1716789987&quot;,&quot;description&quot;:&quot; &quot;,&quot;alttext&quot;:&quot;100_0823&quot;,&quot;style&quot;:&quot;&quot;},{&quot;pid&quot;:13199,&quot;imageURL&quot;:&quot;https:\\\/\\\/portalv1.com.br\\\/app\\\/wp-content\\\/gallery\\\/confraternizacao-alencar-2011\\\/100_0825.jpg?t=1716784253&quot;,&quot;thumbnailURL&quot;:&quot;https:\\\/\\\/portalv1.com.br\\\/app\\\/wp-content\\\/gallery\\\/confraternizacao-alencar-2011\\\/thumbs\\\/thumbs_100_0825.jpg?t=1716784253&quot;,&quot;description&quot;:&quot; &quot;,&quot;alttext&quot;:&quot;100_0825&quot;,&quot;style&quot;:&quot;&quot;},{&quot;pid&quot;:13200,&quot;imageURL&quot;:&quot;https:\\\/\\\/portalv1.com.br\\\/app\\\/wp-content\\\/gallery\\\/confraternizacao-alencar-2011\\\/100_0826.jpg?t=1716790010&quot;,&quot;thumbnailURL&quot;:&quot;https:\\\/\\\/portalv1.com.br\\\/app\\\/wp-content\\\/gallery\\\/confraternizacao-alencar-2011\\\/thumbs\\\/thumbs_100_0826.jpg?t=1716790010&quot;,&quot;description&quot;:&quot; &quot;,&quot;alttext&quot;:&quot;100_0826&quot;,&quot;style&quot;:&quot;&quot;},{&quot;pid&quot;:13201,&quot;imageURL&quot;:&quot;https:\\\/\\\/portalv1.com.br\\\/app\\\/wp-content\\\/gallery\\\/confraternizacao-alencar-2011\\\/100_0827.jpg?t=1716789784&quot;,&quot;thumbnailURL&quot;:&quot;https:\\\/\\\/portalv1.com.br\\\/app\\\/wp-content\\\/gallery\\\/confraternizacao-alencar-2011\\\/thumbs\\\/thumbs_100_0827.jpg?t=1716789784&quot;,&quot;description&quot;:&quot; &quot;,&quot;alttext&quot;:&quot;100_0827&quot;,&quot;style&quot;:&quot;&quot;},{&quot;pid&quot;:13202,&quot;imageURL&quot;:&quot;https:\\\/\\\/portalv1.com.br\\\/app\\\/wp-content\\\/gallery\\\/confraternizacao-alencar-2011\\\/227.jpg?t=1716790151&quot;,&quot;thumbnailURL&quot;:&quot;https:\\\/\\\/portalv1.com.br\\\/app\\\/wp-content\\\/gallery\\\/confraternizacao-alencar-2011\\\/thumbs\\\/thumbs_227.jpg?t=1716790151&quot;,&quot;description&quot;:&quot; &quot;,&quot;alttext&quot;:&quot;227&quot;,&quot;style&quot;:&quot;&quot;},{&quot;pid&quot;:13203,&quot;imageURL&quot;:&quot;https:\\\/\\\/portalv1.com.br\\\/app\\\/wp-content\\\/gallery\\\/confraternizacao-alencar-2011\\\/230.jpg?t=1716786002&quot;,&quot;thumbnailURL&quot;:&quot;https:\\\/\\\/portalv1.com.br\\\/app\\\/wp-content\\\/gallery\\\/confraternizacao-alencar-2011\\\/thumbs\\\/thumbs_230.jpg?t=1716786002&quot;,&quot;description&quot;:&quot; &quot;,&quot;alttext&quot;:&quot;230&quot;,&quot;style&quot;:&quot;&quot;},{&quot;pid&quot;:13204,&quot;imageURL&quot;:&quot;https:\\\/\\\/portalv1.com.br\\\/app\\\/wp-content\\\/gallery\\\/confraternizacao-alencar-2011\\\/233.jpg?t=1716786021&quot;,&quot;thumbnailURL&quot;:&quot;https:\\\/\\\/portalv1.com.br\\\/app\\\/wp-content\\\/gallery\\\/confraternizacao-alencar-2011\\\/thumbs\\\/thumbs_233.jpg?t=1716786021&quot;,&quot;description&quot;:&quot; &quot;,&quot;alttext&quot;:&quot;233&quot;,&quot;style&quot;:&quot;&quot;},{&quot;pid&quot;:13205,&quot;imageURL&quot;:&quot;https:\\\/\\\/portalv1.com.br\\\/app\\\/wp-content\\\/gallery\\\/confraternizacao-alencar-2011\\\/234.jpg?t=1716790182&quot;,&quot;thumbnailURL&quot;:&quot;https:\\\/\\\/portalv1.com.br\\\/app\\\/wp-content\\\/gallery\\\/confraternizacao-alencar-2011\\\/thumbs\\\/thumbs_234.jpg?t=1716790182&quot;,&quot;description&quot;:&quot; &quot;,&quot;alttext&quot;:&quot;234&quot;,&quot;style&quot;:&quot;&quot;},{&quot;pid&quot;:13206,&quot;imageURL&quot;:&quot;https:\\\/\\\/portalv1.com.br\\\/app\\\/wp-content\\\/gallery\\\/confraternizacao-alencar-2011\\\/235.jpg?t=1716789956&quot;,&quot;thumbnailURL&quot;:&quot;https:\\\/\\\/portalv1.com.br\\\/app\\\/wp-content\\\/gallery\\\/confraternizacao-alencar-2011\\\/thumbs\\\/thumbs_235.jpg?t=1716789956&quot;,&quot;description&quot;:&quot; &quot;,&quot;alttext&quot;:&quot;235&quot;,&quot;style&quot;:&quot;&quot;},{&quot;pid&quot;:13207,&quot;imageURL&quot;:&quot;https:\\\/\\\/portalv1.com.br\\\/app\\\/wp-content\\\/gallery\\\/confraternizacao-alencar-2011\\\/237.jpg?t=1704674669&quot;,&quot;thumbnailURL&quot;:&quot;https:\\\/\\\/portalv1.com.br\\\/app\\\/wp-content\\\/gallery\\\/confraternizacao-alencar-2011\\\/thumbs\\\/thumbs_237.jpg?t=1704674669&quot;,&quot;description&quot;:&quot; &quot;,&quot;alttext&quot;:&quot;237&quot;,&quot;style&quot;:&quot;&quot;},{&quot;pid&quot;:13208,&quot;imageURL&quot;:&quot;https:\\\/\\\/portalv1.com.br\\\/app\\\/wp-content\\\/gallery\\\/confraternizacao-alencar-2011\\\/240.jpg?t=1704675371&quot;,&quot;thumbnailURL&quot;:&quot;https:\\\/\\\/portalv1.com.br\\\/app\\\/wp-content\\\/gallery\\\/confraternizacao-alencar-2011\\\/thumbs\\\/thumbs_240.jpg?t=1704675371&quot;,&quot;description&quot;:&quot; &quot;,&quot;alttext&quot;:&quot;240&quot;,&quot;style&quot;:&quot;&quot;},{&quot;pid&quot;:13209,&quot;imageURL&quot;:&quot;https:\\\/\\\/portalv1.com.br\\\/app\\\/wp-content\\\/gallery\\\/confraternizacao-alencar-2011\\\/249.jpg?t=1704674030&quot;,&quot;thumbnailURL&quot;:&quot;https:\\\/\\\/portalv1.com.br\\\/app\\\/wp-content\\\/gallery\\\/confraternizacao-alencar-2011\\\/thumbs\\\/thumbs_249.jpg?t=1704674030&quot;,&quot;description&quot;:&quot; &quot;,&quot;alttext&quot;:&quot;249&quot;,&quot;style&quot;:&quot;&quot;},{&quot;pid&quot;:13210,&quot;imageURL&quot;:&quot;https:\\\/\\\/portalv1.com.br\\\/app\\\/wp-content\\\/gallery\\\/confraternizacao-alencar-2011\\\/251.jpg?t=1704674988&quot;,&quot;thumbnailURL&quot;:&quot;https:\\\/\\\/portalv1.com.br\\\/app\\\/wp-content\\\/gallery\\\/confraternizacao-alencar-2011\\\/thumbs\\\/thumbs_251.jpg?t=1704674988&quot;,&quot;description&quot;:&quot; &quot;,&quot;alttext&quot;:&quot;251&quot;,&quot;style&quot;:&quot;&quot;},{&quot;pid&quot;:13211,&quot;imageURL&quot;:&quot;https:\\\/\\\/portalv1.com.br\\\/app\\\/wp-content\\\/gallery\\\/confraternizacao-alencar-2011\\\/252.jpg?t=1704675321&quot;,&quot;thumbnailURL&quot;:&quot;https:\\\/\\\/portalv1.com.br\\\/app\\\/wp-content\\\/gallery\\\/confraternizacao-alencar-2011\\\/thumbs\\\/thumbs_252.jpg?t=1704675321&quot;,&quot;description&quot;:&quot; &quot;,&quot;alttext&quot;:&quot;252&quot;,&quot;style&quot;:&quot;&quot;},{&quot;pid&quot;:13212,&quot;imageURL&quot;:&quot;https:\\\/\\\/portalv1.com.br\\\/app\\\/wp-content\\\/gallery\\\/confraternizacao-alencar-2011\\\/254.jpg?t=1704674413&quot;,&quot;thumbnailURL&quot;:&quot;https:\\\/\\\/portalv1.com.br\\\/app\\\/wp-content\\\/gallery\\\/confraternizacao-alencar-2011\\\/thumbs\\\/thumbs_254.jpg?t=1704674413&quot;,&quot;description&quot;:&quot; &quot;,&quot;alttext&quot;:&quot;254&quot;,&quot;style&quot;:&quot;&quot;},{&quot;pid&quot;:13213,&quot;imageURL&quot;:&quot;https:\\\/\\\/portalv1.com.br\\\/app\\\/wp-content\\\/gallery\\\/confraternizacao-alencar-2011\\\/255.jpg?t=1704674190&quot;,&quot;thumbnailURL&quot;:&quot;https:\\\/\\\/portalv1.com.br\\\/app\\\/wp-content\\\/gallery\\\/confraternizacao-alencar-2011\\\/thumbs\\\/thumbs_255.jpg?t=1704674190&quot;,&quot;description&quot;:&quot; &quot;,&quot;alttext&quot;:&quot;255&quot;,&quot;style&quot;:&quot;&quot;},{&quot;pid&quot;:13214,&quot;imageURL&quot;:&quot;https:\\\/\\\/portalv1.com.br\\\/app\\\/wp-content\\\/gallery\\\/confraternizacao-alencar-2011\\\/260.jpg?t=1704673998&quot;,&quot;thumbnailURL&quot;:&quot;https:\\\/\\\/portalv1.com.br\\\/app\\\/wp-content\\\/gallery\\\/confraternizacao-alencar-2011\\\/thumbs\\\/thumbs_260.jpg?t=1704673998&quot;,&quot;description&quot;:&quot; &quot;,&quot;alttext&quot;:&quot;260&quot;,&quot;style&quot;:&quot;&quot;},{&quot;pid&quot;:13215,&quot;imageURL&quot;:&quot;https:\\\/\\\/portalv1.com.br\\\/app\\\/wp-content\\\/gallery\\\/confraternizacao-alencar-2011\\\/273.jpg?t=1704675180&quot;,&quot;thumbnailURL&quot;:&quot;https:\\\/\\\/portalv1.com.br\\\/app\\\/wp-content\\\/gallery\\\/confraternizacao-alencar-2011\\\/thumbs\\\/thumbs_273.jpg?t=1704675180&quot;,&quot;description&quot;:&quot; &quot;,&quot;alttext&quot;:&quot;273&quot;,&quot;style&quot;:&quot;&quot;},{&quot;pid&quot;:13216,&quot;imageURL&quot;:&quot;https:\\\/\\\/portalv1.com.br\\\/app\\\/wp-content\\\/gallery\\\/confraternizacao-alencar-2011\\\/274.jpg?t=1704674477&quot;,&quot;thumbnailURL&quot;:&quot;https:\\\/\\\/portalv1.com.br\\\/app\\\/wp-content\\\/gallery\\\/confraternizacao-alencar-2011\\\/thumbs\\\/thumbs_274.jpg?t=1704674477&quot;,&quot;description&quot;:&quot; &quot;,&quot;alttext&quot;:&quot;274&quot;,&quot;style&quot;:&quot;&quot;},{&quot;pid&quot;:13217,&quot;imageURL&quot;:&quot;https:\\\/\\\/portalv1.com.br\\\/app\\\/wp-content\\\/gallery\\\/confraternizacao-alencar-2011\\\/276.jpg?t=1704675395&quot;,&quot;thumbnailURL&quot;:&quot;https:\\\/\\\/portalv1.com.br\\\/app\\\/wp-content\\\/gallery\\\/confraternizacao-alencar-2011\\\/thumbs\\\/thumbs_276.jpg?t=1704675395&quot;,&quot;description&quot;:&quot; &quot;,&quot;alttext&quot;:&quot;276&quot;,&quot;style&quot;:&quot;&quot;}]}}'><\/div><\/strong>.<\/p>\n","protected":false},"excerpt":{"rendered":"<p>O Grupo Alencar realizou nesta segunda-feira (26) sua confraterniza\u00e7\u00e3o anual. A festa aconteceu na resid\u00eancia do presidente do grupo Rubens Alencar no Bairro Novo Horizonte. A confraterniza\u00e7\u00e3o desse ano teve&#8230;<\/p>\n","protected":false},"author":1,"featured_media":0,"comment_status":"open","ping_status":"open","sticky":false,"template":"","format":"standard","meta":{"ngg_post_thumbnail":0,"footnotes":""},"categories":[12],"tags":[],"class_list":["post-11693","post","type-post","status-publish","format-standard","hentry","category-valenca-news"],"views":1813,"meta_data":{"thumb":"https:\/\/portalv1.com.br\/app\/wp-content\/uploads\/2011\/12\/rubens3.jpg","data":{"simple":"29\/12\/2011","date_time":"29\/12\/2011 10:37:01","date":"h\u00e1 14 anos"},"chapeu":"","source":""},"_links":{"self":[{"href":"https:\/\/portalv1.com.br\/api\/wp\/v2\/posts\/11693","targetHints":{"allow":["GET"]}}],"collection":[{"href":"https:\/\/portalv1.com.br\/api\/wp\/v2\/posts"}],"about":[{"href":"https:\/\/portalv1.com.br\/api\/wp\/v2\/types\/post"}],"author":[{"embeddable":true,"href":"https:\/\/portalv1.com.br\/api\/wp\/v2\/users\/1"}],"replies":[{"embeddable":true,"href":"https:\/\/portalv1.com.br\/api\/wp\/v2\/comments?post=11693"}],"version-history":[{"count":0,"href":"https:\/\/portalv1.com.br\/api\/wp\/v2\/posts\/11693\/revisions"}],"wp:attachment":[{"href":"https:\/\/portalv1.com.br\/api\/wp\/v2\/media?parent=11693"}],"wp:term":[{"taxonomy":"category","embeddable":true,"href":"https:\/\/portalv1.com.br\/api\/wp\/v2\/categories?post=11693"},{"taxonomy":"post_tag","embeddable":true,"href":"https:\/\/portalv1.com.br\/api\/wp\/v2\/tags?post=11693"}],"curies":[{"name":"wp","href":"https:\/\/api.w.org\/{rel}","templated":true}]}}