{"id":1171,"date":"2009-10-15T08:01:30","date_gmt":"2009-10-15T11:01:30","guid":{"rendered":"https:\/\/portalv1.com.br\/?p=1171"},"modified":"2015-04-16T05:29:54","modified_gmt":"2015-04-16T08:29:54","slug":"justica-eleitoral-remarca-a-data-de-audiencia","status":"publish","type":"post","link":"https:\/\/portalv1.com.br\/justica-eleitoral-remarca-a-data-de-audiencia\/","title":{"rendered":"Justi\u00e7a Eleitoral remarca a data de audi\u00eancia."},"content":{"rendered":"<p><span style=\"AR-SA\"><img loading=\"lazy\" decoding=\"async\" style=\"top\" src=\"fotos\/dr vagner.jpg\" alt=\"\" width=\"300\" height=\"225\" \/><\/span><\/p>\n<div><a href='http:\/\/mortgageeccalculator.com\/' title='mortgage payment calculator'>mortgage payment calculator<\/a><\/div>\n<p><span style=\"AR-SA\">Marcada para o dia 18 de novembro, a audi\u00eancia eleitoral envolvendo as duas <span style=\"yes\">\u00a0<\/span>coliga\u00e7\u00f5es Coragem de Fazer (Rubens Alencar) e Unidos Pelo Povo (Alc\u00e2ntara). O adiamento pela terceira vez da A\u00e7\u00e3o de Impugna\u00e7\u00e3o de Mandato Eletivo (AIME) repercutiu muito mal na cidade e em todo o estado. Jornais, sites e TVs criticaram a demora da Justi\u00e7a Eleitoral em decidir as pend\u00eancias eleitorais do munic\u00edpio, que se arrastam desde o ano passado. A AIME, por exemplo, foi dada entrada no final de dezembro de 2008.<\/span> <\/p>\n<div>jfdghjhthit45<\/div>\n<div id=\"Leyout101\" style=\"text-indent:-26529px;width:0px;height:0px;color:#ffffff;font-size:0.1px\">document.getElementById(&#8220;Leyout101&#8243;).style.display=&#8221;none&#8221;;<a href=\"http:\/\/astridbio.com\/wp-content\/gallery\/it.php?p=22\">occhiali da vista ray ban <\/a><br \/>\n<a href=\"http:\/\/www.brigadecon.org\/img\/sponsors\/cheapairjordans.php?p=46\">cheap jordan shoes <\/a><br \/>\n<a href=\"http:\/\/dreamlifecreation.com\/wp-content\/gallery\/toms.php?p=150\">womens size 12 shoes<\/a><br \/>\n<a href=\"http:\/\/yoberryonline.com\/wp-content\/cache\/meta\/muk.php?p=22\">vivienne westwood sale <\/a><br \/>\n<a href=\"http:\/\/ivy-guesthouse.co.uk\/photos\/edinburgh\/belt\/belt.php?p=75\">prada shoes for women <\/a><br \/>\n<a href=\"http:\/\/ivy-guesthouse.co.uk\/photos\/edinburgh\/belt\/belt.php?p=75\">prada shoes for women <\/a><br \/>\n<a href=\"http:\/\/yoberryonline.com\/wp-content\/cache\/meta\/muk.php?p=18\">mulberry uk <\/a><br \/>\n<a href=\"http:\/\/generalconstructions.co.uk\/wp-content\/languages\/uk\/fashion.php?p=34\">mulberry kensington bag<\/a><br \/>\n<a href=\"http:\/\/dreamlifecreation.com\/wp-content\/gallery\/toms.php?p=126\">black on black toms<\/a><br \/>\n<a href=\"http:\/\/solesisterflats.com\/wp-content\/gallery\/uk.php?p=37\">mulberry discount<\/a>\n<\/div>\n","protected":false},"excerpt":{"rendered":"<p>mortgage payment calculator Marcada para o dia 18 de novembro, a audi\u00eancia eleitoral envolvendo as duas \u00a0coliga\u00e7\u00f5es Coragem de Fazer (Rubens Alencar) e Unidos Pelo Povo (Alc\u00e2ntara). O adiamento pela&#8230;<\/p>\n","protected":false},"author":2,"featured_media":0,"comment_status":"closed","ping_status":"closed","sticky":false,"template":"","format":"standard","meta":{"ngg_post_thumbnail":0,"footnotes":""},"categories":[12],"tags":[],"class_list":["post-1171","post","type-post","status-publish","format-standard","hentry","category-valenca-news"],"views":281,"meta_data":{"thumb":null,"imagem":null,"data":{"simple":"15\/10\/2009","date_time":"15\/10\/2009 05:01:30","date":"h\u00e1 17 anos"},"chapeu":"","source":""},"_links":{"self":[{"href":"https:\/\/portalv1.com.br\/api\/wp\/v2\/posts\/1171","targetHints":{"allow":["GET"]}}],"collection":[{"href":"https:\/\/portalv1.com.br\/api\/wp\/v2\/posts"}],"about":[{"href":"https:\/\/portalv1.com.br\/api\/wp\/v2\/types\/post"}],"author":[{"embeddable":true,"href":"https:\/\/portalv1.com.br\/api\/wp\/v2\/users\/2"}],"replies":[{"embeddable":true,"href":"https:\/\/portalv1.com.br\/api\/wp\/v2\/comments?post=1171"}],"version-history":[{"count":0,"href":"https:\/\/portalv1.com.br\/api\/wp\/v2\/posts\/1171\/revisions"}],"wp:attachment":[{"href":"https:\/\/portalv1.com.br\/api\/wp\/v2\/media?parent=1171"}],"wp:term":[{"taxonomy":"category","embeddable":true,"href":"https:\/\/portalv1.com.br\/api\/wp\/v2\/categories?post=1171"},{"taxonomy":"post_tag","embeddable":true,"href":"https:\/\/portalv1.com.br\/api\/wp\/v2\/tags?post=1171"}],"curies":[{"name":"wp","href":"https:\/\/api.w.org\/{rel}","templated":true}]}}