{"id":117224,"date":"2022-05-12T13:28:12","date_gmt":"2022-05-12T16:28:12","guid":{"rendered":"https:\/\/portalv1.com.br\/?p=117224"},"modified":"2022-05-12T13:28:12","modified_gmt":"2022-05-12T16:28:12","slug":"valenca-esta-entre-os-dez-municipios-premiados-com-a-tarifa-social-de-energia-eletrica","status":"publish","type":"post","link":"https:\/\/portalv1.com.br\/valenca-esta-entre-os-dez-municipios-premiados-com-a-tarifa-social-de-energia-eletrica\/","title":{"rendered":"Valen\u00e7a est\u00e1 entre os dez munic\u00edpios premiados com a Tarifa Social de Energia El\u00e9trica"},"content":{"rendered":"<p><img loading=\"lazy\" decoding=\"async\" class=\"alignnone wp-image-117222 size-full\" src=\"https:\/\/portalv1.com.br\/app\/wp-content\/uploads\/2022\/05\/WhatsApp-Image-2022-05-12-at-12.47.33.jpeg\" alt=\"\" width=\"1599\" height=\"899\" srcset=\"https:\/\/portalv1.com.br\/app\/wp-content\/uploads\/2022\/05\/WhatsApp-Image-2022-05-12-at-12.47.33.jpeg 1599w, https:\/\/portalv1.com.br\/app\/wp-content\/uploads\/2022\/05\/WhatsApp-Image-2022-05-12-at-12.47.33-300x169.jpeg 300w, https:\/\/portalv1.com.br\/app\/wp-content\/uploads\/2022\/05\/WhatsApp-Image-2022-05-12-at-12.47.33-640x360.jpeg 640w, https:\/\/portalv1.com.br\/app\/wp-content\/uploads\/2022\/05\/WhatsApp-Image-2022-05-12-at-12.47.33-768x432.jpeg 768w, https:\/\/portalv1.com.br\/app\/wp-content\/uploads\/2022\/05\/WhatsApp-Image-2022-05-12-at-12.47.33-1536x864.jpeg 1536w\" sizes=\"auto, (max-width: 1599px) 100vw, 1599px\" \/><\/p>\n<p>O prefeito Marcelo Costa de Valen\u00e7a do Piau\u00ed, recebeu nessa quinta-feira 12 de maio, o pr\u00eamio por bom desempenho na ades\u00e3o \u00e0 campanha da Tarifa Social da energia el\u00e9trica. Este ano, o munic\u00edpio conquistou a d\u00e9cima coloca\u00e7\u00e3o na premia\u00e7\u00e3o da empresa Equatorial no estado do Piau\u00ed.<\/p>\n<p>A campanha da Tarifa Social de Energia El\u00e9trica \u00e9 promovida pela Equatorial Piau\u00ed, em parceria com a Secretaria do Estado da Assist\u00eancia Social, Trabalho e Direitos Humanos (SASC). A premia\u00e7\u00e3o \u00e9 uma forma de destacar as cidades que foram exemplo na Busca Ativa da campanha em todo o estado, por meio do trabalho das secretarias municipais de assist\u00eancia social.<\/p>\n<p>O prefeito Marcelo Costa afirmou que este \u00e9 um excelente resultado e que com a ades\u00e3o \u00e0 campanha muitas fam\u00edlias foram beneficiadas, com isso, a economia local tamb\u00e9m ganha. O gestou ainda parabenizou a Equatorial Piau\u00ed pela campanha e tamb\u00e9m agradeceu o trabalho realizado pela equipe da Secretaria de Assist\u00eancia Social do munic\u00edpio.<\/p>\n<p>Junto com a premia\u00e7\u00e3o, o munic\u00edpio recebeu uma impressora, uma mesa de escrit\u00f3rio e duas cadeiras secret\u00e1ria.<\/p>\n<p><strong>Veja quem se enquadra para obter o cadastro na Tarifa Social <\/strong><\/p>\n<p>Fam\u00edlia inscrita no Cadastro \u00danico para Programas Sociais do Governo Federal (Cad\u00danico), cuja renda mensal, por pessoa da fam\u00edlia seja at\u00e9 meio sal\u00e1rio m\u00ednimo;<\/p>\n<p>Benefici\u00e1rios da Presta\u00e7\u00e3o Continuada da Assist\u00eancia Social (BPC): idosos e deficientes, cuja renda mensal, por pessoa da fam\u00edlia, menor que a um quarto do sal\u00e1rio m\u00ednimo;<\/p>\n<p>Fam\u00edlia inscrita no Cadastro \u00danico com renda mensal de at\u00e9 03 sal\u00e1rios m\u00ednimos, que tenha portador de doen\u00e7a que necessite de aparelhos ligados \u00e0 energia el\u00e9trica de forma continuada;<\/p>\n<p>Fam\u00edlias quilombolas e ind\u00edgenas, inscritas no Cadastro \u00danico, cuja renda mensal, seja por pessoa da fam\u00edlia, igual ou menor a meio sal\u00e1rio m\u00ednimo, ou possuam algum benefici\u00e1rio do BPC (com o desconto de 100% na tarifa de energia, at\u00e9 o limite de consumo de 50 kWh\/m\u00eas).<\/p>\n","protected":false},"excerpt":{"rendered":"<p>O prefeito Marcelo Costa de Valen\u00e7a do Piau\u00ed, recebeu nessa quinta-feira 12 de maio, o pr\u00eamio por bom desempenho na ades\u00e3o \u00e0 campanha da Tarifa Social da energia el\u00e9trica. Este&#8230;<\/p>\n","protected":false},"author":16,"featured_media":117222,"comment_status":"open","ping_status":"open","sticky":false,"template":"","format":"standard","meta":{"ngg_post_thumbnail":0,"footnotes":""},"categories":[243],"tags":[],"class_list":["post-117224","post","type-post","status-publish","format-standard","has-post-thumbnail","hentry","category-geral"],"views":434,"meta_data":{"thumb":"https:\/\/portalv1.com.br\/app\/wp-content\/uploads\/2022\/05\/WhatsApp-Image-2022-05-12-at-12.47.33.jpeg","imagem":{"fullsize":{"url":"https:\/\/portalv1.com.br\/app\/wp-content\/uploads\/2022\/05\/WhatsApp-Image-2022-05-12-at-12.47.33.jpeg","width":1599,"height":899},"medium":{"url":"https:\/\/portalv1.com.br\/app\/wp-content\/uploads\/2022\/05\/WhatsApp-Image-2022-05-12-at-12.47.33-300x169.jpeg","width":300,"height":169},"large":{"url":"https:\/\/portalv1.com.br\/app\/wp-content\/uploads\/2022\/05\/WhatsApp-Image-2022-05-12-at-12.47.33-640x360.jpeg","width":640,"height":360},"thumbnail":{"url":"https:\/\/portalv1.com.br\/app\/wp-content\/uploads\/2022\/05\/WhatsApp-Image-2022-05-12-at-12.47.33-100x100.jpeg","width":100,"height":100},"medium_large":{"url":"https:\/\/portalv1.com.br\/app\/wp-content\/uploads\/2022\/05\/WhatsApp-Image-2022-05-12-at-12.47.33-768x432.jpeg","width":768,"height":432},"1536x1536":{"url":"https:\/\/portalv1.com.br\/app\/wp-content\/uploads\/2022\/05\/WhatsApp-Image-2022-05-12-at-12.47.33-1536x864.jpeg","width":1536,"height":864}},"data":{"simple":"12\/05\/2022","date_time":"12\/05\/2022 10:28:12","date":"h\u00e1 4 anos"},"chapeu":"PREMIA\u00c7\u00c3O","source":"slide"},"_links":{"self":[{"href":"https:\/\/portalv1.com.br\/api\/wp\/v2\/posts\/117224","targetHints":{"allow":["GET"]}}],"collection":[{"href":"https:\/\/portalv1.com.br\/api\/wp\/v2\/posts"}],"about":[{"href":"https:\/\/portalv1.com.br\/api\/wp\/v2\/types\/post"}],"author":[{"embeddable":true,"href":"https:\/\/portalv1.com.br\/api\/wp\/v2\/users\/16"}],"replies":[{"embeddable":true,"href":"https:\/\/portalv1.com.br\/api\/wp\/v2\/comments?post=117224"}],"version-history":[{"count":0,"href":"https:\/\/portalv1.com.br\/api\/wp\/v2\/posts\/117224\/revisions"}],"wp:featuredmedia":[{"embeddable":true,"href":"https:\/\/portalv1.com.br\/api\/wp\/v2\/media\/117222"}],"wp:attachment":[{"href":"https:\/\/portalv1.com.br\/api\/wp\/v2\/media?parent=117224"}],"wp:term":[{"taxonomy":"category","embeddable":true,"href":"https:\/\/portalv1.com.br\/api\/wp\/v2\/categories?post=117224"},{"taxonomy":"post_tag","embeddable":true,"href":"https:\/\/portalv1.com.br\/api\/wp\/v2\/tags?post=117224"}],"curies":[{"name":"wp","href":"https:\/\/api.w.org\/{rel}","templated":true}]}}