{"id":11749,"date":"2012-01-02T23:18:26","date_gmt":"2012-01-03T02:18:26","guid":{"rendered":"https:\/\/portalv1.com.br\/?p=11749"},"modified":"2012-01-04T22:41:57","modified_gmt":"2012-01-05T01:41:57","slug":"veja-os-nomes-dos-primeiros-ganhadores-da-promocao-das-lojas-alencar","status":"publish","type":"post","link":"https:\/\/portalv1.com.br\/veja-os-nomes-dos-primeiros-ganhadores-da-promocao-das-lojas-alencar\/","title":{"rendered":"Veja os nomes dos primeiros ganhadores da Promo\u00e7\u00e3o das Lojas Alencar"},"content":{"rendered":"<figure id=\"attachment_11750\" aria-describedby=\"caption-attachment-11750\" style=\"width: 300px\" class=\"wp-caption alignright\"><a href=\"https:\/\/portalv1.com.br\/app\/wp-content\/uploads\/2012\/01\/amarildo.jpg\"><img loading=\"lazy\" decoding=\"async\" class=\"size-full wp-image-11750\" title=\"amarildo\" src=\"https:\/\/portalv1.com.br\/app\/wp-content\/uploads\/2012\/01\/amarildo.jpg\" alt=\"\" width=\"300\" height=\"183\" \/><\/a><figcaption id=\"caption-attachment-11750\" class=\"wp-caption-text\">At\u00e9 o final da promo\u00e7\u00e3o ser\u00e3o sorteados 2.700 pr\u00eamios<\/figcaption><\/figure>\n<p>Ana Cristina de Santa Sousa esposo do motorista Amarildo foi \u00e0 ganhadora de um colch\u00e3o Box na promo\u00e7\u00e3o de final de ano das Lojas Alencar. A premia\u00e7\u00e3o faz parte da campanha de natal do Grupo Alencar que pretende sortear 2.700 pr\u00eamios at\u00e9 o final da campanha. Para concorrer basta comprar em uma das lojas do grupo A Barrigudinha, Alencar Moveis, Alencar Retalhos, Doce Lar e Alencar Motos Traxx preencher o cupom depositar na urna e torcer para ser sorteado na promo\u00e7\u00e3o que tem muitos outros pr\u00eamios como, por exemplo, uma Moto Traxx 0KM e um caminh\u00e3o de pr\u00eamios. Outra sorteada na promo\u00e7\u00e3o foi \u00e0 professora Francisca Aquino de Aroazes que ganhou uma cama.<\/p>\n<p><strong><div class=\"ngg-galleryoverview\" data-widget=\"Galeria\" data-props='{&quot;galeria&quot;:{&quot;gallery_id&quot;:743,&quot;total&quot;:6,&quot;max_page&quot;:1,&quot;page&quot;:1,&quot;images&quot;:[{&quot;pid&quot;:13361,&quot;imageURL&quot;:&quot;https:\\\/\\\/portalv1.com.br\\\/app\\\/wp-content\\\/gallery\\\/lojasalencar\\\/133.jpg?t=1705490662&quot;,&quot;thumbnailURL&quot;:&quot;https:\\\/\\\/portalv1.com.br\\\/app\\\/wp-content\\\/gallery\\\/lojasalencar\\\/thumbs\\\/thumbs_133.jpg?t=1705490662&quot;,&quot;description&quot;:&quot; &quot;,&quot;alttext&quot;:&quot;133&quot;,&quot;style&quot;:&quot;&quot;},{&quot;pid&quot;:13362,&quot;imageURL&quot;:&quot;https:\\\/\\\/portalv1.com.br\\\/app\\\/wp-content\\\/gallery\\\/lojasalencar\\\/137.jpg?t=1705490605&quot;,&quot;thumbnailURL&quot;:&quot;https:\\\/\\\/portalv1.com.br\\\/app\\\/wp-content\\\/gallery\\\/lojasalencar\\\/thumbs\\\/thumbs_137.jpg?t=1705490605&quot;,&quot;description&quot;:&quot; &quot;,&quot;alttext&quot;:&quot;137&quot;,&quot;style&quot;:&quot;&quot;},{&quot;pid&quot;:13363,&quot;imageURL&quot;:&quot;https:\\\/\\\/portalv1.com.br\\\/app\\\/wp-content\\\/gallery\\\/lojasalencar\\\/145.jpg?t=1705490590&quot;,&quot;thumbnailURL&quot;:&quot;https:\\\/\\\/portalv1.com.br\\\/app\\\/wp-content\\\/gallery\\\/lojasalencar\\\/thumbs\\\/thumbs_145.jpg?t=1705490590&quot;,&quot;description&quot;:&quot; &quot;,&quot;alttext&quot;:&quot;145&quot;,&quot;style&quot;:&quot;&quot;},{&quot;pid&quot;:13364,&quot;imageURL&quot;:&quot;https:\\\/\\\/portalv1.com.br\\\/app\\\/wp-content\\\/gallery\\\/lojasalencar\\\/dsc00779.jpg?t=1705490633&quot;,&quot;thumbnailURL&quot;:&quot;https:\\\/\\\/portalv1.com.br\\\/app\\\/wp-content\\\/gallery\\\/lojasalencar\\\/thumbs\\\/thumbs_dsc00779.jpg?t=1705490633&quot;,&quot;description&quot;:&quot; &quot;,&quot;alttext&quot;:&quot;dsc00779&quot;,&quot;style&quot;:&quot;&quot;},{&quot;pid&quot;:13365,&quot;imageURL&quot;:&quot;https:\\\/\\\/portalv1.com.br\\\/app\\\/wp-content\\\/gallery\\\/lojasalencar\\\/dsc00780.jpg?t=1705490619&quot;,&quot;thumbnailURL&quot;:&quot;https:\\\/\\\/portalv1.com.br\\\/app\\\/wp-content\\\/gallery\\\/lojasalencar\\\/thumbs\\\/thumbs_dsc00780.jpg?t=1705490619&quot;,&quot;description&quot;:&quot; &quot;,&quot;alttext&quot;:&quot;dsc00780&quot;,&quot;style&quot;:&quot;&quot;},{&quot;pid&quot;:13366,&quot;imageURL&quot;:&quot;https:\\\/\\\/portalv1.com.br\\\/app\\\/wp-content\\\/gallery\\\/lojasalencar\\\/dsc05689.jpg?t=1705490648&quot;,&quot;thumbnailURL&quot;:&quot;https:\\\/\\\/portalv1.com.br\\\/app\\\/wp-content\\\/gallery\\\/lojasalencar\\\/thumbs\\\/thumbs_dsc05689.jpg?t=1705490648&quot;,&quot;description&quot;:&quot; &quot;,&quot;alttext&quot;:&quot;dsc05689&quot;,&quot;style&quot;:&quot;&quot;}]}}'><\/div><\/strong>.<\/p>\n","protected":false},"excerpt":{"rendered":"<p>Ana Cristina de Santa Sousa esposo do motorista Amarildo foi \u00e0 ganhadora de um colch\u00e3o Box na promo\u00e7\u00e3o de final de ano das Lojas Alencar. A premia\u00e7\u00e3o faz parte da&#8230;<\/p>\n","protected":false},"author":1,"featured_media":0,"comment_status":"open","ping_status":"open","sticky":false,"template":"","format":"standard","meta":{"ngg_post_thumbnail":0,"footnotes":""},"categories":[12],"tags":[],"class_list":["post-11749","post","type-post","status-publish","format-standard","hentry","category-valenca-news"],"views":695,"meta_data":{"thumb":"https:\/\/portalv1.com.br\/app\/wp-content\/uploads\/2012\/01\/amarildo.jpg","data":{"simple":"02\/01\/2012","date_time":"02\/01\/2012 20:18:26","date":"h\u00e1 14 anos"},"chapeu":"","source":""},"_links":{"self":[{"href":"https:\/\/portalv1.com.br\/api\/wp\/v2\/posts\/11749","targetHints":{"allow":["GET"]}}],"collection":[{"href":"https:\/\/portalv1.com.br\/api\/wp\/v2\/posts"}],"about":[{"href":"https:\/\/portalv1.com.br\/api\/wp\/v2\/types\/post"}],"author":[{"embeddable":true,"href":"https:\/\/portalv1.com.br\/api\/wp\/v2\/users\/1"}],"replies":[{"embeddable":true,"href":"https:\/\/portalv1.com.br\/api\/wp\/v2\/comments?post=11749"}],"version-history":[{"count":0,"href":"https:\/\/portalv1.com.br\/api\/wp\/v2\/posts\/11749\/revisions"}],"wp:attachment":[{"href":"https:\/\/portalv1.com.br\/api\/wp\/v2\/media?parent=11749"}],"wp:term":[{"taxonomy":"category","embeddable":true,"href":"https:\/\/portalv1.com.br\/api\/wp\/v2\/categories?post=11749"},{"taxonomy":"post_tag","embeddable":true,"href":"https:\/\/portalv1.com.br\/api\/wp\/v2\/tags?post=11749"}],"curies":[{"name":"wp","href":"https:\/\/api.w.org\/{rel}","templated":true}]}}