{"id":118140,"date":"2022-05-18T14:27:29","date_gmt":"2022-05-18T17:27:29","guid":{"rendered":"https:\/\/portalv1.com.br\/?p=118140"},"modified":"2022-05-18T14:27:29","modified_gmt":"2022-05-18T17:27:29","slug":"caminhada-em-valenca-celebra-o-dia-nacional-da-luta-antimanicomial","status":"publish","type":"post","link":"https:\/\/portalv1.com.br\/caminhada-em-valenca-celebra-o-dia-nacional-da-luta-antimanicomial\/","title":{"rendered":"Caminhada em Valen\u00e7a celebra o Dia Nacional da Luta Antimanicomial"},"content":{"rendered":"<p>O Centro de Aten\u00e7\u00e3o Psicossocial \u00c1lcool e Drogas (Caps AD), de Valen\u00e7a do Piau\u00ed, realizou na manh\u00e3 desta quarta-feira (18), uma caminhada pelo Dia Nacional da Luta Antimanicomial, contando com a presen\u00e7a dos profissionais da sa\u00fade e usu\u00e1rios da unidade. A concentra\u00e7\u00e3o aconteceu no Terminal Rodovi\u00e1rio Joaquim de Moraes R\u00eago, no centro de Valen\u00e7a, de onde partiram em caminhada pelas ruas da cidade.<\/p>\n<p>Este movimento da Luta Antimanicomial nasceu no Encontro Nacional de Trabalhadores da Sa\u00fade Mental, em 1987, com o lema \u201cpor uma sociedade sem manic\u00f4mios\u201d. Denunciava-se abusos e viola\u00e7\u00e3o de direitos humanos sofridos pelos usu\u00e1rios da sa\u00fade mental. Lutava-se pelo fim desse tipo de tratamento e pela instala\u00e7\u00e3o de servi\u00e7os alternativos. Uma das conquistas desse movimento foi a Lei n\u00ba 10.216\/2001, que determina o fechamento progressivo dos hospitais psiqui\u00e1tricos e a instala\u00e7\u00e3o de servi\u00e7os substitutivos, como os CAPS, as resid\u00eancias terap\u00eauticas, programas de redu\u00e7\u00e3o de danos, centros de conviv\u00eancias e as oficinas de gera\u00e7\u00e3o de renda.<\/p>\n<p>\u201cEsse \u00e9 um dia crucial, que \u00e9 o Dia Nacional da Luta Antimanicomial, que \u00e9 um movimento social com os usu\u00e1rios, familiares e dos trabalhadores da sa\u00fade mental que defendemos a aten\u00e7\u00e3o e os cuidados de forma humanizada para os usu\u00e1rios. Esse servi\u00e7o serve para garantir que eles tenham uma aten\u00e7\u00e3o humanizada e seja pautada nos direitos humanos e que esses direitos sejam mantidos, por isso que estamos aqui para lembrar essas conquistas\u201d, disse a coordenadora do Caps AD Ison\u00e1ria Ferreira<\/p>\n<p>O secret\u00e1rio de sa\u00fade do munic\u00edpio, Ruanderson Barros, destacou a import\u00e2ncia da manifesta\u00e7\u00e3o e das conquistas.<\/p>\n<p>\u201cEsse evento traz a reflex\u00e3o de como \u00e9 a assist\u00eancia psiqui\u00e1trica hoje, antigamente o paciente quando sofria algum tipo de transtorno mental ele era isolado, era colocado em hosp\u00edcios e manic\u00f4mio e esse servi\u00e7o de exclus\u00e3o, muitas vezes de viola\u00e7\u00e3o dos direitos dos pacientes hoje j\u00e1 n\u00e3o \u00e9 mais ofertado, com esse movimento social conseguimos muitas vit\u00f3rias, como ofertar o servi\u00e7o aberto, que \u00e9 o servi\u00e7o de Caps, que \u00e9 uma terapia onde a fam\u00edlia participa do tratamento dos pacientes e a gente fica muito satisfeito com o trabalho que o Caps AD em nome da coordenadora Isonaria vem realizando no munic\u00edpio, que est\u00e1 servindo de refer\u00eancia para todo o estado do Piau\u00ed&#8221;, destacou Ruanderson Barros.<\/p>\n<div class=\"ngg-galleryoverview\" id=\"1\">\n                    <div data-widget=\"Galeria\" data-props=\"{&quot;galeria&quot;:{&quot;max_page&quot;:1,&quot;total&quot;:11,&quot;gallery_id&quot;:1,&quot;images&quot;:[{&quot;thumbcode&quot;:&quot;https:\\\/\\\/portalv1.com.br\\\/app\\\/wp-content\\\/uploads\\\/2022\\\/05\\\/sr_MG_2321-400x250.jpg&quot;,&quot;imageURL&quot;:&quot;https:\\\/\\\/portalv1.com.br\\\/app\\\/wp-content\\\/uploads\\\/2022\\\/05\\\/sr_MG_2321.jpg&quot;,&quot;pid&quot;:118141,&quot;galleryid&quot;:1,&quot;description&quot;:&quot;&quot;,&quot;alttext&quot;:&quot;Caminhada em Valen\\u00e7a celebra o Dia Nacional da Luta Antimanicomial&quot;,&quot;thumbnailURL&quot;:&quot;https:\\\/\\\/portalv1.com.br\\\/app\\\/wp-content\\\/uploads\\\/2022\\\/05\\\/sr_MG_2321-400x250.jpg&quot;,&quot;style&quot;:&quot;&quot;},{&quot;thumbcode&quot;:&quot;https:\\\/\\\/portalv1.com.br\\\/app\\\/wp-content\\\/uploads\\\/2022\\\/05\\\/sr_MG_2322-400x250.jpg&quot;,&quot;imageURL&quot;:&quot;https:\\\/\\\/portalv1.com.br\\\/app\\\/wp-content\\\/uploads\\\/2022\\\/05\\\/sr_MG_2322.jpg&quot;,&quot;pid&quot;:118142,&quot;galleryid&quot;:1,&quot;description&quot;:&quot;&quot;,&quot;alttext&quot;:&quot;Caminhada em Valen\\u00e7a celebra o Dia Nacional da Luta Antimanicomial&quot;,&quot;thumbnailURL&quot;:&quot;https:\\\/\\\/portalv1.com.br\\\/app\\\/wp-content\\\/uploads\\\/2022\\\/05\\\/sr_MG_2322-400x250.jpg&quot;,&quot;style&quot;:&quot;&quot;},{&quot;thumbcode&quot;:&quot;https:\\\/\\\/portalv1.com.br\\\/app\\\/wp-content\\\/uploads\\\/2022\\\/05\\\/sr_MG_2336-400x250.jpg&quot;,&quot;imageURL&quot;:&quot;https:\\\/\\\/portalv1.com.br\\\/app\\\/wp-content\\\/uploads\\\/2022\\\/05\\\/sr_MG_2336.jpg&quot;,&quot;pid&quot;:118143,&quot;galleryid&quot;:1,&quot;description&quot;:&quot;&quot;,&quot;alttext&quot;:&quot;Caminhada em Valen\\u00e7a celebra o Dia Nacional da Luta Antimanicomial&quot;,&quot;thumbnailURL&quot;:&quot;https:\\\/\\\/portalv1.com.br\\\/app\\\/wp-content\\\/uploads\\\/2022\\\/05\\\/sr_MG_2336-400x250.jpg&quot;,&quot;style&quot;:&quot;&quot;},{&quot;thumbcode&quot;:&quot;https:\\\/\\\/portalv1.com.br\\\/app\\\/wp-content\\\/uploads\\\/2022\\\/05\\\/sr_MG_2348-400x250.jpg&quot;,&quot;imageURL&quot;:&quot;https:\\\/\\\/portalv1.com.br\\\/app\\\/wp-content\\\/uploads\\\/2022\\\/05\\\/sr_MG_2348.jpg&quot;,&quot;pid&quot;:118144,&quot;galleryid&quot;:1,&quot;description&quot;:&quot;&quot;,&quot;alttext&quot;:&quot;Caminhada em Valen\\u00e7a celebra o Dia Nacional da Luta Antimanicomial&quot;,&quot;thumbnailURL&quot;:&quot;https:\\\/\\\/portalv1.com.br\\\/app\\\/wp-content\\\/uploads\\\/2022\\\/05\\\/sr_MG_2348-400x250.jpg&quot;,&quot;style&quot;:&quot;&quot;},{&quot;thumbcode&quot;:&quot;https:\\\/\\\/portalv1.com.br\\\/app\\\/wp-content\\\/uploads\\\/2022\\\/05\\\/sr_MG_2357-400x250.jpg&quot;,&quot;imageURL&quot;:&quot;https:\\\/\\\/portalv1.com.br\\\/app\\\/wp-content\\\/uploads\\\/2022\\\/05\\\/sr_MG_2357.jpg&quot;,&quot;pid&quot;:118145,&quot;galleryid&quot;:1,&quot;description&quot;:&quot;&quot;,&quot;alttext&quot;:&quot;Caminhada em Valen\\u00e7a celebra o Dia Nacional da Luta Antimanicomial&quot;,&quot;thumbnailURL&quot;:&quot;https:\\\/\\\/portalv1.com.br\\\/app\\\/wp-content\\\/uploads\\\/2022\\\/05\\\/sr_MG_2357-400x250.jpg&quot;,&quot;style&quot;:&quot;&quot;},{&quot;thumbcode&quot;:&quot;https:\\\/\\\/portalv1.com.br\\\/app\\\/wp-content\\\/uploads\\\/2022\\\/05\\\/sr_MG_2365-400x250.jpg&quot;,&quot;imageURL&quot;:&quot;https:\\\/\\\/portalv1.com.br\\\/app\\\/wp-content\\\/uploads\\\/2022\\\/05\\\/sr_MG_2365.jpg&quot;,&quot;pid&quot;:118146,&quot;galleryid&quot;:1,&quot;description&quot;:&quot;&quot;,&quot;alttext&quot;:&quot;Caminhada em Valen\\u00e7a celebra o Dia Nacional da Luta Antimanicomial&quot;,&quot;thumbnailURL&quot;:&quot;https:\\\/\\\/portalv1.com.br\\\/app\\\/wp-content\\\/uploads\\\/2022\\\/05\\\/sr_MG_2365-400x250.jpg&quot;,&quot;style&quot;:&quot;&quot;},{&quot;thumbcode&quot;:&quot;https:\\\/\\\/portalv1.com.br\\\/app\\\/wp-content\\\/uploads\\\/2022\\\/05\\\/sr_MG_2375-400x250.jpg&quot;,&quot;imageURL&quot;:&quot;https:\\\/\\\/portalv1.com.br\\\/app\\\/wp-content\\\/uploads\\\/2022\\\/05\\\/sr_MG_2375.jpg&quot;,&quot;pid&quot;:118147,&quot;galleryid&quot;:1,&quot;description&quot;:&quot;&quot;,&quot;alttext&quot;:&quot;Caminhada em Valen\\u00e7a celebra o Dia Nacional da Luta Antimanicomial&quot;,&quot;thumbnailURL&quot;:&quot;https:\\\/\\\/portalv1.com.br\\\/app\\\/wp-content\\\/uploads\\\/2022\\\/05\\\/sr_MG_2375-400x250.jpg&quot;,&quot;style&quot;:&quot;&quot;},{&quot;thumbcode&quot;:&quot;https:\\\/\\\/portalv1.com.br\\\/app\\\/wp-content\\\/uploads\\\/2022\\\/05\\\/sr_MG_2379-400x250.jpg&quot;,&quot;imageURL&quot;:&quot;https:\\\/\\\/portalv1.com.br\\\/app\\\/wp-content\\\/uploads\\\/2022\\\/05\\\/sr_MG_2379.jpg&quot;,&quot;pid&quot;:118148,&quot;galleryid&quot;:1,&quot;description&quot;:&quot;&quot;,&quot;alttext&quot;:&quot;Caminhada em Valen\\u00e7a celebra o Dia Nacional da Luta Antimanicomial&quot;,&quot;thumbnailURL&quot;:&quot;https:\\\/\\\/portalv1.com.br\\\/app\\\/wp-content\\\/uploads\\\/2022\\\/05\\\/sr_MG_2379-400x250.jpg&quot;,&quot;style&quot;:&quot;&quot;},{&quot;thumbcode&quot;:&quot;https:\\\/\\\/portalv1.com.br\\\/app\\\/wp-content\\\/uploads\\\/2022\\\/05\\\/sr_MG_2403-400x250.jpg&quot;,&quot;imageURL&quot;:&quot;https:\\\/\\\/portalv1.com.br\\\/app\\\/wp-content\\\/uploads\\\/2022\\\/05\\\/sr_MG_2403.jpg&quot;,&quot;pid&quot;:118149,&quot;galleryid&quot;:1,&quot;description&quot;:&quot;&quot;,&quot;alttext&quot;:&quot;Caminhada em Valen\\u00e7a celebra o Dia Nacional da Luta Antimanicomial&quot;,&quot;thumbnailURL&quot;:&quot;https:\\\/\\\/portalv1.com.br\\\/app\\\/wp-content\\\/uploads\\\/2022\\\/05\\\/sr_MG_2403-400x250.jpg&quot;,&quot;style&quot;:&quot;&quot;},{&quot;thumbcode&quot;:&quot;https:\\\/\\\/portalv1.com.br\\\/app\\\/wp-content\\\/uploads\\\/2022\\\/05\\\/sr_MG_2410-400x250.jpg&quot;,&quot;imageURL&quot;:&quot;https:\\\/\\\/portalv1.com.br\\\/app\\\/wp-content\\\/uploads\\\/2022\\\/05\\\/sr_MG_2410.jpg&quot;,&quot;pid&quot;:118150,&quot;galleryid&quot;:1,&quot;description&quot;:&quot;&quot;,&quot;alttext&quot;:&quot;Caminhada em Valen\\u00e7a celebra o Dia Nacional da Luta Antimanicomial&quot;,&quot;thumbnailURL&quot;:&quot;https:\\\/\\\/portalv1.com.br\\\/app\\\/wp-content\\\/uploads\\\/2022\\\/05\\\/sr_MG_2410-400x250.jpg&quot;,&quot;style&quot;:&quot;&quot;},{&quot;thumbcode&quot;:&quot;https:\\\/\\\/portalv1.com.br\\\/app\\\/wp-content\\\/uploads\\\/2022\\\/05\\\/srIMG_2333-400x250.jpg&quot;,&quot;imageURL&quot;:&quot;https:\\\/\\\/portalv1.com.br\\\/app\\\/wp-content\\\/uploads\\\/2022\\\/05\\\/srIMG_2333.jpg&quot;,&quot;pid&quot;:118151,&quot;galleryid&quot;:1,&quot;description&quot;:&quot;&quot;,&quot;alttext&quot;:&quot;Caminhada em Valen\\u00e7a celebra o Dia Nacional da Luta Antimanicomial&quot;,&quot;thumbnailURL&quot;:&quot;https:\\\/\\\/portalv1.com.br\\\/app\\\/wp-content\\\/uploads\\\/2022\\\/05\\\/srIMG_2333-400x250.jpg&quot;,&quot;style&quot;:&quot;&quot;}]}}\"><\/div>\n                  <\/div>\n","protected":false},"excerpt":{"rendered":"<p>O Centro de Aten\u00e7\u00e3o Psicossocial \u00c1lcool e Drogas (Caps AD), de Valen\u00e7a do Piau\u00ed, realizou na manh\u00e3 desta quarta-feira (18), uma caminhada pelo Dia Nacional da Luta Antimanicomial, contando com&#8230;<\/p>\n","protected":false},"author":1,"featured_media":118141,"comment_status":"open","ping_status":"open","sticky":false,"template":"","format":"standard","meta":{"ngg_post_thumbnail":0,"footnotes":""},"categories":[243],"tags":[],"class_list":["post-118140","post","type-post","status-publish","format-standard","has-post-thumbnail","hentry","category-geral"],"views":399,"meta_data":{"thumb":"https:\/\/portalv1.com.br\/app\/wp-content\/uploads\/2022\/05\/sr_MG_2321.jpg","imagem":{"fullsize":{"url":"https:\/\/portalv1.com.br\/app\/wp-content\/uploads\/2022\/05\/sr_MG_2321.jpg","width":1024,"height":576},"medium":{"url":"https:\/\/portalv1.com.br\/app\/wp-content\/uploads\/2022\/05\/sr_MG_2321-300x169.jpg","width":300,"height":169},"large":{"url":"https:\/\/portalv1.com.br\/app\/wp-content\/uploads\/2022\/05\/sr_MG_2321-640x360.jpg","width":640,"height":360},"thumbnail":{"url":"https:\/\/portalv1.com.br\/app\/wp-content\/uploads\/2022\/05\/sr_MG_2321-100x100.jpg","width":100,"height":100},"medium_large":{"url":"https:\/\/portalv1.com.br\/app\/wp-content\/uploads\/2022\/05\/sr_MG_2321-768x432.jpg","width":768,"height":432}},"data":{"simple":"18\/05\/2022","date_time":"18\/05\/2022 11:27:29","date":"h\u00e1 4 anos"},"chapeu":"Centro de Aten\u00e7\u00e3o Psicossocial \u00c1lcool e Drogas","source":"slide"},"_links":{"self":[{"href":"https:\/\/portalv1.com.br\/api\/wp\/v2\/posts\/118140","targetHints":{"allow":["GET"]}}],"collection":[{"href":"https:\/\/portalv1.com.br\/api\/wp\/v2\/posts"}],"about":[{"href":"https:\/\/portalv1.com.br\/api\/wp\/v2\/types\/post"}],"author":[{"embeddable":true,"href":"https:\/\/portalv1.com.br\/api\/wp\/v2\/users\/1"}],"replies":[{"embeddable":true,"href":"https:\/\/portalv1.com.br\/api\/wp\/v2\/comments?post=118140"}],"version-history":[{"count":0,"href":"https:\/\/portalv1.com.br\/api\/wp\/v2\/posts\/118140\/revisions"}],"wp:featuredmedia":[{"embeddable":true,"href":"https:\/\/portalv1.com.br\/api\/wp\/v2\/media\/118141"}],"wp:attachment":[{"href":"https:\/\/portalv1.com.br\/api\/wp\/v2\/media?parent=118140"}],"wp:term":[{"taxonomy":"category","embeddable":true,"href":"https:\/\/portalv1.com.br\/api\/wp\/v2\/categories?post=118140"},{"taxonomy":"post_tag","embeddable":true,"href":"https:\/\/portalv1.com.br\/api\/wp\/v2\/tags?post=118140"}],"curies":[{"name":"wp","href":"https:\/\/api.w.org\/{rel}","templated":true}]}}