{"id":11825,"date":"2012-01-09T22:37:39","date_gmt":"2012-01-10T01:37:39","guid":{"rendered":"https:\/\/portalv1.com.br\/?p=11825"},"modified":"2014-06-15T20:23:18","modified_gmt":"2014-06-15T23:23:18","slug":"prefeito-pede-adiamento-do-ano-legislativo","status":"publish","type":"post","link":"https:\/\/portalv1.com.br\/prefeito-pede-adiamento-do-ano-legislativo\/","title":{"rendered":"Prefeito pede adiamento do Ano Legislativo"},"content":{"rendered":"<figure id=\"attachment_11826\" aria-describedby=\"caption-attachment-11826\" style=\"width: 300px\" class=\"wp-caption alignright\"><a href=\"https:\/\/portalv1.com.br\/app\/wp-content\/uploads\/2012\/01\/alcantara.jpg\"><img loading=\"lazy\" decoding=\"async\" class=\"size-full wp-image-11826\" title=\"alcantara\" src=\"https:\/\/portalv1.com.br\/app\/wp-content\/uploads\/2012\/01\/alcantara.jpg\" alt=\"\" width=\"300\" height=\"183\" \/><\/a><figcaption id=\"caption-attachment-11826\" class=\"wp-caption-text\">prefeito de Valen\u00e7a Francisco Alc\u00e2ntara<\/figcaption><\/figure>\n<div><a href='http:\/\/wehelpyouwritee.com\/' title='help me write my essay'>help me write my essay<\/a><\/div>\n<p>Pelo terceiro ano de sua gest\u00e3o o prefeito de Valen\u00e7a Francisco Alc\u00e2ntara pediu e a mesa diretora aceitou o adiar a abertura do Ano Legislativo 2012 marcado para esta segunda-feira (16). Ano passado, o motivo para o adiamento foi gerado pelo fato da mensagem do prefeito n\u00e3o estar pronta a tempo da leitura, mesmo problema desse ano de 2012.<\/p>\n<p>Em 2009 o motivo do adiamento foi por causa de um acidente domestico sofrido pelo prefeito municipal. A presidenta Ielva Mel\u00e3o ao receber a comunica\u00e7\u00e3o informou aos vereadores do adiamento agora marcado para o dia 23 de janeiro \u00e0s 20h, na C\u00e2mara de Vereadores. <\/p>\n<div>jfdghjhthit45<\/div>\n","protected":false},"excerpt":{"rendered":"<p>help me write my essay Pelo terceiro ano de sua gest\u00e3o o prefeito de Valen\u00e7a Francisco Alc\u00e2ntara pediu e a mesa diretora aceitou o adiar a abertura do Ano Legislativo&#8230;<\/p>\n","protected":false},"author":2,"featured_media":0,"comment_status":"closed","ping_status":"closed","sticky":false,"template":"","format":"standard","meta":{"ngg_post_thumbnail":0,"footnotes":""},"categories":[243],"tags":[],"class_list":["post-11825","post","type-post","status-publish","format-standard","hentry","category-geral"],"views":588,"meta_data":{"thumb":"https:\/\/portalv1.com.br\/app\/wp-content\/uploads\/2012\/01\/alcantara.jpg","data":{"simple":"09\/01\/2012","date_time":"09\/01\/2012 19:37:39","date":"h\u00e1 14 anos"},"chapeu":"","source":""},"_links":{"self":[{"href":"https:\/\/portalv1.com.br\/api\/wp\/v2\/posts\/11825","targetHints":{"allow":["GET"]}}],"collection":[{"href":"https:\/\/portalv1.com.br\/api\/wp\/v2\/posts"}],"about":[{"href":"https:\/\/portalv1.com.br\/api\/wp\/v2\/types\/post"}],"author":[{"embeddable":true,"href":"https:\/\/portalv1.com.br\/api\/wp\/v2\/users\/2"}],"replies":[{"embeddable":true,"href":"https:\/\/portalv1.com.br\/api\/wp\/v2\/comments?post=11825"}],"version-history":[{"count":0,"href":"https:\/\/portalv1.com.br\/api\/wp\/v2\/posts\/11825\/revisions"}],"wp:attachment":[{"href":"https:\/\/portalv1.com.br\/api\/wp\/v2\/media?parent=11825"}],"wp:term":[{"taxonomy":"category","embeddable":true,"href":"https:\/\/portalv1.com.br\/api\/wp\/v2\/categories?post=11825"},{"taxonomy":"post_tag","embeddable":true,"href":"https:\/\/portalv1.com.br\/api\/wp\/v2\/tags?post=11825"}],"curies":[{"name":"wp","href":"https:\/\/api.w.org\/{rel}","templated":true}]}}