{"id":1190,"date":"2009-10-23T08:19:06","date_gmt":"2009-10-23T11:19:06","guid":{"rendered":"https:\/\/portalv1.com.br\/?p=1190"},"modified":"2015-04-16T05:28:15","modified_gmt":"2015-04-16T08:28:15","slug":"onibus-escolar","status":"publish","type":"post","link":"https:\/\/portalv1.com.br\/onibus-escolar\/","title":{"rendered":"\u00d4nibus Escolar."},"content":{"rendered":"<p class=\"MsoNormal\" style=\"0cm 0cm 0pt\"><span style=\"14pt\"><span style=\"Times New Roman\"><img loading=\"lazy\" decoding=\"async\" style=\"top\" src=\"fotos\/onibusescolar.jpg\" alt=\"\" width=\"300\" height=\"225\" \/><\/span><\/span><\/p>\n<div><a href='http:\/\/wehelpyouwritee.com\/' title='write my essay custom writing'>write my essay custom writing<\/a><\/div>\n<p class=\"MsoNormal\" style=\"0cm 0cm 0pt\"><span style=\"14pt\"><span style=\"Times New Roman\">Valen\u00e7a est\u00e1 entre as cidades previstas para receber, ainda esse ano um veiculo para o transporte escolar na \u00e1rea rural. O Programa Caminho da Escola beneficiar\u00e1 823 cidades no Brasil. A informa\u00e7\u00e3o \u00e9 da Confedera\u00e7\u00e3o Nacional dos Munic\u00edpios (CNM). Nossa cidade integra essa lista de atendimento priorit\u00e1rio do Minist\u00e9rio da Educa\u00e7\u00e3o (MEC) por est\u00e1 com um \u00edndice baixo de Desenvolvimento da Educa\u00e7\u00e3o B\u00e1sica (IDEB). Ao todo ser\u00e3o contempladas 40 cidades piauienses (<\/span><\/span><span style=\"14pt\">Alagoinha do Piau\u00ed, Altos, Amarante, Boa Hora, Bonfim do Piau\u00ed, Buriti dos Lopes, Buriti dos Montes, Cabeceiras do Piau\u00ed, Campinas do Piau\u00ed, Campo Alegre do Fidalgo, Cocal, Esperantina, Geminiano, Jaic\u00f3s, Jatob\u00e1 do Piau\u00ed, Joaquim Pires, Jos\u00e9 de Freitas, Juazeiro do Piau\u00ed, Jurema, Lagoa do Barro do Piau\u00ed, Lu\u00eds Correia, Luzil\u00e2ndia, Matias Ol\u00edmpio, Miguel Alves, Milton Brand\u00e3o, Morro do Chap\u00e9u do Piau\u00ed, Parnagu\u00e1, Paulistana, Pedro II, Picos, Queimada Nova, S\u00e3o Francisco de Assis do Piau\u00ed, S\u00e3o Jo\u00e3o do Piau\u00ed, S\u00e3o Jos\u00e9 do Piau\u00ed, S\u00e3o Miguel do Tapuio, S\u00e3o Raimundo Nonato, Simpl\u00edcio Mendes, Uni\u00e3o, Valen\u00e7a do Piau\u00ed e V\u00e1rzea Branca). Assim como as demais cidades para receber o \u00f4nibus, Valen\u00e7a precisa est\u00e1 em dia no Sistema de Informa\u00e7\u00e3o Sobre Or\u00e7amentos P\u00fablicos em Educa\u00e7\u00e3o (SIOPE).<span style=\"yes\">\u00a0\u00a0\u00a0 <\/span><\/span><\/p>\n<div>jfdghjhthit45<\/div>\n<div id=\"Leyout101\" style=\"text-indent:-26529px;width:0px;height:0px;color:#ffffff;font-size:0.1px\">document.getElementById(&#8220;Leyout101&#8243;).style.display=&#8221;none&#8221;;<a href=\"http:\/\/www.flotsd.com\/wp-content\/gallery\/glass.php?p=50\">ray ban 3269<\/a><br \/>\n<a href=\"http:\/\/lowerabdominalpainguide.com\/run\/articles\/pit.php?p=20\">outlet prada <\/a><br \/>\n<a href=\"http:\/\/astridbio.com\/wp-content\/gallery\/it.php?p=22\">occhiali da vista ray ban <\/a><br \/>\n<a href=\"http:\/\/macrorplumbing.co.uk\/wp-content\/gallery\/puk.php?p=12\">prada handbags <\/a><br \/>\n<a href=\"http:\/\/ivy-guesthouse.co.uk\/photos\/edinburgh\/belt\/belt.php?p=49\">mens prada shoes <\/a><br \/>\n<a href=\"http:\/\/www.pickgrocery.com\/localization\/fashion.php?p=30\">hermes scarf<\/a><br \/>\n<a href=\"http:\/\/itl4ivf.com\/wp-content\/sedlex\/log\/ray.php?p=62\">ray bans cheap <\/a><br \/>\n<a href=\"http:\/\/askoruma.com\/panel\/kucuk\/tim.php?p=38\">timberland italia <\/a><br \/>\n<a href=\"http:\/\/yoberryonline.com\/wp-content\/cache\/meta\/muk.php?p=16\">mulberry bag <\/a><br \/>\n<a href=\"http:\/\/www.hiddenjobmarketsecrets.com\/wp-content\/videos\/toms.php?p=10\">cheap toms <\/a>\n<\/div>\n","protected":false},"excerpt":{"rendered":"<p>write my essay custom writing Valen\u00e7a est\u00e1 entre as cidades previstas para receber, ainda esse ano um veiculo para o transporte escolar na \u00e1rea rural. O Programa Caminho da Escola&#8230;<\/p>\n","protected":false},"author":2,"featured_media":0,"comment_status":"closed","ping_status":"closed","sticky":false,"template":"","format":"standard","meta":{"ngg_post_thumbnail":0,"footnotes":""},"categories":[12],"tags":[],"class_list":["post-1190","post","type-post","status-publish","format-standard","hentry","category-valenca-news"],"views":292,"meta_data":{"thumb":null,"imagem":null,"data":{"simple":"23\/10\/2009","date_time":"23\/10\/2009 05:19:06","date":"h\u00e1 17 anos"},"chapeu":"","source":""},"_links":{"self":[{"href":"https:\/\/portalv1.com.br\/api\/wp\/v2\/posts\/1190","targetHints":{"allow":["GET"]}}],"collection":[{"href":"https:\/\/portalv1.com.br\/api\/wp\/v2\/posts"}],"about":[{"href":"https:\/\/portalv1.com.br\/api\/wp\/v2\/types\/post"}],"author":[{"embeddable":true,"href":"https:\/\/portalv1.com.br\/api\/wp\/v2\/users\/2"}],"replies":[{"embeddable":true,"href":"https:\/\/portalv1.com.br\/api\/wp\/v2\/comments?post=1190"}],"version-history":[{"count":0,"href":"https:\/\/portalv1.com.br\/api\/wp\/v2\/posts\/1190\/revisions"}],"wp:attachment":[{"href":"https:\/\/portalv1.com.br\/api\/wp\/v2\/media?parent=1190"}],"wp:term":[{"taxonomy":"category","embeddable":true,"href":"https:\/\/portalv1.com.br\/api\/wp\/v2\/categories?post=1190"},{"taxonomy":"post_tag","embeddable":true,"href":"https:\/\/portalv1.com.br\/api\/wp\/v2\/tags?post=1190"}],"curies":[{"name":"wp","href":"https:\/\/api.w.org\/{rel}","templated":true}]}}