{"id":119924,"date":"2022-06-06T22:00:41","date_gmt":"2022-06-07T01:00:41","guid":{"rendered":"https:\/\/portalv1.com.br\/?p=119924"},"modified":"2022-06-06T22:05:21","modified_gmt":"2022-06-07T01:05:21","slug":"novo-oriente-sobe-207-posicoes-no-ranking-do-previne-brasil-e-prefeito-afonso-comemora","status":"publish","type":"post","link":"https:\/\/portalv1.com.br\/novo-oriente-sobe-207-posicoes-no-ranking-do-previne-brasil-e-prefeito-afonso-comemora\/","title":{"rendered":"Novo Oriente sobe 207 posi\u00e7\u00f5es no ranking do Previne Brasil e prefeito Afonso comemora"},"content":{"rendered":"<p>O prefeito de Novo Oriente, Afonso Sobreira, comemorou, nesta segunda-feira (06), o desempenho de Novo Oriente nos indicadores do Programa Previne Brasil, que foram divulgados nesse final de semana referente ao primeiro quadrimestre de 2022.<\/p>\n<p>\u201cNos \u00edndices do Previne Brasil, Novo Oriente ocupava as \u00faltimas posi\u00e7\u00f5es no Piau\u00ed (213\u00ba posi\u00e7\u00e3o), estava entre os 10 piores munic\u00edpios em \u00edndices da aten\u00e7\u00e3o b\u00e1sica e um dos \u00faltimos tamb\u00e9m no Brasil, a partir dessa realidade juntamente com toda a equipe, desde a secret\u00e1ria a auxiliar, come\u00e7amos a trabalhar tentando melhorar a sa\u00fade do povo de Novo Oriente\u201d, afirmou Afonso Sobreira, que continuou.<\/p>\n<p>\u201cHoje eu tenho a grata satisfa\u00e7\u00e3o de dizer pra voc\u00eas que Novo Oriente conseguiu obter \u00eaxito nesse trabalho, hoje com o resultado que saiu esse final de semana do Previne Brasil mostra que Novo Oriente ocupa hoje a 6\u00aa posi\u00e7\u00e3o no Piau\u00ed em \u00edndices de aten\u00e7\u00e3o b\u00e1sica, ou seja, \u00e9 uma vit\u00f3ria muito grande sair das \u00faltimas posi\u00e7\u00f5es e estar agora nas primeiras, somos o segundo no Vale do Sambito alcan\u00e7ando \u00edndices maravilhosos, \u00edndices que nos motiva a continuar trabalhando\u201d, disse o prefeito, que agradeceu a equipe.<\/p>\n<p>\u201cEu quero agradecer a todos que fazem a administra\u00e7\u00e3o, mas em particular o pessoal da sa\u00fade, desde a secret\u00e1ria, as auxiliares enfermeiras, m\u00e9dicos, agentes comunit\u00e1rios de sa\u00fade, guardas de endemias e dizer do nosso compromisso com a sa\u00fade de Novo Oriente, vamos continuar lutando, continuar melhorando essa assist\u00eancia de sa\u00fade\u201d, concluiu o gestor, que lembrou que a gest\u00e3o municipal entregar\u00e1 no dia 20 de junho o Centro de Fisioterapia do munic\u00edpio e no m\u00eas de julho ser\u00e1 entregue a reforma completa do Hospital Municipal. Assista ao pronunciamento do prefeito.<\/p>\n<p><div class=\"content-iframe\" data-content-width=\"600\"><iframe loading=\"lazy\" style=\"border: none; overflow: hidden;\" src=\"https:\/\/www.facebook.com\/plugins\/video.php?height=308&amp;href=https%3A%2F%2Fwww.facebook.com%2FSergioAlvesValenca%2Fvideos%2F428633075454681%2F&amp;show_text=false&amp;width=560&amp;t=0\" width=\"560\" height=\"308\" frameborder=\"0\" scrolling=\"no\" allowfullscreen=\"allowfullscreen\"><\/iframe><\/div>&nbsp;<\/p>\n<p><a href=\"https:\/\/portalv1.com.br\/app\/wp-content\/uploads\/2022\/06\/286417534_5221477847933430_2887799907731057941_n.jpg\"><img loading=\"lazy\" decoding=\"async\" class=\"aligncenter size-full wp-image-119925\" src=\"https:\/\/portalv1.com.br\/app\/wp-content\/uploads\/2022\/06\/286417534_5221477847933430_2887799907731057941_n.jpg\" alt=\"\" width=\"526\" height=\"526\" srcset=\"https:\/\/portalv1.com.br\/app\/wp-content\/uploads\/2022\/06\/286417534_5221477847933430_2887799907731057941_n.jpg 526w, https:\/\/portalv1.com.br\/app\/wp-content\/uploads\/2022\/06\/286417534_5221477847933430_2887799907731057941_n-300x300.jpg 300w, https:\/\/portalv1.com.br\/app\/wp-content\/uploads\/2022\/06\/286417534_5221477847933430_2887799907731057941_n-100x100.jpg 100w\" sizes=\"auto, (max-width: 526px) 100vw, 526px\" \/><\/a><\/p>\n","protected":false},"excerpt":{"rendered":"<p>O prefeito de Novo Oriente, Afonso Sobreira, comemorou, nesta segunda-feira (06), o desempenho de Novo Oriente nos indicadores do Programa Previne Brasil, que foram divulgados nesse final de semana referente&#8230;<\/p>\n","protected":false},"author":1,"featured_media":119926,"comment_status":"open","ping_status":"open","sticky":false,"template":"","format":"standard","meta":{"ngg_post_thumbnail":0,"footnotes":""},"categories":[243],"tags":[],"class_list":["post-119924","post","type-post","status-publish","format-standard","has-post-thumbnail","hentry","category-geral"],"views":303,"meta_data":{"thumb":"https:\/\/portalv1.com.br\/app\/wp-content\/uploads\/2022\/06\/afonso-sobreira.jpg","imagem":{"fullsize":{"url":"https:\/\/portalv1.com.br\/app\/wp-content\/uploads\/2022\/06\/afonso-sobreira.jpg","width":1280,"height":720},"medium":{"url":"https:\/\/portalv1.com.br\/app\/wp-content\/uploads\/2022\/06\/afonso-sobreira-300x169.jpg","width":300,"height":169},"large":{"url":"https:\/\/portalv1.com.br\/app\/wp-content\/uploads\/2022\/06\/afonso-sobreira-640x360.jpg","width":640,"height":360},"thumbnail":{"url":"https:\/\/portalv1.com.br\/app\/wp-content\/uploads\/2022\/06\/afonso-sobreira-100x100.jpg","width":100,"height":100},"medium_large":{"url":"https:\/\/portalv1.com.br\/app\/wp-content\/uploads\/2022\/06\/afonso-sobreira-768x432.jpg","width":768,"height":432}},"data":{"simple":"06\/06\/2022","date_time":"06\/06\/2022 19:00:41","date":"h\u00e1 4 anos"},"chapeu":"Sa\u00fade em primeiro lugar","source":"slide"},"_links":{"self":[{"href":"https:\/\/portalv1.com.br\/api\/wp\/v2\/posts\/119924","targetHints":{"allow":["GET"]}}],"collection":[{"href":"https:\/\/portalv1.com.br\/api\/wp\/v2\/posts"}],"about":[{"href":"https:\/\/portalv1.com.br\/api\/wp\/v2\/types\/post"}],"author":[{"embeddable":true,"href":"https:\/\/portalv1.com.br\/api\/wp\/v2\/users\/1"}],"replies":[{"embeddable":true,"href":"https:\/\/portalv1.com.br\/api\/wp\/v2\/comments?post=119924"}],"version-history":[{"count":0,"href":"https:\/\/portalv1.com.br\/api\/wp\/v2\/posts\/119924\/revisions"}],"wp:featuredmedia":[{"embeddable":true,"href":"https:\/\/portalv1.com.br\/api\/wp\/v2\/media\/119926"}],"wp:attachment":[{"href":"https:\/\/portalv1.com.br\/api\/wp\/v2\/media?parent=119924"}],"wp:term":[{"taxonomy":"category","embeddable":true,"href":"https:\/\/portalv1.com.br\/api\/wp\/v2\/categories?post=119924"},{"taxonomy":"post_tag","embeddable":true,"href":"https:\/\/portalv1.com.br\/api\/wp\/v2\/tags?post=119924"}],"curies":[{"name":"wp","href":"https:\/\/api.w.org\/{rel}","templated":true}]}}