{"id":120662,"date":"2022-06-14T08:48:45","date_gmt":"2022-06-14T11:48:45","guid":{"rendered":"https:\/\/portalv1.com.br\/?p=120662"},"modified":"2022-06-14T08:49:08","modified_gmt":"2022-06-14T11:49:08","slug":"coe-recomenda-volta-do-uso-obrigatorio-de-mascara-em-locais-fechados-no-piaui","status":"publish","type":"post","link":"https:\/\/portalv1.com.br\/coe-recomenda-volta-do-uso-obrigatorio-de-mascara-em-locais-fechados-no-piaui\/","title":{"rendered":"COE recomenda volta do uso obrigat\u00f3rio de m\u00e1scara em locais fechados no Piau\u00ed"},"content":{"rendered":"<p><a href=\"https:\/\/portalv1.com.br\/app\/wp-content\/uploads\/2021\/11\/mascara.jpg\"><img loading=\"lazy\" decoding=\"async\" class=\"aligncenter size-large wp-image-106080\" src=\"https:\/\/portalv1.com.br\/app\/wp-content\/uploads\/2021\/11\/mascara-640x426.jpg\" alt=\"\" width=\"600\" height=\"399\" srcset=\"https:\/\/portalv1.com.br\/app\/wp-content\/uploads\/2021\/11\/mascara-640x426.jpg 640w, https:\/\/portalv1.com.br\/app\/wp-content\/uploads\/2021\/11\/mascara-300x200.jpg 300w, https:\/\/portalv1.com.br\/app\/wp-content\/uploads\/2021\/11\/mascara-768x511.jpg 768w, https:\/\/portalv1.com.br\/app\/wp-content\/uploads\/2021\/11\/mascara.jpg 790w\" sizes=\"auto, (max-width: 600px) 100vw, 600px\" \/><\/a>O Comit\u00ea de Opera\u00e7\u00f5es Emergenciais (COE) da Secretaria de Estado da Sa\u00fade (Sesapi) deliberou em reuni\u00e3o, na noite desta segunda-feira (13), pela volta do uso obrigat\u00f3rio de m\u00e1scara em ambientes fechados no Piau\u00ed. A decis\u00e3o \u00e9 motivada pelos recentes aumentos dos casos de covid-19 na capital e no interior do estado.&nbsp;<\/p>\n<p>Al\u00e9m do aumento de casos, os membros do COE tamb\u00e9m apontaram na reuni\u00e3o o aumento da subnotifica\u00e7\u00e3o, motivada principalmente pelo in\u00edcio da comercializa\u00e7\u00e3o de autotestes em farm\u00e1cias da rede privada.&nbsp;<\/p>\n<p>A Governadora Regina Sousa (PT) j\u00e1 foi comunicada sobre as novas delibera\u00e7\u00f5es e deve emitir um decreto nas pr\u00f3ximas horas com as novas medidas sanit\u00e1rias de preven\u00e7\u00e3o \u00e0 Covid-19.&nbsp;<\/p>\n<p>A flexibiliza\u00e7\u00e3o do uso de m\u00e1scara em ambientes fechados estava em vigor no Piau\u00ed desde o dia 12 de abril,&nbsp; nos munic\u00edpios com percentual m\u00ednimo de 60% da popula\u00e7\u00e3o vacinada com a dose de refor\u00e7o contra a Covid-19.&nbsp;<\/p>\n<p>Na reuni\u00e3o de ontem, os membros do COE tamb\u00e9m emitiram uma recomenda\u00e7\u00e3o espec\u00edfica para escolas e universidades, que devem refor\u00e7ar as medidas de isolamento caso haja registro da doen\u00e7a.&nbsp;<\/p>\n<p>Durante o encontro, tamb\u00e9m ficou definido o retorno do programa busca ativa, para localizar e isolar novos casos de covid-19, principalmente nos munic\u00edpios onde houve aumento no n\u00famero de registros.&nbsp;Os munic\u00edpios tamb\u00e9m devem passar a receber uma maior quantidade de testes.&nbsp;<\/p>\n<p>Fonte: cidadeverde<\/p>\n","protected":false},"excerpt":{"rendered":"<p>O Comit\u00ea de Opera\u00e7\u00f5es Emergenciais (COE) da Secretaria de Estado da Sa\u00fade (Sesapi) deliberou em reuni\u00e3o, na noite desta segunda-feira (13), pela volta do uso obrigat\u00f3rio de m\u00e1scara em ambientes&#8230;<\/p>\n","protected":false},"author":1,"featured_media":106080,"comment_status":"open","ping_status":"open","sticky":false,"template":"","format":"standard","meta":{"ngg_post_thumbnail":0,"footnotes":""},"categories":[243],"tags":[],"class_list":["post-120662","post","type-post","status-publish","format-standard","has-post-thumbnail","hentry","category-geral"],"views":177,"meta_data":{"thumb":"https:\/\/portalv1.com.br\/app\/wp-content\/uploads\/2021\/11\/mascara.jpg","imagem":{"fullsize":{"url":"https:\/\/portalv1.com.br\/app\/wp-content\/uploads\/2021\/11\/mascara.jpg","width":790,"height":526},"medium":{"url":"https:\/\/portalv1.com.br\/app\/wp-content\/uploads\/2021\/11\/mascara-300x200.jpg","width":300,"height":200},"large":{"url":"https:\/\/portalv1.com.br\/app\/wp-content\/uploads\/2021\/11\/mascara-640x426.jpg","width":640,"height":426},"thumbnail":{"url":"https:\/\/portalv1.com.br\/app\/wp-content\/uploads\/2021\/11\/mascara-100x100.jpg","width":100,"height":100},"medium_large":{"url":"https:\/\/portalv1.com.br\/app\/wp-content\/uploads\/2021\/11\/mascara-768x511.jpg","width":768,"height":511}},"data":{"simple":"14\/06\/2022","date_time":"14\/06\/2022 05:48:45","date":"h\u00e1 4 anos"},"chapeu":"Saiba Detalhes ","source":"slide"},"_links":{"self":[{"href":"https:\/\/portalv1.com.br\/api\/wp\/v2\/posts\/120662","targetHints":{"allow":["GET"]}}],"collection":[{"href":"https:\/\/portalv1.com.br\/api\/wp\/v2\/posts"}],"about":[{"href":"https:\/\/portalv1.com.br\/api\/wp\/v2\/types\/post"}],"author":[{"embeddable":true,"href":"https:\/\/portalv1.com.br\/api\/wp\/v2\/users\/1"}],"replies":[{"embeddable":true,"href":"https:\/\/portalv1.com.br\/api\/wp\/v2\/comments?post=120662"}],"version-history":[{"count":0,"href":"https:\/\/portalv1.com.br\/api\/wp\/v2\/posts\/120662\/revisions"}],"wp:featuredmedia":[{"embeddable":true,"href":"https:\/\/portalv1.com.br\/api\/wp\/v2\/media\/106080"}],"wp:attachment":[{"href":"https:\/\/portalv1.com.br\/api\/wp\/v2\/media?parent=120662"}],"wp:term":[{"taxonomy":"category","embeddable":true,"href":"https:\/\/portalv1.com.br\/api\/wp\/v2\/categories?post=120662"},{"taxonomy":"post_tag","embeddable":true,"href":"https:\/\/portalv1.com.br\/api\/wp\/v2\/tags?post=120662"}],"curies":[{"name":"wp","href":"https:\/\/api.w.org\/{rel}","templated":true}]}}