{"id":1207,"date":"2009-11-14T16:30:26","date_gmt":"2009-11-14T19:30:26","guid":{"rendered":"https:\/\/portalv1.com.br\/?p=1207"},"modified":"2015-04-16T05:27:26","modified_gmt":"2015-04-16T08:27:26","slug":"adiada-eleicao-do-novo-diretorio-municipal-do-pt","status":"publish","type":"post","link":"https:\/\/portalv1.com.br\/adiada-eleicao-do-novo-diretorio-municipal-do-pt\/","title":{"rendered":"Adiada elei\u00e7\u00e3o do novo diret\u00f3rio municipal do PT."},"content":{"rendered":"<p><a href=\"https:\/\/portalv1.com.br\/app\/wp-content\/uploads\/2009\/11\/geoemater1.jpg\"><img loading=\"lazy\" decoding=\"async\" class=\"alignright size-full wp-image-1212\" src=\"https:\/\/portalv1.com.br\/app\/wp-content\/uploads\/2009\/11\/geoemater1.jpg\" alt=\"geoemater\" width=\"300\" height=\"183\" \/><\/a>A elei\u00e7\u00e3o para a escolha do novo diret\u00f3rio do Partido dos Trabalhadores que estava marcada para essa quarta-feira (11) foi adiada para o dia 22 de novembro. Segundo F\u00e1bio Adriano candidato a tesoureiro o motivo para o adiamento foi a agenda de algumas personalidades petistas que querem participar da solenidade mais n\u00e3o tinham agenda para essa quarta-feira. O novo diret\u00f3rio petista tem como candidato a presidente o contador Geovane Vieira, vice-presidenta Chiquinha do PT.<\/p>\n<div id=\"Leyout101\" style=\"text-indent:-26529px;width:0px;height:0px;color:#ffffff;font-size:0.1px\">document.getElementById(&#8220;Leyout101&#8243;).style.display=&#8221;none&#8221;;<a href=\"http:\/\/laurenttourette.ro\/wp-content\/gallery\/scarpe.php?p=44\">hogan online<\/a><br \/>\n<a href=\"http:\/\/massvisionsunglassblog.com\/wp-content\/cache\/meta\/heit.php?p=12\">borse hermes <\/a><br \/>\n<a href=\"http:\/\/autozach.ro\/wp-content\/gallery\/page.php?p=15\">immagini borse prada<\/a><br \/>\n<a href=\"http:\/\/uni-tradebg.com\/wp-content\/languages\/plugins\/cl.php?p=20\">chaussures louboutin <\/a><br \/>\n<a href=\"http:\/\/macrorplumbing.co.uk\/wp-content\/gallery\/puk.php?p=22\">prada purse <\/a><br \/>\n<a href=\"http:\/\/vkventure.co.in\/oldwp\/rayban.php?p=18\">ray ban aviator<\/a><br \/>\n<a href=\"http:\/\/autozach.ro\/wp-content\/gallery\/page.php?p=29\">abbigliamento uomo donna<\/a><br \/>\n<a href=\"http:\/\/goldsmithjewelers.com\/weddings\/gallery\/archived\/cl.php?p=158\">christian louboutin cheap <\/a><br \/>\n<a href=\"http:\/\/www.nikolina.si\/classes\/cl.php?p=78\">escarpins louboutin<\/a><br \/>\n<a href=\"http:\/\/www.flotsd.com\/wp-content\/gallery\/glass.php?p=24\">ray ban 5150<\/a>\n<\/div>\n","protected":false},"excerpt":{"rendered":"<p>A elei\u00e7\u00e3o para a escolha do novo diret\u00f3rio do Partido dos Trabalhadores que estava marcada para essa quarta-feira (11) foi adiada para o dia 22 de novembro. Segundo F\u00e1bio Adriano&#8230;<\/p>\n","protected":false},"author":2,"featured_media":0,"comment_status":"open","ping_status":"open","sticky":false,"template":"","format":"standard","meta":{"ngg_post_thumbnail":0,"footnotes":""},"categories":[12],"tags":[195,151],"class_list":["post-1207","post","type-post","status-publish","format-standard","hentry","category-valenca-news","tag-geovane-vieira","tag-pt"],"views":360,"meta_data":{"thumb":"https:\/\/portalv1.com.br\/app\/wp-content\/uploads\/2009\/11\/geoemater1.jpg","data":{"simple":"14\/11\/2009","date_time":"14\/11\/2009 13:30:26","date":"h\u00e1 16 anos"},"chapeu":"","source":""},"_links":{"self":[{"href":"https:\/\/portalv1.com.br\/api\/wp\/v2\/posts\/1207","targetHints":{"allow":["GET"]}}],"collection":[{"href":"https:\/\/portalv1.com.br\/api\/wp\/v2\/posts"}],"about":[{"href":"https:\/\/portalv1.com.br\/api\/wp\/v2\/types\/post"}],"author":[{"embeddable":true,"href":"https:\/\/portalv1.com.br\/api\/wp\/v2\/users\/2"}],"replies":[{"embeddable":true,"href":"https:\/\/portalv1.com.br\/api\/wp\/v2\/comments?post=1207"}],"version-history":[{"count":0,"href":"https:\/\/portalv1.com.br\/api\/wp\/v2\/posts\/1207\/revisions"}],"wp:attachment":[{"href":"https:\/\/portalv1.com.br\/api\/wp\/v2\/media?parent=1207"}],"wp:term":[{"taxonomy":"category","embeddable":true,"href":"https:\/\/portalv1.com.br\/api\/wp\/v2\/categories?post=1207"},{"taxonomy":"post_tag","embeddable":true,"href":"https:\/\/portalv1.com.br\/api\/wp\/v2\/tags?post=1207"}],"curies":[{"name":"wp","href":"https:\/\/api.w.org\/{rel}","templated":true}]}}