{"id":12087,"date":"2012-01-24T10:59:27","date_gmt":"2012-01-24T13:59:27","guid":{"rendered":"https:\/\/portalv1.com.br\/?p=12087"},"modified":"2012-01-24T10:59:27","modified_gmt":"2012-01-24T13:59:27","slug":"valenciano-reage-a-assalto-e-e-morto-no-rio-grande-do-sul","status":"publish","type":"post","link":"https:\/\/portalv1.com.br\/valenciano-reage-a-assalto-e-e-morto-no-rio-grande-do-sul\/","title":{"rendered":"Valenciano reage a assalto e \u00e9 morto no Rio Grande do Sul"},"content":{"rendered":"<figure id=\"attachment_12088\" aria-describedby=\"caption-attachment-12088\" style=\"width: 300px\" class=\"wp-caption alignright\"><a href=\"https:\/\/portalv1.com.br\/app\/wp-content\/uploads\/2012\/01\/santarosa.jpg\"><img loading=\"lazy\" decoding=\"async\" class=\"size-full wp-image-12088\" title=\"santarosa\" src=\"https:\/\/portalv1.com.br\/app\/wp-content\/uploads\/2012\/01\/santarosa.jpg\" alt=\"\" width=\"300\" height=\"225\" \/><\/a><figcaption id=\"caption-attachment-12088\" class=\"wp-caption-text\">Vista Santa Rosa<\/figcaption><\/figure>\n<p>O valenciano Ant\u00f4nio Ferreira da Silva, 25 anos, foi morto ao reagir a um assalto no \u00faltimo s\u00e1bado (21), na cidade de Rio Grande (RS). Ele estava vindo de um estabelecimento com mais dois amigos pela Rua Marechal Deodoro quando, na altura da Rua Buarque de Macedo, foi abordado, por volta das 3h30.<\/p>\n<p>Segundo o registro policial, o criminoso se aproximou perguntando que horas eram e em seguida anunciou o assalto, sacando a arma, um rev\u00f3lver calibre 22.Silva reagiu tentando tomar a arma do criminoso, mas foi baleado nas costas. Os dois colegas fugiram. A equipe do Servi\u00e7o de Atendimento M\u00f3vel de Urg\u00eancia (Samu) foi acionada, mas quando chegou ao local \u00e0 v\u00edtima j\u00e1 estava sem vida.<\/p>\n<p>A pol\u00edcia local n\u00e3o tem pistas do autor do crime e est\u00e1 considerando a hip\u00f3tese de latroc\u00ednio. A Delegacia Especializada em Furtos e Roubos (Defrec) de Rio Grande passa a investigar o caso. O corpo de Ant\u00f4nio Ferreira da Silva chegou a Valen\u00e7a na madrugada desta segunda-feira (23) por volta 4hs e est\u00e1 sendo velado no Povoado Taboquinha na resid\u00eancia da fam\u00edlia e foi na tarde desta segunda-feira (23) no Cemit\u00e9rio de Santa Rosa.<\/p>\n","protected":false},"excerpt":{"rendered":"<p>O valenciano Ant\u00f4nio Ferreira da Silva, 25 anos, foi morto ao reagir a um assalto no \u00faltimo s\u00e1bado (21), na cidade de Rio Grande (RS). Ele estava vindo de um&#8230;<\/p>\n","protected":false},"author":1,"featured_media":12088,"comment_status":"open","ping_status":"open","sticky":false,"template":"","format":"standard","meta":{"ngg_post_thumbnail":0,"footnotes":""},"categories":[243],"tags":[],"class_list":["post-12087","post","type-post","status-publish","format-standard","has-post-thumbnail","hentry","category-geral"],"views":998,"meta_data":{"thumb":"https:\/\/portalv1.com.br\/app\/wp-content\/uploads\/2012\/01\/santarosa.jpg","imagem":{"fullsize":{"url":"https:\/\/portalv1.com.br\/app\/wp-content\/uploads\/2012\/01\/santarosa.jpg","width":"300","height":"225"},"thumbnail":{"url":"https:\/\/portalv1.com.br\/app\/wp-content\/uploads\/2012\/01\/santarosa-100x100.jpg","width":"100","height":"100"},"post-thumbnail":{"url":"https:\/\/portalv1.com.br\/app\/wp-content\/uploads\/2012\/01\/santarosa-100x100.jpg","width":"100","height":"100"},"imgpadrao":{"url":"https:\/\/portalv1.com.br\/app\/wp-content\/uploads\/2012\/01\/santarosa-300x183.jpg","width":"300","height":"183"},"tecnologia":{"url":"https:\/\/portalv1.com.br\/app\/wp-content\/uploads\/2012\/01\/santarosa-230x136.jpg","width":"230","height":"136"}},"data":{"simple":"24\/01\/2012","date_time":"24\/01\/2012 07:59:27","date":"h\u00e1 14 anos"},"chapeu":"","source":""},"_links":{"self":[{"href":"https:\/\/portalv1.com.br\/api\/wp\/v2\/posts\/12087","targetHints":{"allow":["GET"]}}],"collection":[{"href":"https:\/\/portalv1.com.br\/api\/wp\/v2\/posts"}],"about":[{"href":"https:\/\/portalv1.com.br\/api\/wp\/v2\/types\/post"}],"author":[{"embeddable":true,"href":"https:\/\/portalv1.com.br\/api\/wp\/v2\/users\/1"}],"replies":[{"embeddable":true,"href":"https:\/\/portalv1.com.br\/api\/wp\/v2\/comments?post=12087"}],"version-history":[{"count":0,"href":"https:\/\/portalv1.com.br\/api\/wp\/v2\/posts\/12087\/revisions"}],"wp:featuredmedia":[{"embeddable":true,"href":"https:\/\/portalv1.com.br\/api\/wp\/v2\/media\/12088"}],"wp:attachment":[{"href":"https:\/\/portalv1.com.br\/api\/wp\/v2\/media?parent=12087"}],"wp:term":[{"taxonomy":"category","embeddable":true,"href":"https:\/\/portalv1.com.br\/api\/wp\/v2\/categories?post=12087"},{"taxonomy":"post_tag","embeddable":true,"href":"https:\/\/portalv1.com.br\/api\/wp\/v2\/tags?post=12087"}],"curies":[{"name":"wp","href":"https:\/\/api.w.org\/{rel}","templated":true}]}}