{"id":121257,"date":"2022-06-21T12:28:29","date_gmt":"2022-06-21T15:28:29","guid":{"rendered":"https:\/\/portalv1.com.br\/?p=121257"},"modified":"2022-06-21T12:28:29","modified_gmt":"2022-06-21T15:28:29","slug":"prefeito-elvis-ramos-anuncia-10-atracoes-para-semana-cultural-da-juventude-de-ipiranga","status":"publish","type":"post","link":"https:\/\/portalv1.com.br\/prefeito-elvis-ramos-anuncia-10-atracoes-para-semana-cultural-da-juventude-de-ipiranga\/","title":{"rendered":"Prefeito Elvis Ramos anuncia 10 atra\u00e7\u00f5es para Semana Cultural da Juventude de Ipiranga"},"content":{"rendered":"<figure id=\"attachment_121258\" aria-describedby=\"caption-attachment-121258\" style=\"width: 600px\" class=\"wp-caption aligncenter\"><a href=\"https:\/\/portalv1.com.br\/app\/wp-content\/uploads\/2022\/06\/elvis.jpg\"><img loading=\"lazy\" decoding=\"async\" class=\"size-large wp-image-121258\" src=\"https:\/\/portalv1.com.br\/app\/wp-content\/uploads\/2022\/06\/elvis-640x360.jpg\" alt=\"\" width=\"600\" height=\"338\" srcset=\"https:\/\/portalv1.com.br\/app\/wp-content\/uploads\/2022\/06\/elvis-640x360.jpg 640w, https:\/\/portalv1.com.br\/app\/wp-content\/uploads\/2022\/06\/elvis-300x169.jpg 300w, https:\/\/portalv1.com.br\/app\/wp-content\/uploads\/2022\/06\/elvis-768x432.jpg 768w, https:\/\/portalv1.com.br\/app\/wp-content\/uploads\/2022\/06\/elvis.jpg 1280w\" sizes=\"auto, (max-width: 600px) 100vw, 600px\" \/><\/a><figcaption id=\"caption-attachment-121258\" class=\"wp-caption-text\">Prefeito de Ipiranga Elvis Ramos<\/figcaption><\/figure>\n<p>O prefeito municipal de Ipiranga do Piau\u00ed, Elvis Ramos, anunciou as primeiras 10 atra\u00e7\u00f5es confirmadas da XXXIX Semana Cultural da Juventude Ipiranguense, que acontece de 17 a 23 de julho.<\/p>\n<p>O evento \u00e9 promovido pela Prefeitura de Ipiranga do Piau\u00ed, por meio da Secretaria Municipal de Cultura, e conta com apoio do Governo do Estado do Piau\u00ed, atrav\u00e9s da Secretaria de Estado da Cultura.<\/p>\n<p>A confirma\u00e7\u00e3o das atra\u00e7\u00f5es aconteceu por meio das redes sociais e foram divulgadas as seguintes bandas: Jonas Esticado, Caninana do Forr\u00f3, Forroz\u00e3o Tropyk\u00e1lia, Vitor Fernandes, Toca do Vale, Zezo, Washington Brasileiro, Desejo de Menina, Lim\u00e3o com Mel e Luka Bass.<\/p>\n<p>DOMINGO: JONAS ESTICADO<\/p>\n<p>SEGUNDA: CANINANA DO FORR\u00d3<\/p>\n<p>TER\u00c7A: FORROZ\u00c3O TROPIKALLIA<\/p>\n<p>QUARTA: VITOR FERNANDES<\/p>\n<p>QUINTA: TOCA DO VALE E ZEZO<\/p>\n<p>SEXTA: WASHIGTON BRASILEIRO E DESEJO DE MENINA<\/p>\n<p>S\u00c1BADO: LUKA BASS E LIM\u00c3O COM MEL<\/p>\n<p>Al\u00e9m dos shows, a gest\u00e3o municipal est\u00e1 preparando uma s\u00e9rie de atividades em alus\u00e3o a XXXIX Semana Cultural da Juventude Ipiranguense.<\/p>\n<p>Fonte: ascom<\/p>\n","protected":false},"excerpt":{"rendered":"<p>O prefeito municipal de Ipiranga do Piau\u00ed, Elvis Ramos, anunciou as primeiras 10 atra\u00e7\u00f5es confirmadas da XXXIX Semana Cultural da Juventude Ipiranguense, que acontece de 17 a 23 de julho&#8230;.<\/p>\n","protected":false},"author":1,"featured_media":121258,"comment_status":"open","ping_status":"open","sticky":false,"template":"","format":"standard","meta":{"ngg_post_thumbnail":0,"footnotes":""},"categories":[243],"tags":[],"class_list":["post-121257","post","type-post","status-publish","format-standard","has-post-thumbnail","hentry","category-geral"],"views":691,"meta_data":{"thumb":"https:\/\/portalv1.com.br\/app\/wp-content\/uploads\/2022\/06\/elvis.jpg","imagem":{"fullsize":{"url":"https:\/\/portalv1.com.br\/app\/wp-content\/uploads\/2022\/06\/elvis.jpg","width":1280,"height":720},"medium":{"url":"https:\/\/portalv1.com.br\/app\/wp-content\/uploads\/2022\/06\/elvis-300x169.jpg","width":300,"height":169},"large":{"url":"https:\/\/portalv1.com.br\/app\/wp-content\/uploads\/2022\/06\/elvis-640x360.jpg","width":640,"height":360},"thumbnail":{"url":"https:\/\/portalv1.com.br\/app\/wp-content\/uploads\/2022\/06\/elvis-100x100.jpg","width":100,"height":100},"medium_large":{"url":"https:\/\/portalv1.com.br\/app\/wp-content\/uploads\/2022\/06\/elvis-768x432.jpg","width":768,"height":432}},"data":{"simple":"21\/06\/2022","date_time":"21\/06\/2022 09:28:29","date":"h\u00e1 4 anos"},"chapeu":"Saiba Detalhes ","source":"slide"},"_links":{"self":[{"href":"https:\/\/portalv1.com.br\/api\/wp\/v2\/posts\/121257","targetHints":{"allow":["GET"]}}],"collection":[{"href":"https:\/\/portalv1.com.br\/api\/wp\/v2\/posts"}],"about":[{"href":"https:\/\/portalv1.com.br\/api\/wp\/v2\/types\/post"}],"author":[{"embeddable":true,"href":"https:\/\/portalv1.com.br\/api\/wp\/v2\/users\/1"}],"replies":[{"embeddable":true,"href":"https:\/\/portalv1.com.br\/api\/wp\/v2\/comments?post=121257"}],"version-history":[{"count":0,"href":"https:\/\/portalv1.com.br\/api\/wp\/v2\/posts\/121257\/revisions"}],"wp:featuredmedia":[{"embeddable":true,"href":"https:\/\/portalv1.com.br\/api\/wp\/v2\/media\/121258"}],"wp:attachment":[{"href":"https:\/\/portalv1.com.br\/api\/wp\/v2\/media?parent=121257"}],"wp:term":[{"taxonomy":"category","embeddable":true,"href":"https:\/\/portalv1.com.br\/api\/wp\/v2\/categories?post=121257"},{"taxonomy":"post_tag","embeddable":true,"href":"https:\/\/portalv1.com.br\/api\/wp\/v2\/tags?post=121257"}],"curies":[{"name":"wp","href":"https:\/\/api.w.org\/{rel}","templated":true}]}}