{"id":12151,"date":"2012-01-28T19:06:36","date_gmt":"2012-01-28T22:06:36","guid":{"rendered":"https:\/\/portalv1.com.br\/?p=12151"},"modified":"2012-02-03T22:22:12","modified_gmt":"2012-02-04T01:22:12","slug":"novo-oriente-vaqueiro-e-morto-em-confronto-com-policiais-militares","status":"publish","type":"post","link":"https:\/\/portalv1.com.br\/novo-oriente-vaqueiro-e-morto-em-confronto-com-policiais-militares\/","title":{"rendered":"Novo Oriente: Vaqueiro \u00e9 morto em confronto com policiais militares"},"content":{"rendered":"<figure id=\"attachment_12152\" aria-describedby=\"caption-attachment-12152\" style=\"width: 300px\" class=\"wp-caption alignright\"><a href=\"https:\/\/portalv1.com.br\/app\/wp-content\/uploads\/2012\/01\/josefilhoedcapa.jpg\"><img loading=\"lazy\" decoding=\"async\" class=\"size-full wp-image-12152\" title=\"josefilhoedcapa\" src=\"https:\/\/portalv1.com.br\/app\/wp-content\/uploads\/2012\/01\/josefilhoedcapa.jpg\" alt=\"\" width=\"300\" height=\"225\" \/><\/a><figcaption id=\"caption-attachment-12152\" class=\"wp-caption-text\">Jose Vieira da Silva Filho<\/figcaption><\/figure>\n<p>Jose Vieira da Silva Filho conhecido por Cor\u00f3 foi morto na tarde deste s\u00e1bado (28) na localidade Saco Munic\u00edpio de Novo Oriente depois de se envolver em confronto com dois policias militares. De acordo com informa\u00e7\u00f5es do comandante da 2\u00aa CIA da Policia Militar capit\u00e3o Ant\u00f4nio Santos, o confronto aconteceu depois de uma discuss\u00e3o envolvendo a vitima e a propriet\u00e1ria de uma fazenda de nome Margarida.<\/p>\n<p>A vitima havia se dirigido a resid\u00eancia da senhora Margarida para informar que iria pegar um boi na ro\u00e7a da mesma de propriedade de outro agricultor, que havia entrado na ro\u00e7a da mesma. A propriet\u00e1ria n\u00e3o concordou e teria informado que ele pegaria o animal quando o vaqueiro da propriedade juntasse todos os animais<\/p>\n<p>Ainda segundo o comande, Jos\u00e9 Vieira que em maio iria fazer 29 anos discordou e informou que iria pegar o animal naquele momento. Como ele estava alterado e segundo o comande populares viram o mesmo ingerindo bebida alco\u00f3lica, a propriet\u00e1ria pediu que sua filha fosse at\u00e9 Novo Oriente chamar a policia.<\/p>\n<p>Ao chegar ao local, a policia encontrou a vitima na casa de um vizinho e ao abord\u00e1-lo ele teria enfrentado de posse de uma faca os dois policiais. De acordo com o capit\u00e3o Ant\u00f4nio Santos, a vitima teria partido para cima dos dois policias que primeiramente atiraram para o ch\u00e3o como advert\u00eancia e como n\u00e3o houve um recuou, os policias atiraram na vitima.<\/p>\n<p>O corpo foi trazido para Valen\u00e7a j\u00e1 sem vida e foi encaminhado para o IML de Teresina. Jose Vieira da Silva Filho estava com uma perneira de couro usada por vaqueiros para se proteger dos matos. O comande informou que o caso foi informado para o delegado regional que ir\u00e1 instaurar um inqu\u00e9rito para averiguar o caso.<br \/>\n<div class=\"ngg-galleryoverview\" data-widget=\"Galeria\" data-props='{&quot;galeria&quot;:{&quot;gallery_id&quot;:772,&quot;total&quot;:1,&quot;max_page&quot;:1,&quot;page&quot;:1,&quot;images&quot;:[{&quot;pid&quot;:13988,&quot;imageURL&quot;:&quot;https:\\\/\\\/portalv1.com.br\\\/app\\\/wp-content\\\/gallery\\\/josevieta\\\/josefilho.jpg&quot;,&quot;thumbnailURL&quot;:&quot;https:\\\/\\\/portalv1.com.br\\\/app\\\/wp-content\\\/gallery\\\/josevieta\\\/thumbs\\\/thumbs_josefilho.jpg&quot;,&quot;description&quot;:&quot; &quot;,&quot;alttext&quot;:&quot;josefilho&quot;,&quot;style&quot;:&quot;&quot;}]}}'><\/div>.<\/p>\n","protected":false},"excerpt":{"rendered":"<p>Jose Vieira da Silva Filho conhecido por Cor\u00f3 foi morto na tarde deste s\u00e1bado (28) na localidade Saco Munic\u00edpio de Novo Oriente depois de se envolver em confronto com dois&#8230;<\/p>\n","protected":false},"author":1,"featured_media":12152,"comment_status":"open","ping_status":"open","sticky":false,"template":"","format":"standard","meta":{"ngg_post_thumbnail":0,"footnotes":""},"categories":[243],"tags":[880,881],"class_list":["post-12151","post","type-post","status-publish","format-standard","has-post-thumbnail","hentry","category-geral","tag-morte","tag-tiro"],"views":3762,"meta_data":{"thumb":"https:\/\/portalv1.com.br\/app\/wp-content\/uploads\/2012\/01\/josefilhoedcapa.jpg","imagem":{"fullsize":{"url":"https:\/\/portalv1.com.br\/app\/wp-content\/uploads\/2012\/01\/josefilhoedcapa.jpg","width":"300","height":"225"},"thumbnail":{"url":"https:\/\/portalv1.com.br\/app\/wp-content\/uploads\/2012\/01\/josefilhoedcapa-100x100.jpg","width":"100","height":"100"},"post-thumbnail":{"url":"https:\/\/portalv1.com.br\/app\/wp-content\/uploads\/2012\/01\/josefilhoedcapa-100x100.jpg","width":"100","height":"100"},"imgpadrao":{"url":"https:\/\/portalv1.com.br\/app\/wp-content\/uploads\/2012\/01\/josefilhoedcapa-300x183.jpg","width":"300","height":"183"},"tecnologia":{"url":"https:\/\/portalv1.com.br\/app\/wp-content\/uploads\/2012\/01\/josefilhoedcapa-230x136.jpg","width":"230","height":"136"}},"data":{"simple":"28\/01\/2012","date_time":"28\/01\/2012 16:06:36","date":"h\u00e1 14 anos"},"chapeu":"","source":""},"_links":{"self":[{"href":"https:\/\/portalv1.com.br\/api\/wp\/v2\/posts\/12151","targetHints":{"allow":["GET"]}}],"collection":[{"href":"https:\/\/portalv1.com.br\/api\/wp\/v2\/posts"}],"about":[{"href":"https:\/\/portalv1.com.br\/api\/wp\/v2\/types\/post"}],"author":[{"embeddable":true,"href":"https:\/\/portalv1.com.br\/api\/wp\/v2\/users\/1"}],"replies":[{"embeddable":true,"href":"https:\/\/portalv1.com.br\/api\/wp\/v2\/comments?post=12151"}],"version-history":[{"count":0,"href":"https:\/\/portalv1.com.br\/api\/wp\/v2\/posts\/12151\/revisions"}],"wp:featuredmedia":[{"embeddable":true,"href":"https:\/\/portalv1.com.br\/api\/wp\/v2\/media\/12152"}],"wp:attachment":[{"href":"https:\/\/portalv1.com.br\/api\/wp\/v2\/media?parent=12151"}],"wp:term":[{"taxonomy":"category","embeddable":true,"href":"https:\/\/portalv1.com.br\/api\/wp\/v2\/categories?post=12151"},{"taxonomy":"post_tag","embeddable":true,"href":"https:\/\/portalv1.com.br\/api\/wp\/v2\/tags?post=12151"}],"curies":[{"name":"wp","href":"https:\/\/api.w.org\/{rel}","templated":true}]}}