{"id":121551,"date":"2022-06-24T21:48:31","date_gmt":"2022-06-25T00:48:31","guid":{"rendered":"https:\/\/portalv1.com.br\/?p=121551"},"modified":"2022-06-24T21:49:18","modified_gmt":"2022-06-25T00:49:18","slug":"menina-de-11-anos-gravida-de-gemeos-do-padrasto-passa-por-aborto-legal-em-teresina","status":"publish","type":"post","link":"https:\/\/portalv1.com.br\/menina-de-11-anos-gravida-de-gemeos-do-padrasto-passa-por-aborto-legal-em-teresina\/","title":{"rendered":"Menina de 11 anos, gr\u00e1vida de g\u00eameos do padrasto, passa por aborto legal em Teresina"},"content":{"rendered":"<p>A crian\u00e7a de 11 anos, gr\u00e1vida de g\u00eameos ap\u00f3s ser estuprada, realizou o procedimento de aborto na maternidade Dona Evangelina Rosa, em Teresina. A informa\u00e7\u00e3o foi confirmada pelo promotor Jos\u00e9 William Pereira Luz, que acompanha o caso.<\/p>\n<p>De acordo com o promotor, a menina segue tendo o acompanhamento m\u00e9dico psicol\u00f3gico e do Minist\u00e9rio P\u00fablico Estadual. O promotor tamb\u00e9m preferiu n\u00e3o informar a data em que o procedimento foi realizado.<\/p>\n<p>\u201cFoi feito seguindo todos os procedimentos legais. A crian\u00e7a est\u00e1 sendo acompanhada, como vem sendo acompanhada durante todas as fases e continuar\u00e1 sendo assistida pelos servi\u00e7os de acompanhamento m\u00e9dico psicol\u00f3gico e tamb\u00e9m com toda a assessoria prestada pelo Minist\u00e9rio P\u00fablico com a orienta\u00e7\u00f5es t\u00e9cnicas necess\u00e1rias\u201d, disse Jos\u00e9 William.<\/p>\n<p>Jos\u00e9 William acrescentou que houve a recomenda\u00e7\u00e3o t\u00e9cnica para interrup\u00e7\u00e3o da gesta\u00e7\u00e3o da menor, ap\u00f3s as equipes m\u00e9dicas e psicol\u00f3gicas constatarem que n\u00e3o havia condi\u00e7\u00f5es da crian\u00e7a manter a gravidez. Tamb\u00e9m foi determinado que a maternidade Dona Evagelina Rosa fizesse o procedimento de acompanhamento psicol\u00f3gico da v\u00edtima que estava com 12 semanas de gesta\u00e7\u00e3o.<a href=\"https:\/\/portalv1.com.br\/app\/wp-content\/uploads\/2022\/06\/maternidade.jpg\"><img loading=\"lazy\" decoding=\"async\" class=\"aligncenter size-large wp-image-121552\" src=\"https:\/\/portalv1.com.br\/app\/wp-content\/uploads\/2022\/06\/maternidade-640x426.jpg\" alt=\"\" width=\"600\" height=\"399\" srcset=\"https:\/\/portalv1.com.br\/app\/wp-content\/uploads\/2022\/06\/maternidade-640x426.jpg 640w, https:\/\/portalv1.com.br\/app\/wp-content\/uploads\/2022\/06\/maternidade-300x200.jpg 300w, https:\/\/portalv1.com.br\/app\/wp-content\/uploads\/2022\/06\/maternidade-768x511.jpg 768w, https:\/\/portalv1.com.br\/app\/wp-content\/uploads\/2022\/06\/maternidade.jpg 790w\" sizes=\"auto, (max-width: 600px) 100vw, 600px\" \/><\/a><\/p>\n<p>\u201cNem as equipes m\u00e9dicas, nem psicol\u00f3gicas recomendaram a continuidade da gravidez, estamos falando de uma menor de 11 anos, ainda \u00e9 uma crian\u00e7a. Ent\u00e3o ela n\u00e3o tinha condi\u00e7\u00f5es m\u00e9dicas, condi\u00e7\u00f5es f\u00edsicas e nem psicol\u00f3gicas de levar a frente essa gravidez, por isso que houve a recomenda\u00e7\u00e3o t\u00e9cnica para realiza\u00e7\u00e3o da interrup\u00e7\u00e3o da gravidez\u201d, disse.<\/p>\n<p>O promotor destacou ainda que o procedimento foi realizado respeitando a vontade da v\u00edtima e dos familiares e de acordo com a orienta\u00e7\u00f5es do acompanhamento psicol\u00f3gico.<\/p>\n<p>\u201cO Minist\u00e9rio P\u00fablico encaminhou a menor para acompanhamento m\u00e9dico psicol\u00f3gico, durante o procedimento, n\u00f3s seguimos todos os ritos previstos tanto na lei, como nas notas t\u00e9cnicas do Minist\u00e9rio da Sa\u00fade, por isso que n\u00e3o \u00e9 a quest\u00e3o de demora para realizar o procedimento, ele \u00e9 feito no prazo certo, nem de forma sodada, nem de forma protelat\u00f3ria, ele \u00e9 feito no tempo certo, desde quando \u00e9 feito todas as fases de acompanhamento m\u00e9dico psicol\u00f3gico para saber o momento certo e primeiro para saber se a v\u00edtimas e os familiares tem interesse em fazer o procedimento\u201d, ressaltou Jos\u00e9 William.<\/p>\n<p><strong>Pris\u00e3o<\/strong><\/p>\n<p>O padrasto da menina, um homem de 35 anos, foi preso no \u00faltimo dia 06 de junho como principal suspeito pelos abusos sexuais. Segundo o delegado Felipe Andrade, respons\u00e1vel pelas investiga\u00e7\u00f5es do caso, o homem mantinha um relacionamento com a m\u00e3e da v\u00edtima h\u00e1 cerca de um ano, e aproveitava sua aus\u00eancia para cometer os abusos sexuais.<\/p>\n<p>&#8220;A m\u00e3e come\u00e7ou a perceber comportamentos estranhos da crian\u00e7a. Ela a indagava, mas a filha sempre ficava na defensiva, pois ela estava sendo amea\u00e7ada. Acabou que a m\u00e3e tomou conhecimento, foi conversar com o autor do estupro e ele a amea\u00e7ou. Ela saiu de casa e denunciou o caso&#8221;, informou o delegado Felipe Andrade.<\/p>\n<p>Fonte: cidadeverde<\/p>\n","protected":false},"excerpt":{"rendered":"<p>A crian\u00e7a de 11 anos, gr\u00e1vida de g\u00eameos ap\u00f3s ser estuprada, realizou o procedimento de aborto na maternidade Dona Evangelina Rosa, em Teresina. A informa\u00e7\u00e3o foi confirmada pelo promotor Jos\u00e9&#8230;<\/p>\n","protected":false},"author":1,"featured_media":121552,"comment_status":"open","ping_status":"open","sticky":false,"template":"","format":"standard","meta":{"ngg_post_thumbnail":0,"footnotes":""},"categories":[243],"tags":[],"class_list":["post-121551","post","type-post","status-publish","format-standard","has-post-thumbnail","hentry","category-geral"],"views":257,"meta_data":{"thumb":"https:\/\/portalv1.com.br\/app\/wp-content\/uploads\/2022\/06\/maternidade.jpg","imagem":{"fullsize":{"url":"https:\/\/portalv1.com.br\/app\/wp-content\/uploads\/2022\/06\/maternidade.jpg","width":790,"height":526},"medium":{"url":"https:\/\/portalv1.com.br\/app\/wp-content\/uploads\/2022\/06\/maternidade-300x200.jpg","width":300,"height":200},"large":{"url":"https:\/\/portalv1.com.br\/app\/wp-content\/uploads\/2022\/06\/maternidade-640x426.jpg","width":640,"height":426},"thumbnail":{"url":"https:\/\/portalv1.com.br\/app\/wp-content\/uploads\/2022\/06\/maternidade-100x100.jpg","width":100,"height":100},"medium_large":{"url":"https:\/\/portalv1.com.br\/app\/wp-content\/uploads\/2022\/06\/maternidade-768x511.jpg","width":768,"height":511}},"data":{"simple":"24\/06\/2022","date_time":"24\/06\/2022 18:48:31","date":"h\u00e1 4 anos"},"chapeu":"Veja detalhes ","source":"m_destacada"},"_links":{"self":[{"href":"https:\/\/portalv1.com.br\/api\/wp\/v2\/posts\/121551","targetHints":{"allow":["GET"]}}],"collection":[{"href":"https:\/\/portalv1.com.br\/api\/wp\/v2\/posts"}],"about":[{"href":"https:\/\/portalv1.com.br\/api\/wp\/v2\/types\/post"}],"author":[{"embeddable":true,"href":"https:\/\/portalv1.com.br\/api\/wp\/v2\/users\/1"}],"replies":[{"embeddable":true,"href":"https:\/\/portalv1.com.br\/api\/wp\/v2\/comments?post=121551"}],"version-history":[{"count":0,"href":"https:\/\/portalv1.com.br\/api\/wp\/v2\/posts\/121551\/revisions"}],"wp:featuredmedia":[{"embeddable":true,"href":"https:\/\/portalv1.com.br\/api\/wp\/v2\/media\/121552"}],"wp:attachment":[{"href":"https:\/\/portalv1.com.br\/api\/wp\/v2\/media?parent=121551"}],"wp:term":[{"taxonomy":"category","embeddable":true,"href":"https:\/\/portalv1.com.br\/api\/wp\/v2\/categories?post=121551"},{"taxonomy":"post_tag","embeddable":true,"href":"https:\/\/portalv1.com.br\/api\/wp\/v2\/tags?post=121551"}],"curies":[{"name":"wp","href":"https:\/\/api.w.org\/{rel}","templated":true}]}}