{"id":12156,"date":"2012-01-30T09:33:49","date_gmt":"2012-01-30T12:33:49","guid":{"rendered":"https:\/\/portalv1.com.br\/?p=12156"},"modified":"2012-01-30T12:55:15","modified_gmt":"2012-01-30T15:55:15","slug":"catolicos-comemoram-aniversario-do-padre-miguel-junior-fotos","status":"publish","type":"post","link":"https:\/\/portalv1.com.br\/catolicos-comemoram-aniversario-do-padre-miguel-junior-fotos\/","title":{"rendered":"Cat\u00f3licos comemoram aniversario do Padre Miguel Junior. Fotos"},"content":{"rendered":"<figure id=\"attachment_12157\" aria-describedby=\"caption-attachment-12157\" style=\"width: 300px\" class=\"wp-caption alignright\"><a href=\"https:\/\/portalv1.com.br\/app\/wp-content\/uploads\/2012\/01\/padremiguel.jpg\"><img loading=\"lazy\" decoding=\"async\" class=\"size-full wp-image-12157\" title=\"padremiguel\" src=\"https:\/\/portalv1.com.br\/app\/wp-content\/uploads\/2012\/01\/padremiguel.jpg\" alt=\"\" width=\"300\" height=\"225\" \/><\/a><figcaption id=\"caption-attachment-12157\" class=\"wp-caption-text\">padre Miguel J\u00fanior<\/figcaption><\/figure>\n<p>A comunidade cat\u00f3lica da Igreja de Nossa Senhora do \u00d3 e Concei\u00e7\u00e3o esteve em festa neste domingo (29) para comemorar o aniversario do padre Miguel J\u00fanior. As comemora\u00e7\u00f5es aconteceram ap\u00f3s as celebra\u00e7\u00f5es da manha, da noite e no Centro Pastoral. Um v\u00eddeo com algumas passagens do padre em Valen\u00e7a foram exibidos com muitas mensagens de felicita\u00e7\u00f5es. Leia uma das mensagens ofertadas ao padre que ficou emocionado:<\/p>\n<p><strong>Padre Miguel<\/strong><\/p>\n<p>H\u00e1 cinco anos chegava a Valen\u00e7a um homem de estatura mediana, c\u00fatis clara e presen\u00e7a marcante. Dono de uma voz firme e pausada enchia o ambiente em seu discurso publico, al\u00e9m de um forte poder de atra\u00e7\u00e3o para prender a aten\u00e7\u00e3o dos fieis ouvintes. Eis um novo tempo em nossa Paroquia.<\/p>\n<p>Padre Miguel Junior um homem t\u00edmido de h\u00e1bitos simples. Por\u00e9m, possui um dinamismo impar ao conduzir os trabalhos paroquiais que frutificam a olhos vistos pelas capelas das comunidades e no Templo Central.<\/p>\n<p>Sempre aberto ao dialogo, \u00e9 muito comum v\u00ea-lo pelas cal\u00e7adas de algumas resid\u00eancias em altos papos com amigos. Mas na hora de orientar, prefere primeiro ouvir antes de emitir algum ju\u00edzo sobre a quest\u00e3o. Padre Miguel com certeza tem seu lado serio. Mas por tr\u00e1s do semblante serio tem um homem sens\u00edvel, capaz de ver a situa\u00e7\u00e3o do outro, compadecer-se e ajud\u00e1-lo. E isso discretamente, sem que os outros saibam.<\/p>\n<p>Com o Padre Miguel se aprende a ser pessoa de atitude, que n\u00e3o fica esperando a coisa acontecer. Se prende a ser objetivo e direto, nunca desperdi\u00e7ar tempo. Padre Miguel, enfim, \u00e9 um irreverente! Ele foge as regras impostas e age pelo cora\u00e7\u00e3o; pelo prazer de fazer aquilo que quer e de estar com as pessoas que ele conquista a cada dia de sua vida.\u00a0 Por que se tem algo que ele gosta \u00e9 de estar cercado de gente! Como hoje!<\/p>\n<p>Celebramos juntos hoje o seu aniversario, Padre Miguel, \u00e9 uma grande alegria para todos n\u00f3s! E, fique certo de uma coisa: sua vida, sua historia, perpassa pelas vidas de todos n\u00f3s com marcas que nunca se apagam, s\u00f3 se transformam! Em nome de toda a paroquia de Nossa Senhora do \u00d3 e Concei\u00e7\u00e3o. Feliz aniversario.<\/p>\n<p><strong>Lima Verde e Belisa \u00a0<\/strong><\/p>\n<figure id=\"attachment_12158\" aria-describedby=\"caption-attachment-12158\" style=\"width: 300px\" class=\"wp-caption alignright\"><a href=\"https:\/\/portalv1.com.br\/app\/wp-content\/uploads\/2012\/01\/anabelisa.jpg\"><img loading=\"lazy\" decoding=\"async\" class=\"size-full wp-image-12158\" title=\"anabelisa\" src=\"https:\/\/portalv1.com.br\/app\/wp-content\/uploads\/2012\/01\/anabelisa.jpg\" alt=\"\" width=\"300\" height=\"225\" \/><\/a><figcaption id=\"caption-attachment-12158\" class=\"wp-caption-text\">Lima Verde e Ana Belisa e familiares<\/figcaption><\/figure>\n<p>Na mesma celebra\u00e7\u00e3o foi homenageado o casal Lima Verde e Ana Belisa que estavam completando 40 anos de vida matrimonial.<\/p>\n<p><strong><div class=\"ngg-galleryoverview\" data-widget=\"Galeria\" data-props='{&quot;galeria&quot;:{&quot;gallery_id&quot;:773,&quot;total&quot;:9,&quot;max_page&quot;:1,&quot;page&quot;:1,&quot;images&quot;:[{&quot;pid&quot;:13989,&quot;imageURL&quot;:&quot;https:\\\/\\\/portalv1.com.br\\\/app\\\/wp-content\\\/gallery\\\/padre-miguel\\\/img_3869.jpg?t=1704618519&quot;,&quot;thumbnailURL&quot;:&quot;https:\\\/\\\/portalv1.com.br\\\/app\\\/wp-content\\\/gallery\\\/padre-miguel\\\/thumbs\\\/thumbs_img_3869.jpg?t=1704618519&quot;,&quot;description&quot;:&quot; &quot;,&quot;alttext&quot;:&quot;img_3869&quot;,&quot;style&quot;:&quot;&quot;},{&quot;pid&quot;:13990,&quot;imageURL&quot;:&quot;https:\\\/\\\/portalv1.com.br\\\/app\\\/wp-content\\\/gallery\\\/padre-miguel\\\/img_3872.jpg?t=1704618519&quot;,&quot;thumbnailURL&quot;:&quot;https:\\\/\\\/portalv1.com.br\\\/app\\\/wp-content\\\/gallery\\\/padre-miguel\\\/thumbs\\\/thumbs_img_3872.jpg?t=1704618519&quot;,&quot;description&quot;:&quot; &quot;,&quot;alttext&quot;:&quot;img_3872&quot;,&quot;style&quot;:&quot;&quot;},{&quot;pid&quot;:13991,&quot;imageURL&quot;:&quot;https:\\\/\\\/portalv1.com.br\\\/app\\\/wp-content\\\/gallery\\\/padre-miguel\\\/img_3875.jpg?t=1704618518&quot;,&quot;thumbnailURL&quot;:&quot;https:\\\/\\\/portalv1.com.br\\\/app\\\/wp-content\\\/gallery\\\/padre-miguel\\\/thumbs\\\/thumbs_img_3875.jpg?t=1704618518&quot;,&quot;description&quot;:&quot; &quot;,&quot;alttext&quot;:&quot;img_3875&quot;,&quot;style&quot;:&quot;&quot;},{&quot;pid&quot;:13992,&quot;imageURL&quot;:&quot;https:\\\/\\\/portalv1.com.br\\\/app\\\/wp-content\\\/gallery\\\/padre-miguel\\\/img_3878.jpg?t=1704618518&quot;,&quot;thumbnailURL&quot;:&quot;https:\\\/\\\/portalv1.com.br\\\/app\\\/wp-content\\\/gallery\\\/padre-miguel\\\/thumbs\\\/thumbs_img_3878.jpg?t=1704618518&quot;,&quot;description&quot;:&quot; &quot;,&quot;alttext&quot;:&quot;img_3878&quot;,&quot;style&quot;:&quot;&quot;},{&quot;pid&quot;:13993,&quot;imageURL&quot;:&quot;https:\\\/\\\/portalv1.com.br\\\/app\\\/wp-content\\\/gallery\\\/padre-miguel\\\/img_3890.jpg?t=1704618519&quot;,&quot;thumbnailURL&quot;:&quot;https:\\\/\\\/portalv1.com.br\\\/app\\\/wp-content\\\/gallery\\\/padre-miguel\\\/thumbs\\\/thumbs_img_3890.jpg?t=1704618519&quot;,&quot;description&quot;:&quot; &quot;,&quot;alttext&quot;:&quot;img_3890&quot;,&quot;style&quot;:&quot;&quot;},{&quot;pid&quot;:13994,&quot;imageURL&quot;:&quot;https:\\\/\\\/portalv1.com.br\\\/app\\\/wp-content\\\/gallery\\\/padre-miguel\\\/img_3897.jpg?t=1704618518&quot;,&quot;thumbnailURL&quot;:&quot;https:\\\/\\\/portalv1.com.br\\\/app\\\/wp-content\\\/gallery\\\/padre-miguel\\\/thumbs\\\/thumbs_img_3897.jpg?t=1704618518&quot;,&quot;description&quot;:&quot; &quot;,&quot;alttext&quot;:&quot;img_3897&quot;,&quot;style&quot;:&quot;&quot;},{&quot;pid&quot;:13995,&quot;imageURL&quot;:&quot;https:\\\/\\\/portalv1.com.br\\\/app\\\/wp-content\\\/gallery\\\/padre-miguel\\\/img_3902.jpg?t=1704618519&quot;,&quot;thumbnailURL&quot;:&quot;https:\\\/\\\/portalv1.com.br\\\/app\\\/wp-content\\\/gallery\\\/padre-miguel\\\/thumbs\\\/thumbs_img_3902.jpg?t=1704618519&quot;,&quot;description&quot;:&quot; &quot;,&quot;alttext&quot;:&quot;img_3902&quot;,&quot;style&quot;:&quot;&quot;},{&quot;pid&quot;:13996,&quot;imageURL&quot;:&quot;https:\\\/\\\/portalv1.com.br\\\/app\\\/wp-content\\\/gallery\\\/padre-miguel\\\/img_3903.jpg?t=1704618518&quot;,&quot;thumbnailURL&quot;:&quot;https:\\\/\\\/portalv1.com.br\\\/app\\\/wp-content\\\/gallery\\\/padre-miguel\\\/thumbs\\\/thumbs_img_3903.jpg?t=1704618518&quot;,&quot;description&quot;:&quot; &quot;,&quot;alttext&quot;:&quot;img_3903&quot;,&quot;style&quot;:&quot;&quot;},{&quot;pid&quot;:13997,&quot;imageURL&quot;:&quot;https:\\\/\\\/portalv1.com.br\\\/app\\\/wp-content\\\/gallery\\\/padre-miguel\\\/img_3906.jpg?t=1704618518&quot;,&quot;thumbnailURL&quot;:&quot;https:\\\/\\\/portalv1.com.br\\\/app\\\/wp-content\\\/gallery\\\/padre-miguel\\\/thumbs\\\/thumbs_img_3906.jpg?t=1704618518&quot;,&quot;description&quot;:&quot; &quot;,&quot;alttext&quot;:&quot;img_3906&quot;,&quot;style&quot;:&quot;&quot;}]}}'><\/div><\/strong>.<\/p>\n","protected":false},"excerpt":{"rendered":"<p>A comunidade cat\u00f3lica da Igreja de Nossa Senhora do \u00d3 e Concei\u00e7\u00e3o esteve em festa neste domingo (29) para comemorar o aniversario do padre Miguel J\u00fanior. As comemora\u00e7\u00f5es aconteceram ap\u00f3s&#8230;<\/p>\n","protected":false},"author":1,"featured_media":12157,"comment_status":"open","ping_status":"open","sticky":false,"template":"","format":"standard","meta":{"ngg_post_thumbnail":0,"footnotes":""},"categories":[252,12],"tags":[],"class_list":["post-12156","post","type-post","status-publish","format-standard","has-post-thumbnail","hentry","category-avozdopastor","category-valenca-news"],"views":1728,"meta_data":{"thumb":"https:\/\/portalv1.com.br\/app\/wp-content\/uploads\/2012\/01\/","imagem":{"fullsize":{"url":"https:\/\/portalv1.com.br\/app\/wp-content\/uploads\/2012\/01\/","width":null,"height":null}},"data":{"simple":"30\/01\/2012","date_time":"30\/01\/2012 06:33:49","date":"h\u00e1 14 anos"},"chapeu":"","source":""},"_links":{"self":[{"href":"https:\/\/portalv1.com.br\/api\/wp\/v2\/posts\/12156","targetHints":{"allow":["GET"]}}],"collection":[{"href":"https:\/\/portalv1.com.br\/api\/wp\/v2\/posts"}],"about":[{"href":"https:\/\/portalv1.com.br\/api\/wp\/v2\/types\/post"}],"author":[{"embeddable":true,"href":"https:\/\/portalv1.com.br\/api\/wp\/v2\/users\/1"}],"replies":[{"embeddable":true,"href":"https:\/\/portalv1.com.br\/api\/wp\/v2\/comments?post=12156"}],"version-history":[{"count":0,"href":"https:\/\/portalv1.com.br\/api\/wp\/v2\/posts\/12156\/revisions"}],"wp:featuredmedia":[{"embeddable":true,"href":"https:\/\/portalv1.com.br\/api\/wp\/v2\/media\/12157"}],"wp:attachment":[{"href":"https:\/\/portalv1.com.br\/api\/wp\/v2\/media?parent=12156"}],"wp:term":[{"taxonomy":"category","embeddable":true,"href":"https:\/\/portalv1.com.br\/api\/wp\/v2\/categories?post=12156"},{"taxonomy":"post_tag","embeddable":true,"href":"https:\/\/portalv1.com.br\/api\/wp\/v2\/tags?post=12156"}],"curies":[{"name":"wp","href":"https:\/\/api.w.org\/{rel}","templated":true}]}}