{"id":121817,"date":"2022-06-27T23:13:26","date_gmt":"2022-06-28T02:13:26","guid":{"rendered":"https:\/\/portalv1.com.br\/?p=121817"},"modified":"2022-06-27T23:13:26","modified_gmt":"2022-06-28T02:13:26","slug":"campanha-de-vacinacao-contra-a-influenza-e-ampliada-para-populacao-geral","status":"publish","type":"post","link":"https:\/\/portalv1.com.br\/campanha-de-vacinacao-contra-a-influenza-e-ampliada-para-populacao-geral\/","title":{"rendered":"Campanha de vacina\u00e7\u00e3o contra a influenza \u00e9 ampliada para popula\u00e7\u00e3o geral"},"content":{"rendered":"<p>A Coordena\u00e7\u00e3o Geral do Programa Nacional de Imuniza\u00e7\u00e3o ampliou a oferta da vacina da influenza para a popula\u00e7\u00e3o em geral, n\u00e3o contemplada nas demais etapas, a partir dos 06 meses de idade.<\/p>\n<p>A amplia\u00e7\u00e3o acontece a partir desta segunda-feira (27) devidoa baixa cobertura vacinal atingida pela campanha nacional de imuniza\u00e7\u00e3o contra a influenza em 2022. A imuniza\u00e7\u00e3o dever\u00e1 ser executada de acordo com os estoques de vacina de cada munic\u00edpio, sem a previs\u00e3o do envio de mais doses por parte do Minist\u00e9rio da Sa\u00fade.<\/p>\n<p>De acordo com os dados do Minist\u00e9rio da Sa\u00fade, a campanha de imuniza\u00e7\u00e3o contra a influenza em 2022 j\u00e1 registrou a aplica\u00e7\u00e3o de 35 milh\u00f5es de doses, alcan\u00e7ando uma cobertura de 52,3% nos grupos priorit\u00e1rios. No Piau\u00ed, dados da Secret\u00e1ria de Estado da Sa\u00fade apontam que o estado atingiu uma cobertura maior do que a m\u00e9dia nacional, com 66,7% dos grupos priorit\u00e1rios j\u00e1 imunizados.<\/p>\n<p>A coordenadora de imuniza\u00e7\u00e3o da Secretaria de Estado da Sa\u00fade do Piau\u00ed, K\u00e1ssia Barros, explica que os indicies est\u00e3o abaixo do esperado e que \u00e9 importante a popula\u00e7\u00e3o buscar vacina em seu munic\u00edpio, uma vez que n\u00e3o existe previs\u00e3o de novas doses sendo enviadas para os munic\u00edpios para refor\u00e7ar a campanha.<\/p>\n<p>\u201cN\u00f3s recebemos a orienta\u00e7\u00e3o do minist\u00e9rio e estamos ampliando a campanha de influenza para a popula\u00e7\u00e3o geral a partir dos seis meses de idade, no entanto essa amplia\u00e7\u00e3o ser\u00e1 realizada apenas com as doses que j\u00e1 est\u00e3o nos estoques dos munic\u00edpios, sem previs\u00e3o de mais doses chegando. Devido a isso, orientamos os nossos munic\u00edpios a executarem a vacina\u00e7\u00e3o de acordo com \u00e0 procura por parte da popula\u00e7\u00e3o, para que assim o m\u00e1ximo n\u00famero de piauienses possam ser imunizados\u201d, disse a coordenadora.<\/p>\n<p>No documento enviado aos estados o Minist\u00e9rio da Sa\u00fade tamb\u00e9m recomendou a intensifica\u00e7\u00e3o da campanha de vacina\u00e7\u00e3o contra o sarampo em todos os estados. Destacando que os estados que j\u00e1 registram uma circula\u00e7\u00e3o ativa do v\u00edrus, como Amap\u00e1; Par\u00e1; Rio de Janeiro e S\u00e3o Paulo, a vacina\u00e7\u00e3o dever\u00e1 ser realizada a partir dos 06 meses de idade.<\/p>\n<p>O Secret\u00e1rio de Estado da Sa\u00fade Neris J\u00fanior destaca a import\u00e2ncia da procura por parte da popula\u00e7\u00e3o pelos imunizantes. \u201cN\u00f3s \u00faltimos anos n\u00f3s reafirmamos a import\u00e2ncia das vacinas na vida das pessoas, protegendo contra as doen\u00e7as e reduzindo os casos graves de diversas enfermidades, inclusive da Covid-19.<\/p>\n<p>A vacina\u00e7\u00e3o contra a influenza tamb\u00e9m merece a aten\u00e7\u00e3o da popula\u00e7\u00e3o, at\u00e9 por que ela j\u00e1 est\u00e1 a mais tempo em nosso cotidiano e todos sabem os efeitos ben\u00e9ficos que ela traz para a sa\u00fade p\u00fablica. Precisamos que a popula\u00e7\u00e3o siga at\u00e9 os postos de sa\u00fade de seus munic\u00edpios e procurem as vacinas, elas est\u00e3o dispon\u00edveis, dessa forma voc\u00ea estar\u00e1 se protegendo e protegendo aqueles pr\u00f3ximos de voc\u00ea\u201d, destacou o gestor.<\/p>\n","protected":false},"excerpt":{"rendered":"<p>A Coordena\u00e7\u00e3o Geral do Programa Nacional de Imuniza\u00e7\u00e3o ampliou a oferta da vacina da influenza para a popula\u00e7\u00e3o em geral, n\u00e3o contemplada nas demais etapas, a partir dos 06 meses&#8230;<\/p>\n","protected":false},"author":1,"featured_media":95626,"comment_status":"open","ping_status":"open","sticky":false,"template":"","format":"standard","meta":{"ngg_post_thumbnail":0,"footnotes":""},"categories":[243],"tags":[],"class_list":["post-121817","post","type-post","status-publish","format-standard","has-post-thumbnail","hentry","category-geral"],"views":182,"meta_data":{"thumb":"https:\/\/portalv1.com.br\/app\/wp-content\/uploads\/2021\/07\/influenza.jpg","imagem":{"fullsize":{"url":"https:\/\/portalv1.com.br\/app\/wp-content\/uploads\/2021\/07\/influenza.jpg","width":640,"height":480},"medium":{"url":"https:\/\/portalv1.com.br\/app\/wp-content\/uploads\/2021\/07\/influenza-300x225.jpg","width":300,"height":225},"thumbnail":{"url":"https:\/\/portalv1.com.br\/app\/wp-content\/uploads\/2021\/07\/influenza-100x100.jpg","width":100,"height":100}},"data":{"simple":"27\/06\/2022","date_time":"27\/06\/2022 20:13:26","date":"h\u00e1 4 anos"},"chapeu":"Veja detalhes ","source":"slide"},"_links":{"self":[{"href":"https:\/\/portalv1.com.br\/api\/wp\/v2\/posts\/121817","targetHints":{"allow":["GET"]}}],"collection":[{"href":"https:\/\/portalv1.com.br\/api\/wp\/v2\/posts"}],"about":[{"href":"https:\/\/portalv1.com.br\/api\/wp\/v2\/types\/post"}],"author":[{"embeddable":true,"href":"https:\/\/portalv1.com.br\/api\/wp\/v2\/users\/1"}],"replies":[{"embeddable":true,"href":"https:\/\/portalv1.com.br\/api\/wp\/v2\/comments?post=121817"}],"version-history":[{"count":0,"href":"https:\/\/portalv1.com.br\/api\/wp\/v2\/posts\/121817\/revisions"}],"wp:featuredmedia":[{"embeddable":true,"href":"https:\/\/portalv1.com.br\/api\/wp\/v2\/media\/95626"}],"wp:attachment":[{"href":"https:\/\/portalv1.com.br\/api\/wp\/v2\/media?parent=121817"}],"wp:term":[{"taxonomy":"category","embeddable":true,"href":"https:\/\/portalv1.com.br\/api\/wp\/v2\/categories?post=121817"},{"taxonomy":"post_tag","embeddable":true,"href":"https:\/\/portalv1.com.br\/api\/wp\/v2\/tags?post=121817"}],"curies":[{"name":"wp","href":"https:\/\/api.w.org\/{rel}","templated":true}]}}