{"id":121844,"date":"2022-06-28T18:01:14","date_gmt":"2022-06-28T21:01:14","guid":{"rendered":"https:\/\/portalv1.com.br\/?p=121844"},"modified":"2022-06-28T18:16:22","modified_gmt":"2022-06-28T21:16:22","slug":"prefeito-marcelo-costa-de-valenca-visita-csu-que-esta-sendo-preparado-para-o-arraia-do-gorgulho","status":"publish","type":"post","link":"https:\/\/portalv1.com.br\/prefeito-marcelo-costa-de-valenca-visita-csu-que-esta-sendo-preparado-para-o-arraia-do-gorgulho\/","title":{"rendered":"Prefeito Marcelo Costa de Valen\u00e7a visita CSU que est\u00e1 sendo preparado para o Arrai\u00e1 do Gorgulho"},"content":{"rendered":"<p>O Prefeito Marcelo Costa de Valen\u00e7a do Piau\u00ed, visitou nesta segunda-feira 28 de junho, o Centro Social Urbano (CSU), que est\u00e1 sendo preparado para realiza\u00e7\u00e3o do 32\u00b0 Festival Cultural de Quadrilhas Juninas, o tradicional Festival do Gorgulho.<\/p>\n<p>Marcelo Costa afirmou que a Prefeitura de Valen\u00e7a est\u00e1 empenhada em realizar um grande festival com boas atra\u00e7\u00f5es, grupos juninos de Valen\u00e7a e de outras cidades e muita seguran\u00e7a. &nbsp;<\/p>\n<p><span style=\"font-weight: 400;\">O Festival do Gorgulho vai acontecer de 7 a 9 de julho, com apresenta\u00e7\u00f5es de quadrilhas e shows musicais. Na quinta-feira (07), sobem no palco \u2013 Iguinho e Lulinha, Forr\u00f3 Sacode, Karla Thalita, D\u2019Alc\u00e2ntara &amp; forr\u00f3 Montagem, BB Sanfoneiro.<\/span><\/p>\n<p><span style=\"font-weight: 400;\">Sexta-feira (08) \u2013 Bonde do Brasil, Colo de Menina, Luizinho de Irau\u00e7uba, Buteco dos Teclados, Gleycy Mendes e banda Tome Forr\u00f3.<\/span><\/p>\n<p><span style=\"font-weight: 400;\">No s\u00e1bado (09) \u2013 Iohannes, Danilo Pernambucano, Jo\u00e3o Veloso, Hernandes Lima e banda dos Magrinhos, Forr\u00f3 Imp\u00e9rio e H\u00e9rcules Safad\u00e3o.<\/span><\/p>\n<p><img loading=\"lazy\" decoding=\"async\" class=\"alignnone wp-image-121846 size-full\" src=\"https:\/\/portalv1.com.br\/app\/wp-content\/uploads\/2022\/06\/IMG-20220628-WA0090.jpg\" alt=\"\" width=\"768\" height=\"1024\" srcset=\"https:\/\/portalv1.com.br\/app\/wp-content\/uploads\/2022\/06\/IMG-20220628-WA0090.jpg 768w, https:\/\/portalv1.com.br\/app\/wp-content\/uploads\/2022\/06\/IMG-20220628-WA0090-300x400.jpg 300w, https:\/\/portalv1.com.br\/app\/wp-content\/uploads\/2022\/06\/IMG-20220628-WA0090-640x853.jpg 640w\" sizes=\"auto, (max-width: 768px) 100vw, 768px\" \/><\/p>\n<p>&nbsp;<\/p>\n<p><img loading=\"lazy\" decoding=\"async\" class=\"alignnone wp-image-121801 size-full\" src=\"https:\/\/portalv1.com.br\/app\/wp-content\/uploads\/2022\/06\/WhatsApp-Image-2022-06-25-at-12.34.08.jpeg\" alt=\"\" width=\"1080\" height=\"1350\" srcset=\"https:\/\/portalv1.com.br\/app\/wp-content\/uploads\/2022\/06\/WhatsApp-Image-2022-06-25-at-12.34.08.jpeg 1080w, https:\/\/portalv1.com.br\/app\/wp-content\/uploads\/2022\/06\/WhatsApp-Image-2022-06-25-at-12.34.08-300x375.jpeg 300w, https:\/\/portalv1.com.br\/app\/wp-content\/uploads\/2022\/06\/WhatsApp-Image-2022-06-25-at-12.34.08-640x800.jpeg 640w, https:\/\/portalv1.com.br\/app\/wp-content\/uploads\/2022\/06\/WhatsApp-Image-2022-06-25-at-12.34.08-768x960.jpeg 768w\" sizes=\"auto, (max-width: 1080px) 100vw, 1080px\" \/><\/p>\n","protected":false},"excerpt":{"rendered":"<p>O Prefeito Marcelo Costa de Valen\u00e7a do Piau\u00ed, visitou nesta segunda-feira 28 de junho, o Centro Social Urbano (CSU), que est\u00e1 sendo preparado para realiza\u00e7\u00e3o do 32\u00b0 Festival Cultural de&#8230;<\/p>\n","protected":false},"author":16,"featured_media":121854,"comment_status":"open","ping_status":"open","sticky":false,"template":"","format":"standard","meta":{"ngg_post_thumbnail":0,"footnotes":""},"categories":[243],"tags":[],"class_list":["post-121844","post","type-post","status-publish","format-standard","has-post-thumbnail","hentry","category-geral"],"views":476,"meta_data":{"thumb":"https:\/\/portalv1.com.br\/app\/wp-content\/uploads\/2022\/06\/IMG-20220628-WA0094.jpg","imagem":{"fullsize":{"url":"https:\/\/portalv1.com.br\/app\/wp-content\/uploads\/2022\/06\/IMG-20220628-WA0094.jpg","width":768,"height":499},"medium":{"url":"https:\/\/portalv1.com.br\/app\/wp-content\/uploads\/2022\/06\/IMG-20220628-WA0094-300x195.jpg","width":300,"height":195},"large":{"url":"https:\/\/portalv1.com.br\/app\/wp-content\/uploads\/2022\/06\/IMG-20220628-WA0094-640x416.jpg","width":640,"height":416},"thumbnail":{"url":"https:\/\/portalv1.com.br\/app\/wp-content\/uploads\/2022\/06\/IMG-20220628-WA0094-100x100.jpg","width":100,"height":100}},"data":{"simple":"28\/06\/2022","date_time":"28\/06\/2022 15:01:14","date":"h\u00e1 4 anos"},"chapeu":"PREPARATIVOS ","source":"slide"},"_links":{"self":[{"href":"https:\/\/portalv1.com.br\/api\/wp\/v2\/posts\/121844","targetHints":{"allow":["GET"]}}],"collection":[{"href":"https:\/\/portalv1.com.br\/api\/wp\/v2\/posts"}],"about":[{"href":"https:\/\/portalv1.com.br\/api\/wp\/v2\/types\/post"}],"author":[{"embeddable":true,"href":"https:\/\/portalv1.com.br\/api\/wp\/v2\/users\/16"}],"replies":[{"embeddable":true,"href":"https:\/\/portalv1.com.br\/api\/wp\/v2\/comments?post=121844"}],"version-history":[{"count":0,"href":"https:\/\/portalv1.com.br\/api\/wp\/v2\/posts\/121844\/revisions"}],"wp:featuredmedia":[{"embeddable":true,"href":"https:\/\/portalv1.com.br\/api\/wp\/v2\/media\/121854"}],"wp:attachment":[{"href":"https:\/\/portalv1.com.br\/api\/wp\/v2\/media?parent=121844"}],"wp:term":[{"taxonomy":"category","embeddable":true,"href":"https:\/\/portalv1.com.br\/api\/wp\/v2\/categories?post=121844"},{"taxonomy":"post_tag","embeddable":true,"href":"https:\/\/portalv1.com.br\/api\/wp\/v2\/tags?post=121844"}],"curies":[{"name":"wp","href":"https:\/\/api.w.org\/{rel}","templated":true}]}}