{"id":122093,"date":"2022-06-30T11:34:59","date_gmt":"2022-06-30T14:34:59","guid":{"rendered":"https:\/\/portalv1.com.br\/?p=122093"},"modified":"2022-06-30T23:34:21","modified_gmt":"2022-07-01T02:34:21","slug":"prefeito-marcelo-costa-confirma-cancelamento-de-evento-politico-que-seria-realizado-neste-domingo","status":"publish","type":"post","link":"https:\/\/portalv1.com.br\/prefeito-marcelo-costa-confirma-cancelamento-de-evento-politico-que-seria-realizado-neste-domingo\/","title":{"rendered":"Prefeito Marcelo Costa confirma cancelamento de evento pol\u00edtico que seria realizado neste domingo"},"content":{"rendered":"<figure id=\"attachment_113565\" aria-describedby=\"caption-attachment-113565\" style=\"width: 600px\" class=\"wp-caption aligncenter\"><a href=\"https:\/\/portalv1.com.br\/app\/wp-content\/uploads\/2022\/04\/IMG_0561.jpg\"><img loading=\"lazy\" decoding=\"async\" class=\"size-large wp-image-113565\" src=\"https:\/\/portalv1.com.br\/app\/wp-content\/uploads\/2022\/04\/IMG_0561-640x361.jpg\" alt=\"\" width=\"600\" height=\"338\" srcset=\"https:\/\/portalv1.com.br\/app\/wp-content\/uploads\/2022\/04\/IMG_0561-640x361.jpg 640w, https:\/\/portalv1.com.br\/app\/wp-content\/uploads\/2022\/04\/IMG_0561-300x169.jpg 300w, https:\/\/portalv1.com.br\/app\/wp-content\/uploads\/2022\/04\/IMG_0561-768x434.jpg 768w, https:\/\/portalv1.com.br\/app\/wp-content\/uploads\/2022\/04\/IMG_0561.jpg 1024w\" sizes=\"auto, (max-width: 600px) 100vw, 600px\" \/><\/a><figcaption id=\"caption-attachment-113565\" class=\"wp-caption-text\">Prefeito Marcelo Costa<\/figcaption><\/figure>\n<p>O Prefeito Marcelo Costa, do Progressistas (PP), informou nessa quinta-feira (30), que o evento \u201cEncontro das Oposi\u00e7\u00f5es do Vale do Sambito\u201d, que iria acontecer no dia 03 de julho, pr\u00f3ximo domingo, em Valen\u00e7a do Piau\u00ed, foi cancelado.<\/p>\n<p>Segundo o prefeito, o partido deve anunciar brevemente um novo dia para realiza\u00e7\u00e3o do encontro, dentro da agenda dos pr\u00e9-candidatos.<\/p>\n<p>Estavam previstos para participar do evento, o Ministro da Casa Civil, Senador Ciro Nogueira, o pr\u00e9-candidato ao governo do estado Silvio Mendes, a pr\u00e9-candidata a governadora Iracema Portela, o pr\u00e9-candidato ao Senado Joel Rodrigues, al\u00e9m de deputados e pr\u00e9-candidatos a deputado federal e estadual da base do Progressistas.<\/p>\n<p>Tamb\u00e9m estavam cotados para participar do Encontro das Oposi\u00e7\u00f5es, v\u00e1rios prefeitos, lideran\u00e7as pol\u00edticas e correligion\u00e1rios do Vale do Sambito.<\/p>\n","protected":false},"excerpt":{"rendered":"<p>O Prefeito Marcelo Costa, do Progressistas (PP), informou nessa quinta-feira (30), que o evento \u201cEncontro das Oposi\u00e7\u00f5es do Vale do Sambito\u201d, que iria acontecer no dia 03 de julho, pr\u00f3ximo&#8230;<\/p>\n","protected":false},"author":1,"featured_media":113565,"comment_status":"open","ping_status":"open","sticky":false,"template":"","format":"standard","meta":{"ngg_post_thumbnail":0,"footnotes":""},"categories":[243],"tags":[],"class_list":["post-122093","post","type-post","status-publish","format-standard","has-post-thumbnail","hentry","category-geral"],"views":1082,"meta_data":{"thumb":"https:\/\/portalv1.com.br\/app\/wp-content\/uploads\/2022\/04\/IMG_0561.jpg","imagem":{"fullsize":{"url":"https:\/\/portalv1.com.br\/app\/wp-content\/uploads\/2022\/04\/IMG_0561.jpg","width":1024,"height":578},"medium":{"url":"https:\/\/portalv1.com.br\/app\/wp-content\/uploads\/2022\/04\/IMG_0561-300x169.jpg","width":300,"height":169},"large":{"url":"https:\/\/portalv1.com.br\/app\/wp-content\/uploads\/2022\/04\/IMG_0561-640x361.jpg","width":640,"height":361},"thumbnail":{"url":"https:\/\/portalv1.com.br\/app\/wp-content\/uploads\/2022\/04\/IMG_0561-100x100.jpg","width":100,"height":100},"medium_large":{"url":"https:\/\/portalv1.com.br\/app\/wp-content\/uploads\/2022\/04\/IMG_0561-768x434.jpg","width":768,"height":434}},"data":{"simple":"30\/06\/2022","date_time":"30\/06\/2022 08:34:59","date":"h\u00e1 4 anos"},"chapeu":"Encontro das Oposi\u00e7\u00f5es do Vale do Sambito","source":"retirar"},"_links":{"self":[{"href":"https:\/\/portalv1.com.br\/api\/wp\/v2\/posts\/122093","targetHints":{"allow":["GET"]}}],"collection":[{"href":"https:\/\/portalv1.com.br\/api\/wp\/v2\/posts"}],"about":[{"href":"https:\/\/portalv1.com.br\/api\/wp\/v2\/types\/post"}],"author":[{"embeddable":true,"href":"https:\/\/portalv1.com.br\/api\/wp\/v2\/users\/1"}],"replies":[{"embeddable":true,"href":"https:\/\/portalv1.com.br\/api\/wp\/v2\/comments?post=122093"}],"version-history":[{"count":0,"href":"https:\/\/portalv1.com.br\/api\/wp\/v2\/posts\/122093\/revisions"}],"wp:featuredmedia":[{"embeddable":true,"href":"https:\/\/portalv1.com.br\/api\/wp\/v2\/media\/113565"}],"wp:attachment":[{"href":"https:\/\/portalv1.com.br\/api\/wp\/v2\/media?parent=122093"}],"wp:term":[{"taxonomy":"category","embeddable":true,"href":"https:\/\/portalv1.com.br\/api\/wp\/v2\/categories?post=122093"},{"taxonomy":"post_tag","embeddable":true,"href":"https:\/\/portalv1.com.br\/api\/wp\/v2\/tags?post=122093"}],"curies":[{"name":"wp","href":"https:\/\/api.w.org\/{rel}","templated":true}]}}