{"id":122247,"date":"2022-07-01T13:41:44","date_gmt":"2022-07-01T16:41:44","guid":{"rendered":"https:\/\/portalv1.com.br\/?p=122247"},"modified":"2022-07-01T13:41:44","modified_gmt":"2022-07-01T16:41:44","slug":"silvio-mendes-iracema-e-joel-falam-sobre-a-permanencia-do-prefeito-marcelo-na-oposicao","status":"publish","type":"post","link":"https:\/\/portalv1.com.br\/silvio-mendes-iracema-e-joel-falam-sobre-a-permanencia-do-prefeito-marcelo-na-oposicao\/","title":{"rendered":"Silvio Mendes, Iracema e Joel falam sobre a perman\u00eancia do prefeito Marcelo na oposi\u00e7\u00e3o"},"content":{"rendered":"<figure id=\"attachment_88999\" aria-describedby=\"caption-attachment-88999\" style=\"width: 640px\" class=\"wp-caption aligncenter\"><a href=\"https:\/\/portalv1.com.br\/app\/wp-content\/uploads\/2020\/11\/Portalv1017Valenca-1.jpg\"><img loading=\"lazy\" decoding=\"async\" class=\"size-full wp-image-88999\" src=\"https:\/\/portalv1.com.br\/app\/wp-content\/uploads\/2020\/11\/Portalv1017Valenca-1.jpg\" alt=\"\" width=\"640\" height=\"427\" srcset=\"https:\/\/portalv1.com.br\/app\/wp-content\/uploads\/2020\/11\/Portalv1017Valenca-1.jpg 640w, https:\/\/portalv1.com.br\/app\/wp-content\/uploads\/2020\/11\/Portalv1017Valenca-1-300x200.jpg 300w\" sizes=\"auto, (max-width: 640px) 100vw, 640px\" \/><\/a><figcaption id=\"caption-attachment-88999\" class=\"wp-caption-text\">Marcelo Costa<\/figcaption><\/figure>\n<p>Em v\u00eddeo gravado nesta sexta-feira (1), a deputada federal e pr\u00e9-candidata a vice-governadora pelo Progressistas, Iracema Portella, convidou Valen\u00e7a e regi\u00e3o para participar do Encontro Regional das Oposi\u00e7\u00f5es, que ser\u00e1 realizado neste domingo, as 17h, no Crovapi Clube.<\/p>\n<p>\u201cMeus amigos e minhas amigas de Valen\u00e7a e de todo o Vale do Sambito nesse domingo, dia 3, teremos nosso encontro regional das oposi\u00e7\u00f5es capitaneado pelo querido prefeito e grande l\u00edder Marcelo Costa\u2019\u2019, disse.<\/p>\n<p>No convite, a deputada destaca a lideran\u00e7a pol\u00edtica do prefeito de Valen\u00e7a Marcelo Costa, que nesta quinta-feira (30), chegou a anunciar seu rompimento pol\u00edtico com o grupo devido a interfer\u00eancias locais na condu\u00e7\u00e3o da pr\u00e9-campanha.<\/p>\n<p>Al\u00e9m de convidar os correligion\u00e1rios, a deputada destaca a parceria que vem realizando com a gest\u00e3o do prefeito Marcelo Costa.<\/p>\n<p>\u201cTenho um compromisso de confian\u00e7a e respeito com o prefeito Marcelo, temos trabalhado juntos por Valen\u00e7a e para mim \u00e9 um orgulho ver que os recursos que eu destino ao munic\u00edpio s\u00e3o transformados em obras e servi\u00e7os que melhoraram a qualidade de vida das pessoas\u201d, frisou a deputada, que completou.<\/p>\n<p>\u201cVamos refor\u00e7ar nossos la\u00e7os e nossa uni\u00e3o em prol de um grande projeto de mudar o Piau\u00ed, esse projeto que \u00e9 de todos n\u00f3s que acreditamos no potencial do nosso estado. Esperamos todos voc\u00eas e at\u00e9 domingo\u201d, disse.<\/p>\n<p>O pr\u00e9-candidato ao governo, Silvio Mendes tamb\u00e9m gravou um v\u00eddeo falando da noite agitada dessa quinta-feira.<\/p>\n<p>\u201cDepois da escurid\u00e3o da noite, das estrelas cadentes e decadentes de um governo que tanto sofrimento tem causado sofrimento aos piauienses, prevaleceu a uni\u00e3o das oposi\u00e7\u00f5es pela sensatez e sabedoria do prefeito de Valen\u00e7a, Marcelo Costa, como em uma orquestra que somos com o maestro, o ministro Ciro Nogueira, um agregador\u201d, afirmou S\u00edlvio Mendes.<\/p>\n<p>Joel Rodrigues pr\u00e9-candidato ao senado tamb\u00e9m convidou a regi\u00e3o para o evento.<\/p>\n<p>\u201cEstamos chegando em Valen\u00e7a, ao lado do nosso grande l\u00edder, o prefeito Marcelo. Ser\u00e1 domingo, dia 3 de julho, o Encontro das Oposi\u00e7\u00f5es. Um momento para conversar sobre o Piau\u00ed da mudan\u00e7a. Vamos fazer acontecer! \u201d disse. Assista aos v\u00eddeos.<\/p>\n<p><div class=\"content-iframe\" data-content-width=\"600\"><iframe loading=\"lazy\" title=\"YouTube video player\" src=\"https:\/\/www.youtube.com\/embed\/P-KuT0Lc5wQ\" width=\"560\" height=\"315\" frameborder=\"0\" allowfullscreen=\"allowfullscreen\"><\/iframe><\/div>&nbsp;<\/p>\n","protected":false},"excerpt":{"rendered":"<p>Em v\u00eddeo gravado nesta sexta-feira (1), a deputada federal e pr\u00e9-candidata a vice-governadora pelo Progressistas, Iracema Portella, convidou Valen\u00e7a e regi\u00e3o para participar do Encontro Regional das Oposi\u00e7\u00f5es, que ser\u00e1&#8230;<\/p>\n","protected":false},"author":1,"featured_media":83054,"comment_status":"open","ping_status":"open","sticky":false,"template":"","format":"standard","meta":{"ngg_post_thumbnail":0,"footnotes":""},"categories":[243],"tags":[],"class_list":["post-122247","post","type-post","status-publish","format-standard","has-post-thumbnail","hentry","category-geral"],"views":768,"meta_data":{"thumb":"https:\/\/portalv1.com.br\/app\/wp-content\/uploads\/2020\/01\/Portalv1017Valenca-1.jpg","imagem":{"fullsize":{"url":"https:\/\/portalv1.com.br\/app\/wp-content\/uploads\/2020\/01\/Portalv1017Valenca-1.jpg","width":640,"height":427},"medium":{"url":"https:\/\/portalv1.com.br\/app\/wp-content\/uploads\/2020\/01\/Portalv1017Valenca-1-300x200.jpg","width":300,"height":200},"thumbnail":{"url":"https:\/\/portalv1.com.br\/app\/wp-content\/uploads\/2020\/01\/Portalv1017Valenca-1-100x100.jpg","width":100,"height":100}},"data":{"simple":"01\/07\/2022","date_time":"01\/07\/2022 10:41:44","date":"h\u00e1 4 anos"},"chapeu":"Assista ","source":"slide"},"_links":{"self":[{"href":"https:\/\/portalv1.com.br\/api\/wp\/v2\/posts\/122247","targetHints":{"allow":["GET"]}}],"collection":[{"href":"https:\/\/portalv1.com.br\/api\/wp\/v2\/posts"}],"about":[{"href":"https:\/\/portalv1.com.br\/api\/wp\/v2\/types\/post"}],"author":[{"embeddable":true,"href":"https:\/\/portalv1.com.br\/api\/wp\/v2\/users\/1"}],"replies":[{"embeddable":true,"href":"https:\/\/portalv1.com.br\/api\/wp\/v2\/comments?post=122247"}],"version-history":[{"count":0,"href":"https:\/\/portalv1.com.br\/api\/wp\/v2\/posts\/122247\/revisions"}],"wp:featuredmedia":[{"embeddable":true,"href":"https:\/\/portalv1.com.br\/api\/wp\/v2\/media\/83054"}],"wp:attachment":[{"href":"https:\/\/portalv1.com.br\/api\/wp\/v2\/media?parent=122247"}],"wp:term":[{"taxonomy":"category","embeddable":true,"href":"https:\/\/portalv1.com.br\/api\/wp\/v2\/categories?post=122247"},{"taxonomy":"post_tag","embeddable":true,"href":"https:\/\/portalv1.com.br\/api\/wp\/v2\/tags?post=122247"}],"curies":[{"name":"wp","href":"https:\/\/api.w.org\/{rel}","templated":true}]}}