{"id":12233,"date":"2012-02-02T16:28:13","date_gmt":"2012-02-02T19:28:13","guid":{"rendered":"https:\/\/portalv1.com.br\/?p=12233"},"modified":"2012-02-05T22:59:16","modified_gmt":"2012-02-06T01:59:16","slug":"antonio-jose-anuncia-bandas-para-o-carnaval-2012-confira","status":"publish","type":"post","link":"https:\/\/portalv1.com.br\/antonio-jose-anuncia-bandas-para-o-carnaval-2012-confira\/","title":{"rendered":"Antonio Jos\u00e9 anuncia bandas para o carnaval 2012. Confira"},"content":{"rendered":"<figure id=\"attachment_12234\" aria-describedby=\"caption-attachment-12234\" style=\"width: 300px\" class=\"wp-caption alignleft\"><a href=\"https:\/\/portalv1.com.br\/app\/wp-content\/uploads\/2012\/02\/antoniojose1.jpg\"><img loading=\"lazy\" decoding=\"async\" class=\" wp-image-12234  \" title=\"antoniojose1\" src=\"https:\/\/portalv1.com.br\/app\/wp-content\/uploads\/2012\/02\/antoniojose1.jpg\" alt=\"\" width=\"300\" height=\"225\" \/><\/a><figcaption id=\"caption-attachment-12234\" class=\"wp-caption-text\">secret\u00e1rio de cultura Ant\u00f4nio Jos\u00e9<\/figcaption><\/figure>\n<p>As bandas Sapek\u00f4, Banana Nativa, Cowboys El\u00e9trico, Sombra e Prabalar ser\u00e3o as bandas que animar\u00e3o o carnaval de Valen\u00e7a do Piau\u00ed esse ano. A informa\u00e7\u00e3o \u00e9 do secret\u00e1rio de cultura Ant\u00f4nio Jos\u00e9. Nesta quinta-feira, o secret\u00e1rio visitou a reda\u00e7\u00e3o do portalv1 e anunciou as atra\u00e7\u00f5es musicais. Antonio Jos\u00e9 informou ainda que esse ano a cidade ganhar\u00e1 um novo espa\u00e7o com a implementa\u00e7\u00e3o atrav\u00e9s de um grupo de amigos do Espa\u00e7o Z\u00e9 da Chica, que ir\u00e1 funcionar na Pra\u00e7a Getulio Vargas nos dias de carnaval. Esse espa\u00e7o ter\u00e1 musica ao vivo e a musicalidade ficar\u00e1 a cargo do maestro Isidorio. Antonio Jos\u00e9 informou que a prefeitura montar\u00e1 toda uma estrutura para o evento incluindo a contrata\u00e7\u00e3o de um grupo gerador e a parte de ornamenta\u00e7\u00e3o come\u00e7ar\u00e1 na pr\u00f3xima semana.<\/p>\n<figure id=\"attachment_12236\" aria-describedby=\"caption-attachment-12236\" style=\"width: 300px\" class=\"wp-caption alignright\"><a href=\"https:\/\/portalv1.com.br\/app\/wp-content\/uploads\/2012\/02\/antoniojose21.jpg\"><img loading=\"lazy\" decoding=\"async\" class=\"size-full wp-image-12236\" title=\"antoniojose2\" src=\"https:\/\/portalv1.com.br\/app\/wp-content\/uploads\/2012\/02\/antoniojose21.jpg\" alt=\"\" width=\"300\" height=\"225\" \/><\/a><figcaption id=\"caption-attachment-12236\" class=\"wp-caption-text\">Carnaval 2012<\/figcaption><\/figure>\n<p>&nbsp;<\/p>\n<p>&nbsp;<\/p>\n<p>Esse ano de acordo com Ant\u00f4nio Jos\u00e9 haver\u00e1 15 blocos carnavalescos. O secret\u00e1rio disse ainda que al\u00e9m do carnaval do terminal rodovi\u00e1rio voltado para a juventude e da Pra\u00e7a Getulio Vargas com as marchinhas, a cidade ter\u00e1 outros pontos de lazer como o Balne\u00e1rio Santa Rosa, Mesa de Pedra, Crovapi e o Centro de Lazer do Buritizal. Informou ainda, que apesar das limita\u00e7\u00f5es financeiras, o carnaval valenciano tem muitas particularidades positivas como, por exemplo, a seguran\u00e7a e boas op\u00e7\u00f5es de lazer publicas e privadas. Clic no player e ou\u00e7a a entrevista do secret\u00e1rio Ant\u00f4nio Jos\u00e9.<\/p>\n<p>&nbsp;<\/p>\n<p>&nbsp;<\/p>\n<p><object width=\"220\" height=\"150\" classid=\"clsid:d27cdb6e-ae6d-11cf-96b8-444553540000\" codebase=\"http:\/\/download.macromedia.com\/pub\/shockwave\/cabs\/flash\/swflash.cab#version=6,0,40,0\"><param name=\"src\" value=\"http:\/\/www.4shared.com\/embed\/1113400914\/6675c35a\" \/><param name=\"allowfullscreen\" value=\"false\" \/><param name=\"allowscriptaccess\" value=\"always\" \/><embed width=\"220\" height=\"150\" type=\"application\/x-shockwave-flash\" src=\"http:\/\/www.4shared.com\/embed\/1113400914\/6675c35a\" allowfullscreen=\"false\" allowscriptaccess=\"always\" \/><\/object><\/p>\n","protected":false},"excerpt":{"rendered":"<p>As bandas Sapek\u00f4, Banana Nativa, Cowboys El\u00e9trico, Sombra e Prabalar ser\u00e3o as bandas que animar\u00e3o o carnaval de Valen\u00e7a do Piau\u00ed esse ano. A informa\u00e7\u00e3o \u00e9 do secret\u00e1rio de cultura&#8230;<\/p>\n","protected":false},"author":1,"featured_media":0,"comment_status":"open","ping_status":"open","sticky":false,"template":"","format":"standard","meta":{"ngg_post_thumbnail":0,"footnotes":""},"categories":[243],"tags":[552],"class_list":["post-12233","post","type-post","status-publish","format-standard","hentry","category-geral","tag-carnaval"],"views":942,"meta_data":{"thumb":"https:\/\/portalv1.com.br\/app\/wp-content\/uploads\/2012\/02\/antoniojose1.jpg","data":{"simple":"02\/02\/2012","date_time":"02\/02\/2012 13:28:13","date":"h\u00e1 14 anos"},"chapeu":"","source":""},"_links":{"self":[{"href":"https:\/\/portalv1.com.br\/api\/wp\/v2\/posts\/12233","targetHints":{"allow":["GET"]}}],"collection":[{"href":"https:\/\/portalv1.com.br\/api\/wp\/v2\/posts"}],"about":[{"href":"https:\/\/portalv1.com.br\/api\/wp\/v2\/types\/post"}],"author":[{"embeddable":true,"href":"https:\/\/portalv1.com.br\/api\/wp\/v2\/users\/1"}],"replies":[{"embeddable":true,"href":"https:\/\/portalv1.com.br\/api\/wp\/v2\/comments?post=12233"}],"version-history":[{"count":0,"href":"https:\/\/portalv1.com.br\/api\/wp\/v2\/posts\/12233\/revisions"}],"wp:attachment":[{"href":"https:\/\/portalv1.com.br\/api\/wp\/v2\/media?parent=12233"}],"wp:term":[{"taxonomy":"category","embeddable":true,"href":"https:\/\/portalv1.com.br\/api\/wp\/v2\/categories?post=12233"},{"taxonomy":"post_tag","embeddable":true,"href":"https:\/\/portalv1.com.br\/api\/wp\/v2\/tags?post=12233"}],"curies":[{"name":"wp","href":"https:\/\/api.w.org\/{rel}","templated":true}]}}