{"id":122465,"date":"2022-07-04T15:51:37","date_gmt":"2022-07-04T18:51:37","guid":{"rendered":"https:\/\/portalv1.com.br\/?p=122465"},"modified":"2022-07-04T15:51:37","modified_gmt":"2022-07-04T18:51:37","slug":"encontro-das-oposicoes-do-vale-do-sambito-em-valenca-reune-32-prefeitos-do-piaui","status":"publish","type":"post","link":"https:\/\/portalv1.com.br\/encontro-das-oposicoes-do-vale-do-sambito-em-valenca-reune-32-prefeitos-do-piaui\/","title":{"rendered":"Encontro das Oposi\u00e7\u00f5es do Vale do Sambito em Valen\u00e7a re\u00fane 32 prefeitos do Piau\u00ed"},"content":{"rendered":"<p>O Encontro das Oposi\u00e7\u00f5es do Vale do Sambito, realizada neste domingo 03 de julho, em Valen\u00e7a do Piau\u00ed, foi marcado pela participa\u00e7\u00e3o de 32 prefeitos de munic\u00edpios do estado do Piau\u00ed. O evento aconteceu no Crovapi Clube com a participa\u00e7\u00e3o de muitos valencianos e das caravanas presentes de outros munic\u00edpios.<\/p>\n<p>Afonso Sobreira, prefeito da cidade vizinha a Valen\u00e7a, Novo Oriente, falou da alegria em participar do evento das oposi\u00e7\u00f5es e de ver que a popula\u00e7\u00e3o est\u00e1 abra\u00e7ando a caravana \u201cMuda Piau\u00ed\u201d.<\/p>\n<p>\u201c\u00c9 uma grande alegria, a gente ver que todo o Vale do Sambito est\u00e1 engajado nessa mudan\u00e7a, os prefeitos, o pr\u00f3prio povo que \u00e9 quem faz a mudan\u00e7a, todo mundo com esse anseio de mudar, de melhorar o Piau\u00ed, de avan\u00e7ar realmente\u201d, disse Afonso Sobreira.<\/p>\n<p>S\u00e1vio Moura de Lagoa do S\u00edtio, tamb\u00e9m destaca que a participa\u00e7\u00e3o massiva da popula\u00e7\u00e3o \u00e9 reflexo do sentimento por mudan\u00e7a.<\/p>\n<p>\u201cMomento muito importante hoje pra gente que faz a oposi\u00e7\u00e3o no estado do Piau\u00ed, um movimento grande e isso s\u00f3 demonstra o sentimento que o piauiense vem sentido, sentimento de mudan\u00e7a, de esperan\u00e7a depositada no Dr. S\u00edlvio Mendes e na Iracema Portela, no Joel Rodrigues para o senado, isso nos motiva a trabalhar muito mais pelo nosso estado, pelo nosso munic\u00edpio\u201d, afirma S\u00e1vio Moura.<\/p>\n<p>O prefeito de V\u00e1rzea Grande Dr. Segundo, disse que tudo que aconteceu nos \u00faltimos dias e o grande evento realizado em Valen\u00e7a demonstra a uni\u00e3o da oposi\u00e7\u00e3o para mudar o Piau\u00ed.&nbsp;<\/p>\n<p>\u201cO Vale do Sambito est\u00e1 semana deu uma aula de uni\u00e3o, de for\u00e7a, de foco na mudan\u00e7a do Piau\u00ed, hoje estiveram mais de 32 prefeitos no palanque junto com o Ministro Ciro Nogueira, um homem de longe \u00e9 o que mais trabalha pelo estado do Piau\u00ed, a esperan\u00e7a que traz o nome do Dr. S\u00edlvio Mendes a vice \u2013 governadora Iracema Portela, uma mulher forte, uma mulher verdadeira, com o Joel com uma linda hist\u00f3ria da vida, que traz esperan\u00e7a a esse povo numa festa magnifica, enorme, que n\u00e3o comportou a popula\u00e7\u00e3o que queria est\u00e1 escutando essa mensagem, muita gente ficou do lado de fora, dando a\u00ed, clara evidencia de que Valen\u00e7a abra\u00e7ou a oposi\u00e7\u00e3o, esse sentimento de mudan\u00e7a que o prefeito Marcelo Costa sai fortalecido, sai mais forte ao lado desse grupo de oposi\u00e7\u00e3o\u201d, comenta Dr. Segundo.&nbsp;&nbsp;<\/p>\n<p>O prefeito Paulo C\u00e9sar de Francin\u00f3polis, ressalta que o encontro mostrou a parceria que existe entre os prefeitos do Vale do Sambito junto com a popula\u00e7\u00e3o que j\u00e1 fez a sua escolha.<\/p>\n<p>\u201cIsso demonstrou a uni\u00e3o que \u00e9 o Vale do Sambito, aqui a gente demonstrou for\u00e7a, solidariedade ao prefeito Marcelo, ent\u00e3o n\u00f3s prefeitos nos reunimos, conversamos com ele e ele resolveu andar junto com a gente. E aqui foi a demonstra\u00e7\u00e3o de que o Vale do Sambito est\u00e1 todo unido e a popula\u00e7\u00e3o sabe o que quer e quer votar na oposi\u00e7\u00e3o\u201d, afirma o prefeito.<\/p>\n<p>Paulo C\u00e9sar, finaliza analisando o cen\u00e1rio pol\u00edtico da pr\u00e9-campanha e se arrisca em dizer: \u201c\u00c9 uma elei\u00e7\u00e3o dura, disputada, mas que pelo andar da carruagem o sentimento que a gente est\u00e1 vendo onde anda \u00e9 que a oposi\u00e7\u00e3o vai ganhar e as chances de ganhar no primeiro turno \u00e9 muito grande\u201d, avalia o prefeito de Francin\u00f3polis.<\/p>\n<p>Al\u00e9m do n\u00famero expressivo de prefeitos no Encontro das Oposi\u00e7\u00f5es, tamb\u00e9m participaram do evento vice-prefeitos, vereadores e ex-prefeitos do Vale do Sambito, bem como de outras regi\u00f5es do estado do Piau\u00ed.&nbsp; &nbsp;&nbsp;&nbsp;<\/p>\n<p><div class=\"content-iframe\" data-content-width=\"600\"><iframe loading=\"lazy\" title=\"YouTube video player\" src=\"https:\/\/www.youtube.com\/embed\/d0XekQiM0JQ\" width=\"560\" height=\"315\" frameborder=\"0\" allowfullscreen=\"allowfullscreen\"><\/iframe><\/div>&nbsp;<\/p>\n","protected":false},"excerpt":{"rendered":"<p>O Encontro das Oposi\u00e7\u00f5es do Vale do Sambito, realizada neste domingo 03 de julho, em Valen\u00e7a do Piau\u00ed, foi marcado pela participa\u00e7\u00e3o de 32 prefeitos de munic\u00edpios do estado do&#8230;<\/p>\n","protected":false},"author":1,"featured_media":122469,"comment_status":"open","ping_status":"open","sticky":false,"template":"","format":"standard","meta":{"ngg_post_thumbnail":0,"footnotes":""},"categories":[243],"tags":[],"class_list":["post-122465","post","type-post","status-publish","format-standard","has-post-thumbnail","hentry","category-geral"],"views":780,"meta_data":{"thumb":"https:\/\/portalv1.com.br\/app\/wp-content\/uploads\/2022\/07\/291790473_177017858038941_4165941141436341337_n-1.jpg","imagem":{"fullsize":{"url":"https:\/\/portalv1.com.br\/app\/wp-content\/uploads\/2022\/07\/291790473_177017858038941_4165941141436341337_n-1.jpg","width":1024,"height":681},"medium":{"url":"https:\/\/portalv1.com.br\/app\/wp-content\/uploads\/2022\/07\/291790473_177017858038941_4165941141436341337_n-1-300x200.jpg","width":300,"height":200},"large":{"url":"https:\/\/portalv1.com.br\/app\/wp-content\/uploads\/2022\/07\/291790473_177017858038941_4165941141436341337_n-1-640x426.jpg","width":640,"height":426},"thumbnail":{"url":"https:\/\/portalv1.com.br\/app\/wp-content\/uploads\/2022\/07\/291790473_177017858038941_4165941141436341337_n-1-100x100.jpg","width":100,"height":100},"medium_large":{"url":"https:\/\/portalv1.com.br\/app\/wp-content\/uploads\/2022\/07\/291790473_177017858038941_4165941141436341337_n-1-768x511.jpg","width":768,"height":511}},"data":{"simple":"04\/07\/2022","date_time":"04\/07\/2022 12:51:37","date":"h\u00e1 4 anos"},"chapeu":"Veja detalhes ","source":"slide"},"_links":{"self":[{"href":"https:\/\/portalv1.com.br\/api\/wp\/v2\/posts\/122465","targetHints":{"allow":["GET"]}}],"collection":[{"href":"https:\/\/portalv1.com.br\/api\/wp\/v2\/posts"}],"about":[{"href":"https:\/\/portalv1.com.br\/api\/wp\/v2\/types\/post"}],"author":[{"embeddable":true,"href":"https:\/\/portalv1.com.br\/api\/wp\/v2\/users\/1"}],"replies":[{"embeddable":true,"href":"https:\/\/portalv1.com.br\/api\/wp\/v2\/comments?post=122465"}],"version-history":[{"count":0,"href":"https:\/\/portalv1.com.br\/api\/wp\/v2\/posts\/122465\/revisions"}],"wp:featuredmedia":[{"embeddable":true,"href":"https:\/\/portalv1.com.br\/api\/wp\/v2\/media\/122469"}],"wp:attachment":[{"href":"https:\/\/portalv1.com.br\/api\/wp\/v2\/media?parent=122465"}],"wp:term":[{"taxonomy":"category","embeddable":true,"href":"https:\/\/portalv1.com.br\/api\/wp\/v2\/categories?post=122465"},{"taxonomy":"post_tag","embeddable":true,"href":"https:\/\/portalv1.com.br\/api\/wp\/v2\/tags?post=122465"}],"curies":[{"name":"wp","href":"https:\/\/api.w.org\/{rel}","templated":true}]}}