{"id":12251,"date":"2012-02-03T08:55:36","date_gmt":"2012-02-03T11:55:36","guid":{"rendered":"https:\/\/portalv1.com.br\/?p=12251"},"modified":"2012-02-03T08:56:52","modified_gmt":"2012-02-03T11:56:52","slug":"robert-nomeia-delegado-para-apurar-morte-de-vaqueiro","status":"publish","type":"post","link":"https:\/\/portalv1.com.br\/robert-nomeia-delegado-para-apurar-morte-de-vaqueiro\/","title":{"rendered":"Robert nomeia delegado para apurar morte de vaqueiro"},"content":{"rendered":"<figure id=\"attachment_12252\" aria-describedby=\"caption-attachment-12252\" style=\"width: 300px\" class=\"wp-caption alignright\"><a href=\"https:\/\/portalv1.com.br\/app\/wp-content\/uploads\/2012\/02\/afonso.jpg\"><img loading=\"lazy\" decoding=\"async\" class=\"size-full wp-image-12252\" title=\"afonso\" src=\"https:\/\/portalv1.com.br\/app\/wp-content\/uploads\/2012\/02\/afonso.jpg\" alt=\"\" width=\"300\" height=\"237\" \/><\/a><figcaption id=\"caption-attachment-12252\" class=\"wp-caption-text\">Vice-prefeito Afonso Sobreira, presidente do Sindicato Jos\u00e9 Estevam e deputada Flora Isabel<\/figcaption><\/figure>\n<p>O crime que vitimou o vaqueiro Jos\u00e9 Vieira da Silva Filho, Cor\u00f3, e chocou a popula\u00e7\u00e3o de Novo Oriente, na regi\u00e3o de Valen\u00e7a, no \u00faltimo s\u00e1bado (28), teve ampla repercuss\u00e3o na Secretaria Estadual de Seguran\u00e7a. Nesta quinta-feira (2), a pedido do vice-prefeito do munic\u00edpio, Afonso Sobreira, da deputada Flora Izabel, do Sindicato dos Trabalhadores Rurais e de familiares, o secret\u00e1rio Robert Rios determinou a nomea\u00e7\u00e3o de um delegado especial para apurar o caso e adotou medidas que podem resultar na pris\u00e3o dos policiais acusados do assassinato.<\/p>\n<p>Ap\u00f3s a reuni\u00e3o da comiss\u00e3o com o secret\u00e1rio Robert Rios, o Delegado Geral da Pol\u00edcia Civil, James Guerra, colocou um escriv\u00e3o para obter o depoimento de uma das testemunhas do crime na pr\u00f3pria Delegacia Geral, em Teresina, e ordenou o delegado de Valen\u00e7a a ouvir, nesta quinta-feira, mais 6 testemunhas do crime b\u00e1rbaro contra o vaqueiro por causa de um boi de seu patr\u00e3o que entrou na fazenda de Margarida De Sousa.<\/p>\n<p>Testemunhas contam que o vaqueiro Cor\u00f3 foi at\u00e9 a fazenda para buscar um boi de seu patr\u00e3o que havia entrado na fazenda da Margarida. Como a propriet\u00e1ria n\u00e3o concordou com a entrada do vaqueiro na propriedade, houve uma breve discuss\u00e3o. Logo que Cor\u00f3 saiu, os policiais foram chamados pela dona da fazenda. O rapaz foi encontrado por eles debaixo de uma \u00e1rvore que fica fora da \u00e1rea da propriedade onde houve a discuss\u00e3o. Segundo as testemunhas, o vaqueiro tentou correr ap\u00f3s o primeiro tiro dado por um dos policiais, mas como estava com perneiras e esporas, n\u00e3o teve agilidade para fugir e terminou sendo alvejado e morto com v\u00e1rios disparos.<\/p>\n<p>Ap\u00f3s a audi\u00eancia com o delgado James Guerra, a comiss\u00e3o, acompanhada do advogado Daniel Oliveira, foi \u00e0 Corregedoria da Pol\u00edcia Militar e \u00e0 Comiss\u00e3o de Direitos Humanos da Ordem dos Advogados do Brasil no Piau\u00ed (OAB-PI), para pedir uma apura\u00e7\u00e3o rigoroso sobre o caso e a puni\u00e7\u00e3o dos policiais respons\u00e1veis.<\/p>\n<p>\u201cO secret\u00e1rio de Seguran\u00e7a P\u00fablica, Robert Rios, determinou uma apura\u00e7\u00e3o rigorosa sobre o crime e adotou medidas que v\u00e3o ajudar a esclarecer o assassinato do vaqueiro e garantir a puni\u00e7\u00e3o dos culpados. O secret\u00e1rio j\u00e1 determinou a nomea\u00e7\u00e3o de um delegado especial para o caso, recolhimento das armas usadas pelos policiais no dia do crime e pedido de pris\u00e3o dos culpados pela morte do rapaz. Este crime n\u00e3o pode ficar impune. Quem cometeu essa barbaridade t\u00eam de irem para a cadeia. A popula\u00e7\u00e3o est\u00e1 chocada e ningu\u00e9m mais acredita na pol\u00edtica que atua no momento l\u00e1\u201d, falou a deputada Flora Izabel.<\/p>\n<p>No pr\u00f3ximo s\u00e1bado, pela manh\u00e3, os moradores de Novo Oriente v\u00e3o realizar uma manifesta\u00e7\u00e3o em homenagem ao vaqueiro e pedir justi\u00e7a e puni\u00e7\u00e3o dos policiais acusados pelo crime. Al\u00e9m disso, os manifestantes v\u00e3o pedir interven\u00e7\u00e3o dos \u00f3rg\u00e3os do munic\u00edpio, para que a cidade volte a ter a tranq\u00fcilidade de antes. O vice-prefeito Afonso Sobreira disse que o crime gerou grande inseguran\u00e7a no munic\u00edpio. Segundo ele, a popula\u00e7\u00e3o n\u00e3o tem mais como recorrer aos policiais que atuam na cidade.<br \/>\nFonte: portalaz<\/p>\n","protected":false},"excerpt":{"rendered":"<p>O crime que vitimou o vaqueiro Jos\u00e9 Vieira da Silva Filho, Cor\u00f3, e chocou a popula\u00e7\u00e3o de Novo Oriente, na regi\u00e3o de Valen\u00e7a, no \u00faltimo s\u00e1bado (28), teve ampla repercuss\u00e3o&#8230;<\/p>\n","protected":false},"author":1,"featured_media":12252,"comment_status":"open","ping_status":"open","sticky":false,"template":"","format":"standard","meta":{"ngg_post_thumbnail":0,"footnotes":""},"categories":[243],"tags":[885,886],"class_list":["post-12251","post","type-post","status-publish","format-standard","has-post-thumbnail","hentry","category-geral","tag-coro","tag-novo-orinete"],"views":1182,"meta_data":{"thumb":"https:\/\/portalv1.com.br\/app\/wp-content\/uploads\/2012\/02\/afonso.jpg","imagem":{"fullsize":{"url":"https:\/\/portalv1.com.br\/app\/wp-content\/uploads\/2012\/02\/afonso.jpg","width":"300","height":"237"},"thumbnail":{"url":"https:\/\/portalv1.com.br\/app\/wp-content\/uploads\/2012\/02\/afonso-100x100.jpg","width":"100","height":"100"},"post-thumbnail":{"url":"https:\/\/portalv1.com.br\/app\/wp-content\/uploads\/2012\/02\/afonso-100x100.jpg","width":"100","height":"100"},"imgpadrao":{"url":"https:\/\/portalv1.com.br\/app\/wp-content\/uploads\/2012\/02\/afonso-300x183.jpg","width":"300","height":"183"},"tecnologia":{"url":"https:\/\/portalv1.com.br\/app\/wp-content\/uploads\/2012\/02\/afonso-230x136.jpg","width":"230","height":"136"}},"data":{"simple":"03\/02\/2012","date_time":"03\/02\/2012 05:55:36","date":"h\u00e1 14 anos"},"chapeu":"","source":""},"_links":{"self":[{"href":"https:\/\/portalv1.com.br\/api\/wp\/v2\/posts\/12251","targetHints":{"allow":["GET"]}}],"collection":[{"href":"https:\/\/portalv1.com.br\/api\/wp\/v2\/posts"}],"about":[{"href":"https:\/\/portalv1.com.br\/api\/wp\/v2\/types\/post"}],"author":[{"embeddable":true,"href":"https:\/\/portalv1.com.br\/api\/wp\/v2\/users\/1"}],"replies":[{"embeddable":true,"href":"https:\/\/portalv1.com.br\/api\/wp\/v2\/comments?post=12251"}],"version-history":[{"count":0,"href":"https:\/\/portalv1.com.br\/api\/wp\/v2\/posts\/12251\/revisions"}],"wp:featuredmedia":[{"embeddable":true,"href":"https:\/\/portalv1.com.br\/api\/wp\/v2\/media\/12252"}],"wp:attachment":[{"href":"https:\/\/portalv1.com.br\/api\/wp\/v2\/media?parent=12251"}],"wp:term":[{"taxonomy":"category","embeddable":true,"href":"https:\/\/portalv1.com.br\/api\/wp\/v2\/categories?post=12251"},{"taxonomy":"post_tag","embeddable":true,"href":"https:\/\/portalv1.com.br\/api\/wp\/v2\/tags?post=12251"}],"curies":[{"name":"wp","href":"https:\/\/api.w.org\/{rel}","templated":true}]}}