{"id":122568,"date":"2022-07-08T00:58:58","date_gmt":"2022-07-08T03:58:58","guid":{"rendered":"https:\/\/portalv1.com.br\/?p=122568"},"modified":"2022-07-08T00:58:58","modified_gmt":"2022-07-08T03:58:58","slug":"iris-moreira-desiste-da-pre-candidatura-a-deputada-federal","status":"publish","type":"post","link":"https:\/\/portalv1.com.br\/iris-moreira-desiste-da-pre-candidatura-a-deputada-federal\/","title":{"rendered":"Iris Moreira desiste da pr\u00e9-candidatura \u00e0 deputada federal"},"content":{"rendered":"<p><a href=\"https:\/\/portalv1.com.br\/app\/wp-content\/uploads\/2020\/09\/iris-moreira-Copy.jpg\"><img loading=\"lazy\" decoding=\"async\" class=\"aligncenter size-full wp-image-88548\" src=\"https:\/\/portalv1.com.br\/app\/wp-content\/uploads\/2020\/09\/iris-moreira-Copy.jpg\" alt=\"\" width=\"640\" height=\"360\" srcset=\"https:\/\/portalv1.com.br\/app\/wp-content\/uploads\/2020\/09\/iris-moreira-Copy.jpg 640w, https:\/\/portalv1.com.br\/app\/wp-content\/uploads\/2020\/09\/iris-moreira-Copy-300x169.jpg 300w\" sizes=\"auto, (max-width: 640px) 100vw, 640px\" \/><\/a>A ex-vereadora de Valen\u00e7a do Piaui, Iris Moreira usou as redes sociais para anunciar que retirou a pr\u00e9-candidatura a deputada federal pelo Progressistas. A ex-vereadora publicou uma Carta Aberta.<\/p>\n<p>\u201cSou uma pessoa que respeita o bom senso. Infelizmente desde que o partido lan\u00e7ou minha pr\u00e9-candidatura a deputada federal temos assistido repetidas chantagens que prejudicam e desestabilizam um objetivo maior, que \u00e9 a mudan\u00e7a do nosso Piaui. Sendo a alega\u00e7\u00e3o e a montagem do circo a minha lideran\u00e7a pol\u00edtica, motivo este totalmente descabido\u201d frisou Iris Moreira que continuou.<\/p>\n<p>\u201cContinuo cheia de esperan\u00e7a para v\u00ea o nosso Estado no rumo do crescimento e pe\u00e7o desculpas ao nosso povo si em algum momento me excedi, se aconteceu foi no intuito e vontade de acertar. Continuo com o prop\u00f3sito de fazer o bem e que Deus nos proteja\u201d escreveu Iris Moreira. &nbsp;<\/p>\n<p><a href=\"https:\/\/portalv1.com.br\/app\/wp-content\/uploads\/2022\/07\/292612265_5170582753058182_6938894404534224593_n.jpg\"><img loading=\"lazy\" decoding=\"async\" class=\"aligncenter size-large wp-image-122569\" src=\"https:\/\/portalv1.com.br\/app\/wp-content\/uploads\/2022\/07\/292612265_5170582753058182_6938894404534224593_n-640x795.jpg\" alt=\"\" width=\"600\" height=\"745\" srcset=\"https:\/\/portalv1.com.br\/app\/wp-content\/uploads\/2022\/07\/292612265_5170582753058182_6938894404534224593_n-640x795.jpg 640w, https:\/\/portalv1.com.br\/app\/wp-content\/uploads\/2022\/07\/292612265_5170582753058182_6938894404534224593_n-300x373.jpg 300w, https:\/\/portalv1.com.br\/app\/wp-content\/uploads\/2022\/07\/292612265_5170582753058182_6938894404534224593_n-768x954.jpg 768w, https:\/\/portalv1.com.br\/app\/wp-content\/uploads\/2022\/07\/292612265_5170582753058182_6938894404534224593_n.jpg 773w\" sizes=\"auto, (max-width: 600px) 100vw, 600px\" \/><\/a><\/p>\n","protected":false},"excerpt":{"rendered":"<p>A ex-vereadora de Valen\u00e7a do Piaui, Iris Moreira usou as redes sociais para anunciar que retirou a pr\u00e9-candidatura a deputada federal pelo Progressistas. A ex-vereadora publicou uma Carta Aberta. \u201cSou&#8230;<\/p>\n","protected":false},"author":1,"featured_media":88548,"comment_status":"open","ping_status":"open","sticky":false,"template":"","format":"standard","meta":{"ngg_post_thumbnail":0,"footnotes":""},"categories":[243],"tags":[],"class_list":["post-122568","post","type-post","status-publish","format-standard","has-post-thumbnail","hentry","category-geral"],"views":609,"meta_data":{"thumb":"https:\/\/portalv1.com.br\/app\/wp-content\/uploads\/2020\/09\/iris-moreira-Copy.jpg","imagem":{"fullsize":{"url":"https:\/\/portalv1.com.br\/app\/wp-content\/uploads\/2020\/09\/iris-moreira-Copy.jpg","width":640,"height":360},"medium":{"url":"https:\/\/portalv1.com.br\/app\/wp-content\/uploads\/2020\/09\/iris-moreira-Copy-300x169.jpg","width":300,"height":169},"thumbnail":{"url":"https:\/\/portalv1.com.br\/app\/wp-content\/uploads\/2020\/09\/iris-moreira-Copy-100x100.jpg","width":100,"height":100}},"data":{"simple":"07\/07\/2022","date_time":"07\/07\/2022 21:58:58","date":"h\u00e1 4 anos"},"chapeu":"Saiba Detalhes ","source":"slide"},"_links":{"self":[{"href":"https:\/\/portalv1.com.br\/api\/wp\/v2\/posts\/122568","targetHints":{"allow":["GET"]}}],"collection":[{"href":"https:\/\/portalv1.com.br\/api\/wp\/v2\/posts"}],"about":[{"href":"https:\/\/portalv1.com.br\/api\/wp\/v2\/types\/post"}],"author":[{"embeddable":true,"href":"https:\/\/portalv1.com.br\/api\/wp\/v2\/users\/1"}],"replies":[{"embeddable":true,"href":"https:\/\/portalv1.com.br\/api\/wp\/v2\/comments?post=122568"}],"version-history":[{"count":0,"href":"https:\/\/portalv1.com.br\/api\/wp\/v2\/posts\/122568\/revisions"}],"wp:featuredmedia":[{"embeddable":true,"href":"https:\/\/portalv1.com.br\/api\/wp\/v2\/media\/88548"}],"wp:attachment":[{"href":"https:\/\/portalv1.com.br\/api\/wp\/v2\/media?parent=122568"}],"wp:term":[{"taxonomy":"category","embeddable":true,"href":"https:\/\/portalv1.com.br\/api\/wp\/v2\/categories?post=122568"},{"taxonomy":"post_tag","embeddable":true,"href":"https:\/\/portalv1.com.br\/api\/wp\/v2\/tags?post=122568"}],"curies":[{"name":"wp","href":"https:\/\/api.w.org\/{rel}","templated":true}]}}