{"id":123486,"date":"2022-07-13T09:16:43","date_gmt":"2022-07-13T12:16:43","guid":{"rendered":"https:\/\/portalv1.com.br\/?p=123486"},"modified":"2022-07-13T09:16:43","modified_gmt":"2022-07-13T12:16:43","slug":"secretaria-de-educacao-de-francinopolis-participa-de-formacao-em-elesbao-veloso","status":"publish","type":"post","link":"https:\/\/portalv1.com.br\/secretaria-de-educacao-de-francinopolis-participa-de-formacao-em-elesbao-veloso\/","title":{"rendered":"Secret\u00e1ria de educa\u00e7\u00e3o de Francin\u00f3polis participa de forma\u00e7\u00e3o em Elesb\u00e3o Veloso"},"content":{"rendered":"<p>Nesta segunda-feira (11), a Secret\u00e1ria de Educa\u00e7\u00e3o, Eliane Morais e a equipe t\u00e9cnica pedag\u00f3gica da SEMEC, Jo\u00e3o Gomes, Larine Rodrigues e Pedro Felipe participaram, em Elesb\u00e3o Veloso, da Forma\u00e7\u00e3o Presencial de Equipes T\u00e9cnicas Municipais do Programa Melhoria da Educa\u00e7\u00e3o, atrav\u00e9s do projeto Ita\u00fa Social, coordenado pelo Instituto Chapada de Educa\u00e7\u00e3o e Pesquisa \u2013 ICEP.<\/p>\n<p>O prefeito de Elesb\u00e3o Veloso, Rafael Barbosa, participou da abertura e encerramento da forma\u00e7\u00e3o presencial que juntamente com as Secret\u00e1rias de Educa\u00e7\u00e3o das iniciativas ADE GE4 (Santa Rosa, Arraial, Francisco Ayres, Cajazeiras, Regenera\u00e7\u00e3o) e GE5 (Elesb\u00e3o Veloso, Barra D\u2019Alcantara, Francinopolis, V\u00e1rzea Grande) e o articulador das iniciativas, Ant\u00f4nio Silva, reafirmaram o compromisso em atingir as metas do Programa Melhoria da Educa\u00e7\u00e3o nos munic\u00edpios contemplados.<\/p>\n<p>O Instituto Chapada de Educa\u00e7\u00e3o e Pesquisa \u2013 ICEP foi representado pela diretora Elisabete Monteiro, Diretora de Rela\u00e7\u00f5es Institucionais, Fernanda Novaes e a Formadora Janara Botelho, que ministrou a forma\u00e7\u00e3o do evento. J\u00e1 o Ita\u00fa Social foi representado pela coordenadora Rafaela Rodrigues e Martha.<\/p>\n<p>A Secret\u00e1ria de Educa\u00e7\u00e3o de Francin\u00f3polis e Vice Presidente da UNDIME-PI, Eliane Morais, destacou o fortalecimento dos munic\u00edpios integrantes do ADE\/GE4 e GE5 com esse trabalho em regime de colabora\u00e7\u00e3o: \u201cImplantar um Arranjo de Desenvolvimento da Educa\u00e7\u00e3o pode ser um caminho para os dirigentes municipais e suas equipes vencerem alguns dos obst\u00e1culos que enfrentam na Educa\u00e7\u00e3o nas redes de ensino. Por meio dos ADEs, \u00e9 poss\u00edvel estabelecer uma articula\u00e7\u00e3o intermunicipal baseada numa gest\u00e3o em rede\u201d frisou.<\/p>\n<p><a href=\"https:\/\/portalv1.com.br\/app\/wp-content\/uploads\/2022\/07\/undime.jpeg\"><img loading=\"lazy\" decoding=\"async\" class=\"aligncenter size-large wp-image-123487\" src=\"https:\/\/portalv1.com.br\/app\/wp-content\/uploads\/2022\/07\/undime-640x413.jpeg\" alt=\"\" width=\"600\" height=\"387\" srcset=\"https:\/\/portalv1.com.br\/app\/wp-content\/uploads\/2022\/07\/undime-640x413.jpeg 640w, https:\/\/portalv1.com.br\/app\/wp-content\/uploads\/2022\/07\/undime-300x194.jpeg 300w, https:\/\/portalv1.com.br\/app\/wp-content\/uploads\/2022\/07\/undime-768x496.jpeg 768w, https:\/\/portalv1.com.br\/app\/wp-content\/uploads\/2022\/07\/undime.jpeg 1080w\" sizes=\"auto, (max-width: 600px) 100vw, 600px\" \/><\/a> <a href=\"https:\/\/portalv1.com.br\/app\/wp-content\/uploads\/2022\/07\/unidime-pi.jpeg\"><img loading=\"lazy\" decoding=\"async\" class=\"aligncenter size-large wp-image-123488\" src=\"https:\/\/portalv1.com.br\/app\/wp-content\/uploads\/2022\/07\/unidime-pi-640x426.jpeg\" alt=\"\" width=\"600\" height=\"399\" srcset=\"https:\/\/portalv1.com.br\/app\/wp-content\/uploads\/2022\/07\/unidime-pi-640x426.jpeg 640w, https:\/\/portalv1.com.br\/app\/wp-content\/uploads\/2022\/07\/unidime-pi-300x200.jpeg 300w, https:\/\/portalv1.com.br\/app\/wp-content\/uploads\/2022\/07\/unidime-pi-768x511.jpeg 768w, https:\/\/portalv1.com.br\/app\/wp-content\/uploads\/2022\/07\/unidime-pi.jpeg 1080w\" sizes=\"auto, (max-width: 600px) 100vw, 600px\" \/><\/a><\/p>\n","protected":false},"excerpt":{"rendered":"<p>Nesta segunda-feira (11), a Secret\u00e1ria de Educa\u00e7\u00e3o, Eliane Morais e a equipe t\u00e9cnica pedag\u00f3gica da SEMEC, Jo\u00e3o Gomes, Larine Rodrigues e Pedro Felipe participaram, em Elesb\u00e3o Veloso, da Forma\u00e7\u00e3o Presencial&#8230;<\/p>\n","protected":false},"author":1,"featured_media":123487,"comment_status":"open","ping_status":"open","sticky":false,"template":"","format":"standard","meta":{"ngg_post_thumbnail":0,"footnotes":""},"categories":[243],"tags":[],"class_list":["post-123486","post","type-post","status-publish","format-standard","has-post-thumbnail","hentry","category-geral"],"views":200,"meta_data":{"thumb":"https:\/\/portalv1.com.br\/app\/wp-content\/uploads\/2022\/07\/undime.jpeg","imagem":{"fullsize":{"url":"https:\/\/portalv1.com.br\/app\/wp-content\/uploads\/2022\/07\/undime.jpeg","width":1080,"height":697},"medium":{"url":"https:\/\/portalv1.com.br\/app\/wp-content\/uploads\/2022\/07\/undime-300x194.jpeg","width":300,"height":194},"large":{"url":"https:\/\/portalv1.com.br\/app\/wp-content\/uploads\/2022\/07\/undime-640x413.jpeg","width":640,"height":413},"thumbnail":{"url":"https:\/\/portalv1.com.br\/app\/wp-content\/uploads\/2022\/07\/undime-100x100.jpeg","width":100,"height":100},"medium_large":{"url":"https:\/\/portalv1.com.br\/app\/wp-content\/uploads\/2022\/07\/undime-768x496.jpeg","width":768,"height":496}},"data":{"simple":"13\/07\/2022","date_time":"13\/07\/2022 06:16:43","date":"h\u00e1 4 anos"},"chapeu":"Programa Melhoria da Educa\u00e7\u00e3o","source":"slide"},"_links":{"self":[{"href":"https:\/\/portalv1.com.br\/api\/wp\/v2\/posts\/123486","targetHints":{"allow":["GET"]}}],"collection":[{"href":"https:\/\/portalv1.com.br\/api\/wp\/v2\/posts"}],"about":[{"href":"https:\/\/portalv1.com.br\/api\/wp\/v2\/types\/post"}],"author":[{"embeddable":true,"href":"https:\/\/portalv1.com.br\/api\/wp\/v2\/users\/1"}],"replies":[{"embeddable":true,"href":"https:\/\/portalv1.com.br\/api\/wp\/v2\/comments?post=123486"}],"version-history":[{"count":0,"href":"https:\/\/portalv1.com.br\/api\/wp\/v2\/posts\/123486\/revisions"}],"wp:featuredmedia":[{"embeddable":true,"href":"https:\/\/portalv1.com.br\/api\/wp\/v2\/media\/123487"}],"wp:attachment":[{"href":"https:\/\/portalv1.com.br\/api\/wp\/v2\/media?parent=123486"}],"wp:term":[{"taxonomy":"category","embeddable":true,"href":"https:\/\/portalv1.com.br\/api\/wp\/v2\/categories?post=123486"},{"taxonomy":"post_tag","embeddable":true,"href":"https:\/\/portalv1.com.br\/api\/wp\/v2\/tags?post=123486"}],"curies":[{"name":"wp","href":"https:\/\/api.w.org\/{rel}","templated":true}]}}