{"id":123524,"date":"2022-07-17T16:56:37","date_gmt":"2022-07-17T19:56:37","guid":{"rendered":"https:\/\/portalv1.com.br\/?p=123524"},"modified":"2022-07-17T16:56:37","modified_gmt":"2022-07-17T19:56:37","slug":"forca-tatica-apreende-arma-fogo-durante-ronda-no-bairro-campestre-em-valenca","status":"publish","type":"post","link":"https:\/\/portalv1.com.br\/forca-tatica-apreende-arma-fogo-durante-ronda-no-bairro-campestre-em-valenca\/","title":{"rendered":"For\u00e7a T\u00e1tica apreende arma fogo durante ronda no bairro Campestre em Valen\u00e7a"},"content":{"rendered":"<p>Durante a noite deste s\u00e1bado (16) uma equipe de motopatrulhamento da For\u00e7a T\u00e1tica prendeu em flagrante um homem que portava uma arma de fogo.<\/p>\n<p>Ao realizar rondas ostensivas no bairro Campestre, a equipe policial procedeu a abordagem de J.S.B (23) e com o mesmo foi encontrado uma pistola, marca Tauros, modelo PT 58 S, cal .380 contendo uma muni\u00e7\u00e3o no carregador.<\/p>\n<p>J.B.S (23) j\u00e1 era acompanhado pela For\u00e7a T\u00e1tica, por suas a\u00e7\u00f5es de trafic\u00e2ncia.<\/p>\n<p>Diante do flagrante, o suspeito e o material apreendido foram apresentados na Delegacia Regional de Valen\u00e7a do Piau\u00ed.<\/p>\n<p><a href=\"https:\/\/portalv1.com.br\/app\/wp-content\/uploads\/2022\/07\/arma.jpg\"><img loading=\"lazy\" decoding=\"async\" class=\"aligncenter size-large wp-image-123525\" src=\"https:\/\/portalv1.com.br\/app\/wp-content\/uploads\/2022\/07\/arma-640x569.jpg\" alt=\"\" width=\"600\" height=\"533\" srcset=\"https:\/\/portalv1.com.br\/app\/wp-content\/uploads\/2022\/07\/arma-640x569.jpg 640w, https:\/\/portalv1.com.br\/app\/wp-content\/uploads\/2022\/07\/arma-300x267.jpg 300w, https:\/\/portalv1.com.br\/app\/wp-content\/uploads\/2022\/07\/arma-768x683.jpg 768w, https:\/\/portalv1.com.br\/app\/wp-content\/uploads\/2022\/07\/arma.jpg 1024w\" sizes=\"auto, (max-width: 600px) 100vw, 600px\" \/><\/a><\/p>\n","protected":false},"excerpt":{"rendered":"<p>Durante a noite deste s\u00e1bado (16) uma equipe de motopatrulhamento da For\u00e7a T\u00e1tica prendeu em flagrante um homem que portava uma arma de fogo. Ao realizar rondas ostensivas no bairro&#8230;<\/p>\n","protected":false},"author":1,"featured_media":123525,"comment_status":"open","ping_status":"open","sticky":false,"template":"","format":"standard","meta":{"ngg_post_thumbnail":0,"footnotes":""},"categories":[243],"tags":[],"class_list":["post-123524","post","type-post","status-publish","format-standard","has-post-thumbnail","hentry","category-geral"],"views":561,"meta_data":{"thumb":"https:\/\/portalv1.com.br\/app\/wp-content\/uploads\/2022\/07\/arma.jpg","imagem":{"fullsize":{"url":"https:\/\/portalv1.com.br\/app\/wp-content\/uploads\/2022\/07\/arma.jpg","width":1024,"height":910},"medium":{"url":"https:\/\/portalv1.com.br\/app\/wp-content\/uploads\/2022\/07\/arma-300x267.jpg","width":300,"height":267},"large":{"url":"https:\/\/portalv1.com.br\/app\/wp-content\/uploads\/2022\/07\/arma-640x569.jpg","width":640,"height":569},"thumbnail":{"url":"https:\/\/portalv1.com.br\/app\/wp-content\/uploads\/2022\/07\/arma-100x100.jpg","width":100,"height":100},"medium_large":{"url":"https:\/\/portalv1.com.br\/app\/wp-content\/uploads\/2022\/07\/arma-768x683.jpg","width":768,"height":683}},"data":{"simple":"17\/07\/2022","date_time":"17\/07\/2022 13:56:37","date":"h\u00e1 4 anos"},"chapeu":"Saiba Detalhes ","source":"slide"},"_links":{"self":[{"href":"https:\/\/portalv1.com.br\/api\/wp\/v2\/posts\/123524","targetHints":{"allow":["GET"]}}],"collection":[{"href":"https:\/\/portalv1.com.br\/api\/wp\/v2\/posts"}],"about":[{"href":"https:\/\/portalv1.com.br\/api\/wp\/v2\/types\/post"}],"author":[{"embeddable":true,"href":"https:\/\/portalv1.com.br\/api\/wp\/v2\/users\/1"}],"replies":[{"embeddable":true,"href":"https:\/\/portalv1.com.br\/api\/wp\/v2\/comments?post=123524"}],"version-history":[{"count":0,"href":"https:\/\/portalv1.com.br\/api\/wp\/v2\/posts\/123524\/revisions"}],"wp:featuredmedia":[{"embeddable":true,"href":"https:\/\/portalv1.com.br\/api\/wp\/v2\/media\/123525"}],"wp:attachment":[{"href":"https:\/\/portalv1.com.br\/api\/wp\/v2\/media?parent=123524"}],"wp:term":[{"taxonomy":"category","embeddable":true,"href":"https:\/\/portalv1.com.br\/api\/wp\/v2\/categories?post=123524"},{"taxonomy":"post_tag","embeddable":true,"href":"https:\/\/portalv1.com.br\/api\/wp\/v2\/tags?post=123524"}],"curies":[{"name":"wp","href":"https:\/\/api.w.org\/{rel}","templated":true}]}}