{"id":123662,"date":"2022-07-21T16:19:23","date_gmt":"2022-07-21T19:19:23","guid":{"rendered":"https:\/\/portalv1.com.br\/?p=123662"},"modified":"2022-07-22T00:15:54","modified_gmt":"2022-07-22T03:15:54","slug":"rubens-alencar-parabeniza-a-nomeacao-do-novo-desembargador-tessio-torres-filho-de-valenciano","status":"publish","type":"post","link":"https:\/\/portalv1.com.br\/rubens-alencar-parabeniza-a-nomeacao-do-novo-desembargador-tessio-torres-filho-de-valenciano\/","title":{"rendered":"Rubens Alencar parabeniza a nomea\u00e7\u00e3o do novo desembargador T\u00e9ssio Torres, filho de valenciano"},"content":{"rendered":"<figure id=\"attachment_123663\" aria-describedby=\"caption-attachment-123663\" style=\"width: 600px\" class=\"wp-caption aligncenter\"><a href=\"https:\/\/portalv1.com.br\/app\/wp-content\/uploads\/2022\/07\/738ec86568440978088ec3654dd1dbb8.jpg\"><img loading=\"lazy\" decoding=\"async\" class=\"wp-image-123663 size-large\" src=\"https:\/\/portalv1.com.br\/app\/wp-content\/uploads\/2022\/07\/738ec86568440978088ec3654dd1dbb8-640x425.jpg\" alt=\"\" width=\"600\" height=\"398\" srcset=\"https:\/\/portalv1.com.br\/app\/wp-content\/uploads\/2022\/07\/738ec86568440978088ec3654dd1dbb8-640x425.jpg 640w, https:\/\/portalv1.com.br\/app\/wp-content\/uploads\/2022\/07\/738ec86568440978088ec3654dd1dbb8-300x199.jpg 300w, https:\/\/portalv1.com.br\/app\/wp-content\/uploads\/2022\/07\/738ec86568440978088ec3654dd1dbb8-768x510.jpg 768w, https:\/\/portalv1.com.br\/app\/wp-content\/uploads\/2022\/07\/738ec86568440978088ec3654dd1dbb8.jpg 790w\" sizes=\"auto, (max-width: 600px) 100vw, 600px\" \/><\/a><figcaption id=\"caption-attachment-123663\" class=\"wp-caption-text\">T\u00e9ssio Torres<\/figcaption><\/figure>\n<p>O vice-prefeito de Valen\u00e7a do Piaui, Rubens Alencar parabenizou o advogado T\u00e9ssio Torres, que foi nomeado pelo presidente Jair Bolsonaro como novo desembargador do Tribunal Regional do Trabalho da 22\u00aa Regi\u00e3o (TRT-PI).<\/p>\n<p>A nomea\u00e7\u00e3o foi publicada na edi\u00e7\u00e3o desta quinta-feira (21) do Di\u00e1rio Oficial da Uni\u00e3o. T\u00e9ssio T\u00f4rres foi o terceiro colocado da lista tr\u00edplice enviada pelo TRT ao Pal\u00e1cio do Planalto no in\u00edcio do m\u00eas de julho.<\/p>\n<p>\u201cQuero registrar minha felicidade com a nomea\u00e7\u00e3o do nosso T\u00e9ssio Torres filho do nosso estimado amigo Coronel Torres. Momento de muita alegria para a fam\u00edlia e para nossa cidade\u201d parabenizou Rubens Alencar.<\/p>\n<p>O novo desembargador falou desse momento impar em sua vida.&nbsp; \u201cPercorremos todo o estado, passamos da primeira fase, fomos ao Tribunal que levou em conta toda a nossa hist\u00f3ria e, por fim, o presidente escolheu o nosso nome. Fico muito feliz, ser\u00e1 um trabalho \u00e1rduo para honrar a classe de advogados\u201d, afirmou.<\/p>\n<p><strong>Curr\u00edculo <\/strong><\/p>\n<p>T\u00e9ssio Torres \u00e9 Advogado e Professor de p\u00f3s-gradua\u00e7\u00e3o. Secret\u00e1rio-geral adjunto da Associa\u00e7\u00e3o Brasileira de Advogados Trabalhistas. Ex-presidente da Associa\u00e7\u00e3o dos Advogados Trabalhistas do Estado do Piau\u00ed. P\u00f3s-graduado em Direito do Trabalho e Direito Processual Civil.<\/p>\n<p><a href=\"https:\/\/portalv1.com.br\/app\/wp-content\/uploads\/2022\/07\/WhatsApp-Image-2022-07-21-at-21.04.50.jpeg\"><img loading=\"lazy\" decoding=\"async\" class=\"aligncenter size-large wp-image-123667\" src=\"https:\/\/portalv1.com.br\/app\/wp-content\/uploads\/2022\/07\/WhatsApp-Image-2022-07-21-at-21.04.50-640x802.jpeg\" alt=\"\" width=\"600\" height=\"752\" srcset=\"https:\/\/portalv1.com.br\/app\/wp-content\/uploads\/2022\/07\/WhatsApp-Image-2022-07-21-at-21.04.50-640x802.jpeg 640w, https:\/\/portalv1.com.br\/app\/wp-content\/uploads\/2022\/07\/WhatsApp-Image-2022-07-21-at-21.04.50-300x376.jpeg 300w, https:\/\/portalv1.com.br\/app\/wp-content\/uploads\/2022\/07\/WhatsApp-Image-2022-07-21-at-21.04.50.jpeg 750w\" sizes=\"auto, (max-width: 600px) 100vw, 600px\" \/><\/a><\/p>\n","protected":false},"excerpt":{"rendered":"<p>O vice-prefeito de Valen\u00e7a do Piaui, Rubens Alencar parabenizou o advogado T\u00e9ssio Torres, que foi nomeado pelo presidente Jair Bolsonaro como novo desembargador do Tribunal Regional do Trabalho da 22\u00aa&#8230;<\/p>\n","protected":false},"author":1,"featured_media":122501,"comment_status":"open","ping_status":"open","sticky":false,"template":"","format":"standard","meta":{"ngg_post_thumbnail":0,"footnotes":""},"categories":[243],"tags":[],"class_list":["post-123662","post","type-post","status-publish","format-standard","has-post-thumbnail","hentry","category-geral"],"views":728,"meta_data":{"thumb":"https:\/\/portalv1.com.br\/app\/wp-content\/uploads\/2022\/07\/rubens-alencar.jpg","imagem":{"fullsize":{"url":"https:\/\/portalv1.com.br\/app\/wp-content\/uploads\/2022\/07\/rubens-alencar.jpg","width":1280,"height":720},"medium":{"url":"https:\/\/portalv1.com.br\/app\/wp-content\/uploads\/2022\/07\/rubens-alencar-300x169.jpg","width":300,"height":169},"large":{"url":"https:\/\/portalv1.com.br\/app\/wp-content\/uploads\/2022\/07\/rubens-alencar-640x360.jpg","width":640,"height":360},"thumbnail":{"url":"https:\/\/portalv1.com.br\/app\/wp-content\/uploads\/2022\/07\/rubens-alencar-100x100.jpg","width":100,"height":100},"medium_large":{"url":"https:\/\/portalv1.com.br\/app\/wp-content\/uploads\/2022\/07\/rubens-alencar-768x432.jpg","width":768,"height":432}},"data":{"simple":"21\/07\/2022","date_time":"21\/07\/2022 13:19:23","date":"h\u00e1 4 anos"},"chapeu":"Saiba Detalhes ","source":"slide"},"_links":{"self":[{"href":"https:\/\/portalv1.com.br\/api\/wp\/v2\/posts\/123662","targetHints":{"allow":["GET"]}}],"collection":[{"href":"https:\/\/portalv1.com.br\/api\/wp\/v2\/posts"}],"about":[{"href":"https:\/\/portalv1.com.br\/api\/wp\/v2\/types\/post"}],"author":[{"embeddable":true,"href":"https:\/\/portalv1.com.br\/api\/wp\/v2\/users\/1"}],"replies":[{"embeddable":true,"href":"https:\/\/portalv1.com.br\/api\/wp\/v2\/comments?post=123662"}],"version-history":[{"count":0,"href":"https:\/\/portalv1.com.br\/api\/wp\/v2\/posts\/123662\/revisions"}],"wp:featuredmedia":[{"embeddable":true,"href":"https:\/\/portalv1.com.br\/api\/wp\/v2\/media\/122501"}],"wp:attachment":[{"href":"https:\/\/portalv1.com.br\/api\/wp\/v2\/media?parent=123662"}],"wp:term":[{"taxonomy":"category","embeddable":true,"href":"https:\/\/portalv1.com.br\/api\/wp\/v2\/categories?post=123662"},{"taxonomy":"post_tag","embeddable":true,"href":"https:\/\/portalv1.com.br\/api\/wp\/v2\/tags?post=123662"}],"curies":[{"name":"wp","href":"https:\/\/api.w.org\/{rel}","templated":true}]}}