{"id":124453,"date":"2022-07-28T09:45:15","date_gmt":"2022-07-28T12:45:15","guid":{"rendered":"https:\/\/portalv1.com.br\/?p=124453"},"modified":"2022-07-28T09:56:28","modified_gmt":"2022-07-28T12:56:28","slug":"prefeitura-de-francinopolis-realiza-roda-de-conversa-e-apresenta-programa-pae","status":"publish","type":"post","link":"https:\/\/portalv1.com.br\/prefeitura-de-francinopolis-realiza-roda-de-conversa-e-apresenta-programa-pae\/","title":{"rendered":"Prefeitura de Francin\u00f3polis realiza roda de conversa e apresenta programa PAE"},"content":{"rendered":"<p>A Prefeitura de Francin\u00f3polis atrav\u00e9s do Departamento da Juventude realizou nesta quarta-feira, 26 de Julho, uma Roda de conversa mediada pelos estudantes universit\u00e1rios atendidos pelo o Programa de apoio ao estudante PAE, pela Secret\u00e1ria de Administra\u00e7\u00e3o, Regiane Morais e convidados.<\/p>\n<p><span style=\"font-weight: 400;\">Durante o encontro, foi apresentado pelos acad\u00eamicos o Programa de apoio ao estudante-PAE, esclarecimentos sobre o posto de identifica\u00e7\u00e3o do munic\u00edpio e abordado o tema: Juventude,&nbsp; Educa\u00e7\u00e3o e o futuro.<\/span><\/p>\n<p><span style=\"font-weight: 400;\">O chefe do Departamento da Juventude, Renato de Sousa, destacou a realiza\u00e7\u00e3o da roda de conversa e a participa\u00e7\u00e3o dos jovens.<\/span><\/p>\n<p><span style=\"font-weight: 400;\">&#8220;Um evento muito positivo, pois abordou temas importantes pra nossa juventude e comunidade em geral, os jovens interagiram ativamente da discuss\u00e3o&#8221;, disse o Renato.<\/span><\/p>\n<p><span style=\"font-weight: 400;\">O evento contou com a presen\u00e7a de representantes do Conselho Tutelar,&nbsp; Secretaria de Assist\u00eancia Social e Juventude,&nbsp; Secretaria de Educa\u00e7\u00e3o, Escola Luis de Castro e Juventude atendida em a\u00e7\u00f5es do Departamento da Juventude deste munic\u00edpio.<\/span><\/p>\n<div class=\"ngg-galleryoverview\" id=\"1\">\n                    <div data-widget=\"Galeria\" data-props=\"{&quot;galeria&quot;:{&quot;max_page&quot;:1,&quot;total&quot;:13,&quot;gallery_id&quot;:1,&quot;images&quot;:[{&quot;thumbcode&quot;:&quot;https:\\\/\\\/portalv1.com.br\\\/app\\\/wp-content\\\/uploads\\\/2022\\\/07\\\/IMG-20220727-WA0131-400x250.jpg&quot;,&quot;imageURL&quot;:&quot;https:\\\/\\\/portalv1.com.br\\\/app\\\/wp-content\\\/uploads\\\/2022\\\/07\\\/IMG-20220727-WA0131.jpg&quot;,&quot;pid&quot;:124465,&quot;galleryid&quot;:1,&quot;description&quot;:&quot;&quot;,&quot;alttext&quot;:&quot;Prefeitura de Francin\\u00f3polis realiza roda de conversa e apresenta programa PAE&quot;,&quot;thumbnailURL&quot;:&quot;https:\\\/\\\/portalv1.com.br\\\/app\\\/wp-content\\\/uploads\\\/2022\\\/07\\\/IMG-20220727-WA0131-400x250.jpg&quot;,&quot;style&quot;:&quot;&quot;},{&quot;thumbcode&quot;:&quot;https:\\\/\\\/portalv1.com.br\\\/app\\\/wp-content\\\/uploads\\\/2022\\\/07\\\/IMG-20220727-WA0111-400x250.jpg&quot;,&quot;imageURL&quot;:&quot;https:\\\/\\\/portalv1.com.br\\\/app\\\/wp-content\\\/uploads\\\/2022\\\/07\\\/IMG-20220727-WA0111.jpg&quot;,&quot;pid&quot;:124464,&quot;galleryid&quot;:1,&quot;description&quot;:&quot;&quot;,&quot;alttext&quot;:&quot;Prefeitura de Francin\\u00f3polis realiza roda de conversa e apresenta programa PAE&quot;,&quot;thumbnailURL&quot;:&quot;https:\\\/\\\/portalv1.com.br\\\/app\\\/wp-content\\\/uploads\\\/2022\\\/07\\\/IMG-20220727-WA0111-400x250.jpg&quot;,&quot;style&quot;:&quot;&quot;},{&quot;thumbcode&quot;:&quot;https:\\\/\\\/portalv1.com.br\\\/app\\\/wp-content\\\/uploads\\\/2022\\\/07\\\/IMG-20220727-WA0110-400x250.jpg&quot;,&quot;imageURL&quot;:&quot;https:\\\/\\\/portalv1.com.br\\\/app\\\/wp-content\\\/uploads\\\/2022\\\/07\\\/IMG-20220727-WA0110.jpg&quot;,&quot;pid&quot;:124463,&quot;galleryid&quot;:1,&quot;description&quot;:&quot;&quot;,&quot;alttext&quot;:&quot;Prefeitura de Francin\\u00f3polis realiza roda de conversa e apresenta programa PAE&quot;,&quot;thumbnailURL&quot;:&quot;https:\\\/\\\/portalv1.com.br\\\/app\\\/wp-content\\\/uploads\\\/2022\\\/07\\\/IMG-20220727-WA0110-400x250.jpg&quot;,&quot;style&quot;:&quot;&quot;},{&quot;thumbcode&quot;:&quot;https:\\\/\\\/portalv1.com.br\\\/app\\\/wp-content\\\/uploads\\\/2022\\\/07\\\/IMG-20220727-WA0112-400x250.jpg&quot;,&quot;imageURL&quot;:&quot;https:\\\/\\\/portalv1.com.br\\\/app\\\/wp-content\\\/uploads\\\/2022\\\/07\\\/IMG-20220727-WA0112.jpg&quot;,&quot;pid&quot;:124462,&quot;galleryid&quot;:1,&quot;description&quot;:&quot;&quot;,&quot;alttext&quot;:&quot;Prefeitura de Francin\\u00f3polis realiza roda de conversa e apresenta programa PAE&quot;,&quot;thumbnailURL&quot;:&quot;https:\\\/\\\/portalv1.com.br\\\/app\\\/wp-content\\\/uploads\\\/2022\\\/07\\\/IMG-20220727-WA0112-400x250.jpg&quot;,&quot;style&quot;:&quot;&quot;},{&quot;thumbcode&quot;:&quot;https:\\\/\\\/portalv1.com.br\\\/app\\\/wp-content\\\/uploads\\\/2022\\\/07\\\/IMG-20220727-WA0118-400x250.jpg&quot;,&quot;imageURL&quot;:&quot;https:\\\/\\\/portalv1.com.br\\\/app\\\/wp-content\\\/uploads\\\/2022\\\/07\\\/IMG-20220727-WA0118.jpg&quot;,&quot;pid&quot;:124461,&quot;galleryid&quot;:1,&quot;description&quot;:&quot;&quot;,&quot;alttext&quot;:&quot;Prefeitura de Francin\\u00f3polis realiza roda de conversa e apresenta programa PAE&quot;,&quot;thumbnailURL&quot;:&quot;https:\\\/\\\/portalv1.com.br\\\/app\\\/wp-content\\\/uploads\\\/2022\\\/07\\\/IMG-20220727-WA0118-400x250.jpg&quot;,&quot;style&quot;:&quot;&quot;},{&quot;thumbcode&quot;:&quot;https:\\\/\\\/portalv1.com.br\\\/app\\\/wp-content\\\/uploads\\\/2022\\\/07\\\/IMG-20220727-WA0124-400x250.jpg&quot;,&quot;imageURL&quot;:&quot;https:\\\/\\\/portalv1.com.br\\\/app\\\/wp-content\\\/uploads\\\/2022\\\/07\\\/IMG-20220727-WA0124.jpg&quot;,&quot;pid&quot;:124460,&quot;galleryid&quot;:1,&quot;description&quot;:&quot;&quot;,&quot;alttext&quot;:&quot;Prefeitura de Francin\\u00f3polis realiza roda de conversa e apresenta programa PAE&quot;,&quot;thumbnailURL&quot;:&quot;https:\\\/\\\/portalv1.com.br\\\/app\\\/wp-content\\\/uploads\\\/2022\\\/07\\\/IMG-20220727-WA0124-400x250.jpg&quot;,&quot;style&quot;:&quot;&quot;},{&quot;thumbcode&quot;:&quot;https:\\\/\\\/portalv1.com.br\\\/app\\\/wp-content\\\/uploads\\\/2022\\\/07\\\/IMG-20220727-WA0123-400x250.jpg&quot;,&quot;imageURL&quot;:&quot;https:\\\/\\\/portalv1.com.br\\\/app\\\/wp-content\\\/uploads\\\/2022\\\/07\\\/IMG-20220727-WA0123.jpg&quot;,&quot;pid&quot;:124459,&quot;galleryid&quot;:1,&quot;description&quot;:&quot;&quot;,&quot;alttext&quot;:&quot;Prefeitura de Francin\\u00f3polis realiza roda de conversa e apresenta programa PAE&quot;,&quot;thumbnailURL&quot;:&quot;https:\\\/\\\/portalv1.com.br\\\/app\\\/wp-content\\\/uploads\\\/2022\\\/07\\\/IMG-20220727-WA0123-400x250.jpg&quot;,&quot;style&quot;:&quot;&quot;},{&quot;thumbcode&quot;:&quot;https:\\\/\\\/portalv1.com.br\\\/app\\\/wp-content\\\/uploads\\\/2022\\\/07\\\/IMG-20220727-WA0125-400x250.jpg&quot;,&quot;imageURL&quot;:&quot;https:\\\/\\\/portalv1.com.br\\\/app\\\/wp-content\\\/uploads\\\/2022\\\/07\\\/IMG-20220727-WA0125.jpg&quot;,&quot;pid&quot;:124458,&quot;galleryid&quot;:1,&quot;description&quot;:&quot;&quot;,&quot;alttext&quot;:&quot;Prefeitura de Francin\\u00f3polis realiza roda de conversa e apresenta programa PAE&quot;,&quot;thumbnailURL&quot;:&quot;https:\\\/\\\/portalv1.com.br\\\/app\\\/wp-content\\\/uploads\\\/2022\\\/07\\\/IMG-20220727-WA0125-400x250.jpg&quot;,&quot;style&quot;:&quot;&quot;},{&quot;thumbcode&quot;:&quot;https:\\\/\\\/portalv1.com.br\\\/app\\\/wp-content\\\/uploads\\\/2022\\\/07\\\/IMG-20220727-WA0127-400x250.jpg&quot;,&quot;imageURL&quot;:&quot;https:\\\/\\\/portalv1.com.br\\\/app\\\/wp-content\\\/uploads\\\/2022\\\/07\\\/IMG-20220727-WA0127.jpg&quot;,&quot;pid&quot;:124457,&quot;galleryid&quot;:1,&quot;description&quot;:&quot;&quot;,&quot;alttext&quot;:&quot;Prefeitura de Francin\\u00f3polis realiza roda de conversa e apresenta programa PAE&quot;,&quot;thumbnailURL&quot;:&quot;https:\\\/\\\/portalv1.com.br\\\/app\\\/wp-content\\\/uploads\\\/2022\\\/07\\\/IMG-20220727-WA0127-400x250.jpg&quot;,&quot;style&quot;:&quot;&quot;},{&quot;thumbcode&quot;:&quot;https:\\\/\\\/portalv1.com.br\\\/app\\\/wp-content\\\/uploads\\\/2022\\\/07\\\/IMG-20220727-WA0129-400x250.jpg&quot;,&quot;imageURL&quot;:&quot;https:\\\/\\\/portalv1.com.br\\\/app\\\/wp-content\\\/uploads\\\/2022\\\/07\\\/IMG-20220727-WA0129.jpg&quot;,&quot;pid&quot;:124456,&quot;galleryid&quot;:1,&quot;description&quot;:&quot;&quot;,&quot;alttext&quot;:&quot;Prefeitura de Francin\\u00f3polis realiza roda de conversa e apresenta programa PAE&quot;,&quot;thumbnailURL&quot;:&quot;https:\\\/\\\/portalv1.com.br\\\/app\\\/wp-content\\\/uploads\\\/2022\\\/07\\\/IMG-20220727-WA0129-400x250.jpg&quot;,&quot;style&quot;:&quot;&quot;},{&quot;thumbcode&quot;:&quot;https:\\\/\\\/portalv1.com.br\\\/app\\\/wp-content\\\/uploads\\\/2022\\\/07\\\/IMG-20220727-WA0135-400x250.jpg&quot;,&quot;imageURL&quot;:&quot;https:\\\/\\\/portalv1.com.br\\\/app\\\/wp-content\\\/uploads\\\/2022\\\/07\\\/IMG-20220727-WA0135.jpg&quot;,&quot;pid&quot;:124455,&quot;galleryid&quot;:1,&quot;description&quot;:&quot;&quot;,&quot;alttext&quot;:&quot;Prefeitura de Francin\\u00f3polis realiza roda de conversa e apresenta programa PAE&quot;,&quot;thumbnailURL&quot;:&quot;https:\\\/\\\/portalv1.com.br\\\/app\\\/wp-content\\\/uploads\\\/2022\\\/07\\\/IMG-20220727-WA0135-400x250.jpg&quot;,&quot;style&quot;:&quot;&quot;},{&quot;thumbcode&quot;:&quot;https:\\\/\\\/portalv1.com.br\\\/app\\\/wp-content\\\/uploads\\\/2022\\\/07\\\/IMG-20220727-WA0140-400x250.jpg&quot;,&quot;imageURL&quot;:&quot;https:\\\/\\\/portalv1.com.br\\\/app\\\/wp-content\\\/uploads\\\/2022\\\/07\\\/IMG-20220727-WA0140.jpg&quot;,&quot;pid&quot;:124454,&quot;galleryid&quot;:1,&quot;description&quot;:&quot;&quot;,&quot;alttext&quot;:&quot;Prefeitura de Francin\\u00f3polis realiza roda de conversa e apresenta programa PAE&quot;,&quot;thumbnailURL&quot;:&quot;https:\\\/\\\/portalv1.com.br\\\/app\\\/wp-content\\\/uploads\\\/2022\\\/07\\\/IMG-20220727-WA0140-400x250.jpg&quot;,&quot;style&quot;:&quot;&quot;},{&quot;thumbcode&quot;:&quot;https:\\\/\\\/portalv1.com.br\\\/app\\\/wp-content\\\/uploads\\\/2022\\\/07\\\/IMG-20220727-WA0115-400x250.jpg&quot;,&quot;imageURL&quot;:&quot;https:\\\/\\\/portalv1.com.br\\\/app\\\/wp-content\\\/uploads\\\/2022\\\/07\\\/IMG-20220727-WA0115.jpg&quot;,&quot;pid&quot;:124467,&quot;galleryid&quot;:1,&quot;description&quot;:&quot;&quot;,&quot;alttext&quot;:&quot;Prefeitura de Francin\\u00f3polis realiza roda de conversa e apresenta programa PAE&quot;,&quot;thumbnailURL&quot;:&quot;https:\\\/\\\/portalv1.com.br\\\/app\\\/wp-content\\\/uploads\\\/2022\\\/07\\\/IMG-20220727-WA0115-400x250.jpg&quot;,&quot;style&quot;:&quot;&quot;}]}}\"><\/div>\n                  <\/div>\n<p>&nbsp;<\/p>\n","protected":false},"excerpt":{"rendered":"<p>A Prefeitura de Francin\u00f3polis atrav\u00e9s do Departamento da Juventude realizou nesta quarta-feira, 26 de Julho, uma Roda de conversa mediada pelos estudantes universit\u00e1rios atendidos pelo o Programa de apoio ao&#8230;<\/p>\n","protected":false},"author":16,"featured_media":124467,"comment_status":"open","ping_status":"open","sticky":false,"template":"","format":"standard","meta":{"ngg_post_thumbnail":0,"footnotes":""},"categories":[243],"tags":[],"class_list":["post-124453","post","type-post","status-publish","format-standard","has-post-thumbnail","hentry","category-geral"],"views":178,"meta_data":{"thumb":"https:\/\/portalv1.com.br\/app\/wp-content\/uploads\/2022\/07\/IMG-20220727-WA0115.jpg","imagem":{"fullsize":{"url":"https:\/\/portalv1.com.br\/app\/wp-content\/uploads\/2022\/07\/IMG-20220727-WA0115.jpg","width":1280,"height":853},"medium":{"url":"https:\/\/portalv1.com.br\/app\/wp-content\/uploads\/2022\/07\/IMG-20220727-WA0115-300x200.jpg","width":300,"height":200},"large":{"url":"https:\/\/portalv1.com.br\/app\/wp-content\/uploads\/2022\/07\/IMG-20220727-WA0115-640x427.jpg","width":640,"height":427},"thumbnail":{"url":"https:\/\/portalv1.com.br\/app\/wp-content\/uploads\/2022\/07\/IMG-20220727-WA0115-100x100.jpg","width":100,"height":100},"medium_large":{"url":"https:\/\/portalv1.com.br\/app\/wp-content\/uploads\/2022\/07\/IMG-20220727-WA0115-768x512.jpg","width":768,"height":512}},"data":{"simple":"28\/07\/2022","date_time":"28\/07\/2022 06:45:15","date":"h\u00e1 4 anos"},"chapeu":"Saiba mais","source":"slide"},"_links":{"self":[{"href":"https:\/\/portalv1.com.br\/api\/wp\/v2\/posts\/124453","targetHints":{"allow":["GET"]}}],"collection":[{"href":"https:\/\/portalv1.com.br\/api\/wp\/v2\/posts"}],"about":[{"href":"https:\/\/portalv1.com.br\/api\/wp\/v2\/types\/post"}],"author":[{"embeddable":true,"href":"https:\/\/portalv1.com.br\/api\/wp\/v2\/users\/16"}],"replies":[{"embeddable":true,"href":"https:\/\/portalv1.com.br\/api\/wp\/v2\/comments?post=124453"}],"version-history":[{"count":0,"href":"https:\/\/portalv1.com.br\/api\/wp\/v2\/posts\/124453\/revisions"}],"wp:featuredmedia":[{"embeddable":true,"href":"https:\/\/portalv1.com.br\/api\/wp\/v2\/media\/124467"}],"wp:attachment":[{"href":"https:\/\/portalv1.com.br\/api\/wp\/v2\/media?parent=124453"}],"wp:term":[{"taxonomy":"category","embeddable":true,"href":"https:\/\/portalv1.com.br\/api\/wp\/v2\/categories?post=124453"},{"taxonomy":"post_tag","embeddable":true,"href":"https:\/\/portalv1.com.br\/api\/wp\/v2\/tags?post=124453"}],"curies":[{"name":"wp","href":"https:\/\/api.w.org\/{rel}","templated":true}]}}