{"id":124473,"date":"2022-07-29T12:07:57","date_gmt":"2022-07-29T15:07:57","guid":{"rendered":"https:\/\/portalv1.com.br\/?p=124473"},"modified":"2022-07-29T12:07:57","modified_gmt":"2022-07-29T15:07:57","slug":"presidente-dos-acs-e-ace-agradece-prefeito-por-pagamento-com-reajuste-salarial-e-retroativo","status":"publish","type":"post","link":"https:\/\/portalv1.com.br\/presidente-dos-acs-e-ace-agradece-prefeito-por-pagamento-com-reajuste-salarial-e-retroativo\/","title":{"rendered":"Presidente dos ACS e ACE agradece prefeito por pagamento com reajuste salarial e retroativo"},"content":{"rendered":"<p>A presidente Ant\u00f4nia Mac\u00eado da Associa\u00e7\u00e3o dos Agentes Comunit\u00e1rios de Sa\u00fade e Guardas de Endemias, agradeceu o prefeito Marcelo Costa por efetuar o pagamento do sal\u00e1rio com o reajuste e o retroativo dos dois meses anteriores. O sal\u00e1rio da categoria foi liberado nas contas nesta quinta-feira, 28 de julho.<\/p>\n<p><span style=\"font-weight: 400\">O agradecimento veio depois do munic\u00edpio aprovar o aumento salarial dos ACS e Guardas de Endemias.\u00a0<\/span><\/p>\n<p><span style=\"font-weight: 400\">&#8220;O prefeito Marcelo Costa honrou com sua palavra e j\u00e1 efetuou o nosso pagamento na data de ontem. Reajuste salarial juntamente com retroativo de maio e junho&#8221;, disse a presidente Ant\u00f4nia Mac\u00eado.\u00a0<\/span><\/p>\n<p><span style=\"font-weight: 400\">A representante encerrou falando que a categoria sempre vai usar da conversa para reivindicar suas necessidades. Mac\u00eado, tamb\u00e9m agradeceu a casa legislativa do munic\u00edpio pela aprova\u00e7\u00e3o do aumento do sal\u00e1rio.<\/span><\/p>\n<p><span style=\"font-weight: 400\">\u00a0&#8220;Dizer para gest\u00e3o que nossa categoria continuar\u00e1 usando como porta de entrada para as negocia\u00e7\u00f5es o di\u00e1logo e o respeito. Agradecer tamb\u00e9m a C\u00e2mara Municipal pelo empenho a nosso favor&#8221;, conclui.<\/span><\/p>\n","protected":false},"excerpt":{"rendered":"<p>A presidente Ant\u00f4nia Mac\u00eado da Associa\u00e7\u00e3o dos Agentes Comunit\u00e1rios de Sa\u00fade e Guardas de Endemias, agradeceu o prefeito Marcelo Costa por efetuar o pagamento do sal\u00e1rio com o reajuste e&#8230;<\/p>\n","protected":false},"author":16,"featured_media":106821,"comment_status":"open","ping_status":"open","sticky":false,"template":"","format":"standard","meta":{"ngg_post_thumbnail":0,"footnotes":""},"categories":[243],"tags":[],"class_list":["post-124473","post","type-post","status-publish","format-standard","has-post-thumbnail","hentry","category-geral"],"views":307,"meta_data":{"thumb":"https:\/\/portalv1.com.br\/app\/wp-content\/uploads\/2021\/12\/marcelo-costa.jpg","imagem":{"fullsize":{"url":"https:\/\/portalv1.com.br\/app\/wp-content\/uploads\/2021\/12\/marcelo-costa.jpg","width":1024,"height":682},"medium":{"url":"https:\/\/portalv1.com.br\/app\/wp-content\/uploads\/2021\/12\/marcelo-costa-300x200.jpg","width":300,"height":200},"large":{"url":"https:\/\/portalv1.com.br\/app\/wp-content\/uploads\/2021\/12\/marcelo-costa-640x426.jpg","width":640,"height":426},"thumbnail":{"url":"https:\/\/portalv1.com.br\/app\/wp-content\/uploads\/2021\/12\/marcelo-costa-100x100.jpg","width":100,"height":100},"medium_large":{"url":"https:\/\/portalv1.com.br\/app\/wp-content\/uploads\/2021\/12\/marcelo-costa-768x512.jpg","width":768,"height":512}},"data":{"simple":"29\/07\/2022","date_time":"29\/07\/2022 09:07:57","date":"h\u00e1 4 anos"},"chapeu":"Saiba detalhes","source":"slide"},"_links":{"self":[{"href":"https:\/\/portalv1.com.br\/api\/wp\/v2\/posts\/124473","targetHints":{"allow":["GET"]}}],"collection":[{"href":"https:\/\/portalv1.com.br\/api\/wp\/v2\/posts"}],"about":[{"href":"https:\/\/portalv1.com.br\/api\/wp\/v2\/types\/post"}],"author":[{"embeddable":true,"href":"https:\/\/portalv1.com.br\/api\/wp\/v2\/users\/16"}],"replies":[{"embeddable":true,"href":"https:\/\/portalv1.com.br\/api\/wp\/v2\/comments?post=124473"}],"version-history":[{"count":0,"href":"https:\/\/portalv1.com.br\/api\/wp\/v2\/posts\/124473\/revisions"}],"wp:featuredmedia":[{"embeddable":true,"href":"https:\/\/portalv1.com.br\/api\/wp\/v2\/media\/106821"}],"wp:attachment":[{"href":"https:\/\/portalv1.com.br\/api\/wp\/v2\/media?parent=124473"}],"wp:term":[{"taxonomy":"category","embeddable":true,"href":"https:\/\/portalv1.com.br\/api\/wp\/v2\/categories?post=124473"},{"taxonomy":"post_tag","embeddable":true,"href":"https:\/\/portalv1.com.br\/api\/wp\/v2\/tags?post=124473"}],"curies":[{"name":"wp","href":"https:\/\/api.w.org\/{rel}","templated":true}]}}