{"id":124591,"date":"2022-08-01T22:11:36","date_gmt":"2022-08-02T01:11:36","guid":{"rendered":"https:\/\/portalv1.com.br\/?p=124591"},"modified":"2022-08-01T22:11:36","modified_gmt":"2022-08-02T01:11:36","slug":"valenca-e-novo-oriente-seduc-abre-cursos-de-escriturario-de-banco-e-microempreendedor-individual","status":"publish","type":"post","link":"https:\/\/portalv1.com.br\/valenca-e-novo-oriente-seduc-abre-cursos-de-escriturario-de-banco-e-microempreendedor-individual\/","title":{"rendered":"Valen\u00e7a e Novo Oriente: Seduc abre cursos de escritur\u00e1rio de banco e microempreendedor individual"},"content":{"rendered":"<p>A Secretaria de Estado da Educa\u00e7\u00e3o (Seduc\/PI) abriu inscri\u00e7\u00f5es para os cursos de qualifica\u00e7\u00e3o profissional no \u00e2mbito do programa Qualifica Mais\/Emprega Mais. O programa tem como objetivo qualificar trabalhadores e aprendizes com ofertas vinculadas \u00e0s necessidades de m\u00e3o de obra qualificada.&nbsp;<\/p>\n<p>No munic\u00edpio de Valen\u00e7a est\u00e3o sendo ofertadas 32 vagas, para o curso de Escritur\u00e1rio (a) de Banco, na modalidade semipresencial, com aulas de segunda \u00e0 quarta-feira, no turno da noite, das 19:00 \u00e0s 21:00. As aulas acontecer\u00e3o na Unidade Escolar Santo Ant\u00f4nio&nbsp;<\/p>\n<p><strong>INSCRI\u00c7\u00d5ES&nbsp; <\/strong><\/p>\n<p>As inscri\u00e7\u00f5es s\u00e3o gratuitas e destinadas, prioritariamente, para:&nbsp;&nbsp;<\/p>\n<p>estudantes da rede p\u00fablica, inclusive da EJA, ou em institui\u00e7\u00f5es privadas na condi\u00e7\u00e3o de bolsista integral;&nbsp;&nbsp;<\/p>\n<p>Estudantes que tenham cursado o ensino m\u00e9dio completo em escola da rede p\u00fablica ou em institui\u00e7\u00f5es privadas na condi\u00e7\u00e3o de bolsista integral;&nbsp;<\/p>\n<p>Trabalhadores;&nbsp;<\/p>\n<p>Benefici\u00e1rios titulares e dependentes dos programas federais de transfer\u00eancia de renda;&nbsp;<\/p>\n<p>Pessoas com defici\u00eancia;&nbsp;<\/p>\n<p>Povos ind\u00edgenas e comunidades quilombolas;&nbsp;<\/p>\n<p>Adolescentes e jovens em cumprimento de medidas socioeducativas;&nbsp;<\/p>\n<p>Mulheres respons\u00e1veis pela unidade familiar benefici\u00e1rias de programas federais de transfer\u00eancia de renda;&nbsp;<\/p>\n<p>Trabalhadores benefici\u00e1rios do Programa Seguro-Desemprego, considerados reincidentes&nbsp;<\/p>\n<p>Os interessados devem fazer sua inscri\u00e7\u00e3o de maneira PRESENCIAL na U. E. SANTO ANT\u00d4NIO.&nbsp;<\/p>\n<p>O candidato deve ter 18 anos ou mais e Ensino M\u00e9dio &#8211; COMPLETO). No ato da inscri\u00e7\u00e3o, o candidato deve apresentar os seguintes documentos:&nbsp;<\/p>\n<ol>\n<li>a) 01 (uma) C\u00f3pia da Carteira de Identidade &#8211; RG;<\/li>\n<li>b) 01 (uma) C\u00f3pia do Cadastro de Pessoa F\u00edsica \u2013 CPF;<\/li>\n<li>c) 01 (uma) C\u00f3pia do Comprovante de Resid\u00eancia atualizado (ano de 2022);<\/li>\n<li>d) Declara\u00e7\u00e3o de Escolaridade, comprovando a escolaridade m\u00ednima exigida pelo Guia Pronatec de cursos FIC, emitido pela Unidade Escolar (original, timbrado, carimbado e assinado pelo gestor) ou autodeclara\u00e7\u00e3o de escolaridade conforme modelo anexo ao Edital.<\/li>\n<\/ol>\n<p>A rela\u00e7\u00e3o dos candidatos matriculados, por ordem de inscri\u00e7\u00e3o, ser\u00e1 divulgada no dia 12 de agosto de 2022 e disponibilizada no site da Secretaria de Estado da Educa\u00e7\u00e3o \u2013 SEDUC\/PI (www.seduc.pi.gov.br ).&nbsp;<\/p>\n<p><strong>Microempreendedor Individual em Novo Oriente<\/strong><\/p>\n<p>A Secretaria de Estado da Educa\u00e7\u00e3o (Seduc\/PI) abriu inscri\u00e7\u00f5es para os cursos de qualifica\u00e7\u00e3o profissional no \u00e2mbito do programa Qualifica Mais\/Emprega Mais. O programa tem como objetivo qualificar trabalhadores(as) e aprendizes com ofertas vinculadas \u00e0s necessidades de m\u00e3o de obra qualificada.<\/p>\n<p>No munic\u00edpio de Novo Oriente est\u00e3o sendo ofertadas 25 vagas, do curso de Microempreendedor Individual, na modalidade presencial, com aulas de segunda \u00e0 sexta-feira, no turno noite, das 18:30 \u00e0s 21:30.<\/p>\n<p>INSCRI\u00c7\u00d5ES<\/p>\n<p>As inscri\u00e7\u00f5es s\u00e3o gratuitas e destinadas, prioritariamente, para:<\/p>\n<p>\u2022 estudantes da rede p\u00fablica, inclusive da EJA, ou em institui\u00e7\u00f5es privadas na condi\u00e7\u00e3o de bolsista integral;<\/p>\n<p>\u2022 estudantes que tenham cursado o ensino m\u00e9dio completo em escola da rede p\u00fablica ou em institui\u00e7\u00f5es privadas na condi\u00e7\u00e3o de bolsista integral;<\/p>\n<p>\u2022 trabalhadores;<\/p>\n<p>\u2022 benefici\u00e1rios titulares e dependentes dos programas federais de transfer\u00eancia de renda;<\/p>\n<p>\u2022 pessoas com defici\u00eancia;<\/p>\n<p>\u2022 povos ind\u00edgenas e comunidades quilombolas;<\/p>\n<p>\u2022 adolescentes e jovens em cumprimento de medidas socioeducativas;<\/p>\n<p>\u2022 mulheres respons\u00e1veis pela unidade familiar benefici\u00e1rias de programas federais de transfer\u00eancia de renda;<\/p>\n<p>\u2022 trabalhadores benefici\u00e1rios do Programa Seguro-Desemprego, considerados reincidentes<\/p>\n<p>Os interessados devem fazer sua inscri\u00e7\u00e3o de maneira PRESENCIAL na U. E. EUSTACHIO PORTELLA.<\/p>\n<p>O candidato deve ter 18 anos ou mais e Ensino Fundamental II \u2013 Anos Iniciais 6\u00ba AO 9\u00ba &#8211; COMPLETO). No ato da inscri\u00e7\u00e3o, o candidato deve apresentar os seguintes documentos:<\/p>\n<p>a) 01 (uma) C\u00f3pia da Carteira de Identidade &#8211; RG;<\/p>\n<p>b) 01 (uma) C\u00f3pia do Cadastro de Pessoa F\u00edsica \u2013 CPF;<\/p>\n<p>c) 01 (uma) C\u00f3pia do Comprovante de Resid\u00eancia atualizado (ano de 2022);<\/p>\n<p>d) Declara\u00e7\u00e3o de Escolaridade, comprovando a escolaridade m\u00ednima exigida pelo Guia Pronatec de cursos FIC, emitido pela Unidade Escolar (original, timbrado, carimbado e assinado pelo gestor) ou autodeclara\u00e7\u00e3o de escolaridade conforme modelo anexo ao Edital.<\/p>\n<p>A rela\u00e7\u00e3o dos candidatos matriculados, por ordem de inscri\u00e7\u00e3o, ser\u00e1 divulgada no dia 12 de agosto de 2022 e disponibilizada no site da Secretaria de Estado da Educa\u00e7\u00e3o \u2013 SEDUC\/PI (www.seduc.pi.gov.br ).<\/p>\n","protected":false},"excerpt":{"rendered":"<p>A Secretaria de Estado da Educa\u00e7\u00e3o (Seduc\/PI) abriu inscri\u00e7\u00f5es para os cursos de qualifica\u00e7\u00e3o profissional no \u00e2mbito do programa Qualifica Mais\/Emprega Mais. O programa tem como objetivo qualificar trabalhadores e&#8230;<\/p>\n","protected":false},"author":1,"featured_media":120670,"comment_status":"open","ping_status":"open","sticky":false,"template":"","format":"standard","meta":{"ngg_post_thumbnail":0,"footnotes":""},"categories":[243],"tags":[],"class_list":["post-124591","post","type-post","status-publish","format-standard","has-post-thumbnail","hentry","category-geral"],"views":2054,"meta_data":{"thumb":"https:\/\/portalv1.com.br\/app\/wp-content\/uploads\/2022\/06\/concurso.jpg","imagem":{"fullsize":{"url":"https:\/\/portalv1.com.br\/app\/wp-content\/uploads\/2022\/06\/concurso.jpg","width":790,"height":550},"medium":{"url":"https:\/\/portalv1.com.br\/app\/wp-content\/uploads\/2022\/06\/concurso-300x209.jpg","width":300,"height":209},"large":{"url":"https:\/\/portalv1.com.br\/app\/wp-content\/uploads\/2022\/06\/concurso-640x446.jpg","width":640,"height":446},"thumbnail":{"url":"https:\/\/portalv1.com.br\/app\/wp-content\/uploads\/2022\/06\/concurso-100x100.jpg","width":100,"height":100},"medium_large":{"url":"https:\/\/portalv1.com.br\/app\/wp-content\/uploads\/2022\/06\/concurso-768x535.jpg","width":768,"height":535}},"data":{"simple":"01\/08\/2022","date_time":"01\/08\/2022 19:11:36","date":"h\u00e1 4 anos"},"chapeu":"Veja detalhes ","source":"slide"},"_links":{"self":[{"href":"https:\/\/portalv1.com.br\/api\/wp\/v2\/posts\/124591","targetHints":{"allow":["GET"]}}],"collection":[{"href":"https:\/\/portalv1.com.br\/api\/wp\/v2\/posts"}],"about":[{"href":"https:\/\/portalv1.com.br\/api\/wp\/v2\/types\/post"}],"author":[{"embeddable":true,"href":"https:\/\/portalv1.com.br\/api\/wp\/v2\/users\/1"}],"replies":[{"embeddable":true,"href":"https:\/\/portalv1.com.br\/api\/wp\/v2\/comments?post=124591"}],"version-history":[{"count":0,"href":"https:\/\/portalv1.com.br\/api\/wp\/v2\/posts\/124591\/revisions"}],"wp:featuredmedia":[{"embeddable":true,"href":"https:\/\/portalv1.com.br\/api\/wp\/v2\/media\/120670"}],"wp:attachment":[{"href":"https:\/\/portalv1.com.br\/api\/wp\/v2\/media?parent=124591"}],"wp:term":[{"taxonomy":"category","embeddable":true,"href":"https:\/\/portalv1.com.br\/api\/wp\/v2\/categories?post=124591"},{"taxonomy":"post_tag","embeddable":true,"href":"https:\/\/portalv1.com.br\/api\/wp\/v2\/tags?post=124591"}],"curies":[{"name":"wp","href":"https:\/\/api.w.org\/{rel}","templated":true}]}}