{"id":12614,"date":"2012-02-27T16:20:24","date_gmt":"2012-02-27T19:20:24","guid":{"rendered":"https:\/\/portalv1.com.br\/?p=12614"},"modified":"2012-02-27T16:20:24","modified_gmt":"2012-02-27T19:20:24","slug":"sec-de-administracao-de-lagoa-do-sitio-se-envolve-em-acidente-fotos","status":"publish","type":"post","link":"https:\/\/portalv1.com.br\/sec-de-administracao-de-lagoa-do-sitio-se-envolve-em-acidente-fotos\/","title":{"rendered":"Sec. de Administra\u00e7\u00e3o de Lagoa do Sitio se envolve em acidente. Fotos"},"content":{"rendered":"<figure id=\"attachment_12615\" aria-describedby=\"caption-attachment-12615\" style=\"width: 300px\" class=\"wp-caption alignright\"><a href=\"https:\/\/portalv1.com.br\/app\/wp-content\/uploads\/2012\/02\/fatima23.jpg\"><img loading=\"lazy\" decoding=\"async\" class=\"size-full wp-image-12615\" title=\"fatima23\" src=\"https:\/\/portalv1.com.br\/app\/wp-content\/uploads\/2012\/02\/fatima23.jpg\" alt=\"\" width=\"300\" height=\"225\" \/><\/a><figcaption id=\"caption-attachment-12615\" class=\"wp-caption-text\">O acidente aconteceu no Bairro Angico<\/figcaption><\/figure>\n<p>Foi registrado na manha desta segunda-feira (27), na PI 469, que liga Valen\u00e7a a Lagoa do Sitio um acidente automobil\u00edstico envolvendo a secret\u00e1ria de administra\u00e7\u00e3o de Lagoa do Sitio F\u00e1tima Barros. O acidente aconteceu por volta das 08h desta segunda-feira, quando F\u00e1tima Barros se deslocava para Lagoa do Sitio no Bairro Angico.<\/p>\n<p>Informa\u00e7\u00f5es d\u00e3o conta que a secret\u00e1ria e uma carona identificada como Herotildes sa\u00edram ilesas do acidente, que foi provocado quando a secret\u00e1ria tentou se desviar de uma galinha. O portalv1 conversou na tarde desta segunda-feira com a secret\u00e1ria F\u00e1tima Barros, que informou que estava tudo bem e que tudo gra\u00e7as a Deus n\u00e3o passou de um grande susto. F\u00e1tima Barros \u00e9 irm\u00e3 do prefeito de Lagoa do Sitio Z\u00e9 Sim\u00e3o e coordenadora da Universidade Aberta.<\/p>\n<p>Fotos: Ad\u00e3o S\u00e1<\/p>\n<p><strong><div class=\"ngg-galleryoverview\" data-widget=\"Galeria\" data-props='{&quot;galeria&quot;:{&quot;gallery_id&quot;:813,&quot;total&quot;:3,&quot;max_page&quot;:1,&quot;page&quot;:1,&quot;images&quot;:[{&quot;pid&quot;:14749,&quot;imageURL&quot;:&quot;https:\\\/\\\/portalv1.com.br\\\/app\\\/wp-content\\\/gallery\\\/fatimaacidente\\\/fatima04.jpg?t=1703941853&quot;,&quot;thumbnailURL&quot;:&quot;https:\\\/\\\/portalv1.com.br\\\/app\\\/wp-content\\\/gallery\\\/fatimaacidente\\\/thumbs\\\/thumbs_fatima04.jpg?t=1703941853&quot;,&quot;description&quot;:&quot; &quot;,&quot;alttext&quot;:&quot;fatima04&quot;,&quot;style&quot;:&quot;&quot;},{&quot;pid&quot;:14750,&quot;imageURL&quot;:&quot;https:\\\/\\\/portalv1.com.br\\\/app\\\/wp-content\\\/gallery\\\/fatimaacidente\\\/fatima2.jpg?t=1703941864&quot;,&quot;thumbnailURL&quot;:&quot;https:\\\/\\\/portalv1.com.br\\\/app\\\/wp-content\\\/gallery\\\/fatimaacidente\\\/thumbs\\\/thumbs_fatima2.jpg?t=1703941864&quot;,&quot;description&quot;:&quot; &quot;,&quot;alttext&quot;:&quot;fatima2&quot;,&quot;style&quot;:&quot;&quot;},{&quot;pid&quot;:14751,&quot;imageURL&quot;:&quot;https:\\\/\\\/portalv1.com.br\\\/app\\\/wp-content\\\/gallery\\\/fatimaacidente\\\/fatima3.jpg?t=1703941841&quot;,&quot;thumbnailURL&quot;:&quot;https:\\\/\\\/portalv1.com.br\\\/app\\\/wp-content\\\/gallery\\\/fatimaacidente\\\/thumbs\\\/thumbs_fatima3.jpg?t=1703941841&quot;,&quot;description&quot;:&quot; &quot;,&quot;alttext&quot;:&quot;fatima3&quot;,&quot;style&quot;:&quot;&quot;}]}}'><\/div><\/strong>.<\/p>\n","protected":false},"excerpt":{"rendered":"<p>Foi registrado na manha desta segunda-feira (27), na PI 469, que liga Valen\u00e7a a Lagoa do Sitio um acidente automobil\u00edstico envolvendo a secret\u00e1ria de administra\u00e7\u00e3o de Lagoa do Sitio F\u00e1tima&#8230;<\/p>\n","protected":false},"author":1,"featured_media":12615,"comment_status":"open","ping_status":"open","sticky":false,"template":"","format":"standard","meta":{"ngg_post_thumbnail":0,"footnotes":""},"categories":[243],"tags":[],"class_list":["post-12614","post","type-post","status-publish","format-standard","has-post-thumbnail","hentry","category-geral"],"views":1273,"meta_data":{"thumb":"https:\/\/portalv1.com.br\/app\/wp-content\/uploads\/2012\/02\/fatima23.jpg","imagem":{"fullsize":{"url":"https:\/\/portalv1.com.br\/app\/wp-content\/uploads\/2012\/02\/fatima23.jpg","width":"300","height":"225"},"thumbnail":{"url":"https:\/\/portalv1.com.br\/app\/wp-content\/uploads\/2012\/02\/fatima23-100x100.jpg","width":"100","height":"100"},"post-thumbnail":{"url":"https:\/\/portalv1.com.br\/app\/wp-content\/uploads\/2012\/02\/fatima23-100x100.jpg","width":"100","height":"100"},"imgpadrao":{"url":"https:\/\/portalv1.com.br\/app\/wp-content\/uploads\/2012\/02\/fatima23-300x183.jpg","width":"300","height":"183"},"tecnologia":{"url":"https:\/\/portalv1.com.br\/app\/wp-content\/uploads\/2012\/02\/fatima23-230x136.jpg","width":"230","height":"136"}},"data":{"simple":"27\/02\/2012","date_time":"27\/02\/2012 13:20:24","date":"h\u00e1 14 anos"},"chapeu":"","source":""},"_links":{"self":[{"href":"https:\/\/portalv1.com.br\/api\/wp\/v2\/posts\/12614","targetHints":{"allow":["GET"]}}],"collection":[{"href":"https:\/\/portalv1.com.br\/api\/wp\/v2\/posts"}],"about":[{"href":"https:\/\/portalv1.com.br\/api\/wp\/v2\/types\/post"}],"author":[{"embeddable":true,"href":"https:\/\/portalv1.com.br\/api\/wp\/v2\/users\/1"}],"replies":[{"embeddable":true,"href":"https:\/\/portalv1.com.br\/api\/wp\/v2\/comments?post=12614"}],"version-history":[{"count":0,"href":"https:\/\/portalv1.com.br\/api\/wp\/v2\/posts\/12614\/revisions"}],"wp:featuredmedia":[{"embeddable":true,"href":"https:\/\/portalv1.com.br\/api\/wp\/v2\/media\/12615"}],"wp:attachment":[{"href":"https:\/\/portalv1.com.br\/api\/wp\/v2\/media?parent=12614"}],"wp:term":[{"taxonomy":"category","embeddable":true,"href":"https:\/\/portalv1.com.br\/api\/wp\/v2\/categories?post=12614"},{"taxonomy":"post_tag","embeddable":true,"href":"https:\/\/portalv1.com.br\/api\/wp\/v2\/tags?post=12614"}],"curies":[{"name":"wp","href":"https:\/\/api.w.org\/{rel}","templated":true}]}}