{"id":126188,"date":"2022-08-24T13:23:04","date_gmt":"2022-08-24T16:23:04","guid":{"rendered":"https:\/\/portalv1.com.br\/?p=126188"},"modified":"2022-08-24T13:23:04","modified_gmt":"2022-08-24T16:23:04","slug":"governadora-regina-sousa-decreta-fim-do-uso-obrigatorio-de-mascaras-no-piaui","status":"publish","type":"post","link":"https:\/\/portalv1.com.br\/governadora-regina-sousa-decreta-fim-do-uso-obrigatorio-de-mascaras-no-piaui\/","title":{"rendered":"Governadora Regina Sousa decreta fim do uso obrigat\u00f3rio de m\u00e1scaras no Piau\u00ed"},"content":{"rendered":"<p>A Governadora&nbsp; Regina Sousa j\u00e1 assinou o decreto que estabelece o fim da obrigatoriedade do uso de m\u00e1scaras em ambientes fechados no Piau\u00ed. O documento, que segue as orienta\u00e7\u00f5es do Comit\u00ea de Opera\u00e7\u00f5es Emergenciais (COE), deve ser publicado nas pr\u00f3ximas horas, no Di\u00e1rio Oficial do Estado.&nbsp;<\/p>\n<p>\u201cJ\u00e1 [assinei]. Ficaram s\u00f3 recomenda\u00e7\u00f5es e algumas restri\u00e7\u00f5es de alguns locais como, por exemplo, os hospitais. Nos ambientes de sa\u00fade, tanto o cliente como o trabalhador ter\u00e3o que usar. No \u00f4nibus, transporte coletivo, tamb\u00e9m a gente est\u00e1 mantendo, mas o resto \u00e9 a consci\u00eancias das pessoas\u201d, disse Regina Sousa,&nbsp;durante a solenidade de inaugura\u00e7\u00e3o do novo Batalh\u00e3o Ambiental da Pol\u00edcia Militar do Piau\u00ed, na manh\u00e3 desta quarta-feira (24).<\/p>\n<p>Apesar da flexibiliza\u00e7\u00e3o, o governo do Piau\u00ed decidiu manter o uso obrigat\u00f3rio de m\u00e1scara em ambientes hospitalares e no transporte p\u00fablico.<\/p>\n<p>Em rela\u00e7\u00e3o \u00e0s aglomera\u00e7\u00f5es que v\u00eam sendo registradas durante o per\u00edodo eleitoral, a governadora ressaltou que todos esses aspectos tamb\u00e9m foram analisados pelo Comit\u00ea de Opera\u00e7\u00f5es Emergenciais do Piau\u00ed (COE).<\/p>\n<p>\u201cO COE avaliou isso tamb\u00e9m porque n\u00f3s repassamos essas aglomera\u00e7\u00f5es que vem desde abril, na chamada pr\u00e9-campanha, ent\u00e3o j\u00e1 passou no teste porque o COE j\u00e1 analisou todos os aspectos. A positividade nossa caiu bastante, n\u00f3s estamos pr\u00f3ximo do ideal de dizer que est\u00e1 sob controle\u201d, destaca.<\/p>\n<p>Regina Sousa pontou ainda o baixo \u00edndice de pessoas imunizadas com a quarta dose, ou segundo refor\u00e7o, no estado. Ela refor\u00e7ou a import\u00e2ncia da imuniza\u00e7\u00e3o para evitar que uma nova onda de Covid-19 cres\u00e7a no Piau\u00ed.<\/p>\n<p>\u201cN\u00e3o \u00e9 mais aquela obrigatoriedade, fiscaliza\u00e7\u00e3o, agora \u00e9 a consci\u00eancia das pessoas. A gente recomenda, as pessoas tem que ter consci\u00eancia, porque a gente tem que entender que a nossa quarta dose est\u00e1 muito baixa ainda, 1\/4 das pessoas tomaram a quarta dose e \u00e9 importe tomar e tem vacina, v\u00e3o tomar suas doses de refor\u00e7o, \u00e9 preciso est\u00e1 refor\u00e7ando a imunidade para n\u00e3o voltar, n\u00e3o ter de novo\u201d, ressalta a governadora.<\/p>\n<p><strong>COE&nbsp;&nbsp;<\/strong><\/p>\n<p>O Comit\u00ea de Opera\u00e7\u00f5es Emergenciais do Piau\u00ed (COE) se reuniu na noite da \u00faltima segunda-feira (22) e&nbsp;deliberou sobre o fim da obrigatoriedade do uso de m\u00e1scaras em ambientes fechados.<\/p>\n<p>Para a tomada de decis\u00e3o, o comit\u00ea teve como embasamento os \u00faltimos dados do Boletim Epidemiol\u00f3gico Covid-19, da 33\u00aa semana (14 a 20 de agosto), que apresentou uma queda de 50% dos \u00f3bitos e 44 % nos casos da doen\u00e7a, em compara\u00e7\u00e3o a 32\u00aa semana.&nbsp;<\/p>\n<p>Os n\u00fameros de interna\u00e7\u00f5es tamb\u00e9m apresentaram uma queda, junto com a taxa de transmissibilidade, que saiu de 0,90 para 0,73.&nbsp;<\/p>\n","protected":false},"excerpt":{"rendered":"<p>A Governadora&nbsp; Regina Sousa j\u00e1 assinou o decreto que estabelece o fim da obrigatoriedade do uso de m\u00e1scaras em ambientes fechados no Piau\u00ed. O documento, que segue as orienta\u00e7\u00f5es do&#8230;<\/p>\n","protected":false},"author":1,"featured_media":121281,"comment_status":"open","ping_status":"open","sticky":false,"template":"","format":"standard","meta":{"ngg_post_thumbnail":0,"footnotes":""},"categories":[243],"tags":[],"class_list":["post-126188","post","type-post","status-publish","format-standard","has-post-thumbnail","hentry","category-geral"],"views":348,"meta_data":{"thumb":"https:\/\/portalv1.com.br\/app\/wp-content\/uploads\/2022\/06\/regina-sousa.jpg","imagem":{"fullsize":{"url":"https:\/\/portalv1.com.br\/app\/wp-content\/uploads\/2022\/06\/regina-sousa.jpg","width":790,"height":526},"medium":{"url":"https:\/\/portalv1.com.br\/app\/wp-content\/uploads\/2022\/06\/regina-sousa-300x200.jpg","width":300,"height":200},"large":{"url":"https:\/\/portalv1.com.br\/app\/wp-content\/uploads\/2022\/06\/regina-sousa-640x426.jpg","width":640,"height":426},"thumbnail":{"url":"https:\/\/portalv1.com.br\/app\/wp-content\/uploads\/2022\/06\/regina-sousa-100x100.jpg","width":100,"height":100},"medium_large":{"url":"https:\/\/portalv1.com.br\/app\/wp-content\/uploads\/2022\/06\/regina-sousa-768x511.jpg","width":768,"height":511}},"data":{"simple":"24\/08\/2022","date_time":"24\/08\/2022 10:23:04","date":"h\u00e1 4 anos"},"chapeu":"Saiba Detalhes ","source":"slide"},"_links":{"self":[{"href":"https:\/\/portalv1.com.br\/api\/wp\/v2\/posts\/126188","targetHints":{"allow":["GET"]}}],"collection":[{"href":"https:\/\/portalv1.com.br\/api\/wp\/v2\/posts"}],"about":[{"href":"https:\/\/portalv1.com.br\/api\/wp\/v2\/types\/post"}],"author":[{"embeddable":true,"href":"https:\/\/portalv1.com.br\/api\/wp\/v2\/users\/1"}],"replies":[{"embeddable":true,"href":"https:\/\/portalv1.com.br\/api\/wp\/v2\/comments?post=126188"}],"version-history":[{"count":0,"href":"https:\/\/portalv1.com.br\/api\/wp\/v2\/posts\/126188\/revisions"}],"wp:featuredmedia":[{"embeddable":true,"href":"https:\/\/portalv1.com.br\/api\/wp\/v2\/media\/121281"}],"wp:attachment":[{"href":"https:\/\/portalv1.com.br\/api\/wp\/v2\/media?parent=126188"}],"wp:term":[{"taxonomy":"category","embeddable":true,"href":"https:\/\/portalv1.com.br\/api\/wp\/v2\/categories?post=126188"},{"taxonomy":"post_tag","embeddable":true,"href":"https:\/\/portalv1.com.br\/api\/wp\/v2\/tags?post=126188"}],"curies":[{"name":"wp","href":"https:\/\/api.w.org\/{rel}","templated":true}]}}