{"id":127349,"date":"2022-09-04T14:11:05","date_gmt":"2022-09-04T17:11:05","guid":{"rendered":"https:\/\/portalv1.com.br\/?p=127349"},"modified":"2022-09-04T14:11:05","modified_gmt":"2022-09-04T17:11:05","slug":"valenca-sedia-formacao-continuada-para-conselheiros-do-vale-do-sambito","status":"publish","type":"post","link":"https:\/\/portalv1.com.br\/valenca-sedia-formacao-continuada-para-conselheiros-do-vale-do-sambito\/","title":{"rendered":"Valen\u00e7a sedia forma\u00e7\u00e3o continuada para Conselheiros do Vale do Sambito"},"content":{"rendered":"<p>A Prefeitura Municipal de Valen\u00e7a do Piau\u00ed juntamente com o Conselho Estadual dos Direitos da Crian\u00e7a e do Adolescente, por meio da Secretaria de Assist\u00eancia Social e do Conselho Municipal dos Direitos da Crian\u00e7a e do Adolescente-CMDCA, realizou nos dias 01 e 02 de setembro, o Curso de Forma\u00e7\u00e3o da Escola de Conselhos do Estado do Piau\u00ed.<\/p>\n<p>Al\u00e9m dos conselhos de Valen\u00e7a, participaram os demais conselheiros do Vale do Sambito, sendo eles: Aroazes, Prata do Piau\u00ed, Santa Cruz dos Milagres, S\u00e3o F\u00e9lix do Piau\u00ed, S\u00e3o Miguel da Baixa Grande, Barra D\u2019Alc\u00e2ntara, Elesb\u00e3o Veloso, Francin\u00f3polis, Inhuma, Ipiranga do Piau\u00ed, Lagoa do S\u00edtio, Novo Oriente do Piau\u00ed, Pimenteiras, S\u00e3o Miguel do Tapuio e V\u00e1rzea Grande.<\/p>\n<p>O presidente do CMDCA de Valen\u00e7a, Ricardo Bruce, destaca a realiza\u00e7\u00e3o da forma\u00e7\u00e3o continuada para os conselheiros. &#8220;Essa forma\u00e7\u00e3o \u00e9 para t\u00edtulo de conhecimento, ent\u00e3o \u00e9 uma forma\u00e7\u00e3o que vai ser realizada em cinco m\u00f3dulos, esse \u00e9 o primeiro m\u00f3dulo que est\u00e1 sendo realizado aqui em Valen\u00e7a tanto para os conselheiros daqui como para os demais conselheiros do Vale do Sambito&#8221;, explica Ricardo Bruce.<\/p>\n<p>O presidente elogia os conselheiros do CMDCA do munic\u00edpio que tem uma atua\u00e7\u00e3o forte e presen\u00e7a constante em eventos que agregam conhecimento.<\/p>\n<p>&#8220;O munic\u00edpio de Valen\u00e7a \u00e9 agraciado porque tem o seu CMDCA formado, atuante, os nossos dez conselheiros sempre quando tem eventos seja em Valen\u00e7a ou em outras cidades sempre participam atrav\u00e9s da Prefeitura Municipal, atrav\u00e9s do pr\u00f3prio CMDCA com o fundo que d\u00e1 essa oportunidade tanto aos conselheiros de direito como os conselheiros tutelares&#8221;, frisa.<\/p>\n<p>A Secret\u00e1ria de Assist\u00eancia Social, Paula Menezes, avalia a forma\u00e7\u00e3o dizendo que o evento \u00e9 oportuno para tirar todas as d\u00favidas que os conselheiros possam ter.<\/p>\n<p>&#8220;\u00c9 positivo para o munic\u00edpio de Valen\u00e7a e para todos os outros munic\u00edpios que j\u00e1 tem o conselho formado, vai ser um momento onde esses conselheiros v\u00e3o poder tirar muitas d\u00favidas e aprender coisas novas a respeito tamb\u00e9m dos seus direitos enquanto conselheiros&#8221;, afirma Paula que ainda lembra que a forma\u00e7\u00e3o deve incentivar os munic\u00edpios que ainda n\u00e3o tem conselho de direito atuando se regularizem.<\/p>\n<p>&#8220;Ent\u00e3o, \u00e9 importante que cada vez mais esses momentos aconte\u00e7am para que outros munic\u00edpios, principalmente aqueles que ainda n\u00e3o tem conselho formado possam est\u00e1 montando seus conselhos da forma correta&#8221;, comenta.<\/p>\n<p>Francisco Leite, Presidente do Conselho Estadual dos Direitos da Crian\u00e7a e do Adolescente, conta que a escola de conselhos foi uma vit\u00f3ria para entidade e que eles pretendem levar essa forma\u00e7\u00e3o para todos os munic\u00edpios que tiverem interesse.<\/p>\n<p>&nbsp;&#8220;Essa forma\u00e7\u00e3o era uma luta de muito tempo do conselho estadual, a gente implantar essa escola de conselho que faz a forma\u00e7\u00e3o continuada dos Conselhos Tutelares, dos Conselhos de Direito [&#8230;].&nbsp; A nossa inten\u00e7\u00e3o \u00e9 capacitar, qualificar os 1.140 conselheiros tutelares do estado do Piau\u00ed e todos os conselheiros do direito&#8221;, afirma.<\/p>\n<p>A forma\u00e7\u00e3o ofereceu 4 eixos tem\u00e1ticos: or\u00e7amentos p\u00fablicos, atribui\u00e7\u00f5es do Conselho Tutelar, atualiza\u00e7\u00f5es do Conselho de Direito e uma atualiza\u00e7\u00e3o do SUAS, que a lei da assist\u00eancia social.<\/p>\n<div class=\"ngg-galleryoverview\" id=\"1\">\n                    <div data-widget=\"Galeria\" data-props=\"{&quot;galeria&quot;:{&quot;max_page&quot;:2,&quot;total&quot;:22,&quot;gallery_id&quot;:1,&quot;images&quot;:[{&quot;thumbcode&quot;:&quot;https:\\\/\\\/portalv1.com.br\\\/app\\\/wp-content\\\/uploads\\\/2022\\\/09\\\/20220904090147__MG_8849-400x250.jpg&quot;,&quot;imageURL&quot;:&quot;https:\\\/\\\/portalv1.com.br\\\/app\\\/wp-content\\\/uploads\\\/2022\\\/09\\\/20220904090147__MG_8849.jpg&quot;,&quot;pid&quot;:127350,&quot;galleryid&quot;:1,&quot;description&quot;:&quot;&quot;,&quot;alttext&quot;:&quot;Valen\\u00e7a sedia forma\\u00e7\\u00e3o continuada para Conselheiros do Vale do Sambito&quot;,&quot;thumbnailURL&quot;:&quot;https:\\\/\\\/portalv1.com.br\\\/app\\\/wp-content\\\/uploads\\\/2022\\\/09\\\/20220904090147__MG_8849-400x250.jpg&quot;,&quot;style&quot;:&quot;&quot;},{&quot;thumbcode&quot;:&quot;https:\\\/\\\/portalv1.com.br\\\/app\\\/wp-content\\\/uploads\\\/2022\\\/09\\\/20220904090219__MG_8850-400x250.jpg&quot;,&quot;imageURL&quot;:&quot;https:\\\/\\\/portalv1.com.br\\\/app\\\/wp-content\\\/uploads\\\/2022\\\/09\\\/20220904090219__MG_8850.jpg&quot;,&quot;pid&quot;:127351,&quot;galleryid&quot;:1,&quot;description&quot;:&quot;&quot;,&quot;alttext&quot;:&quot;Valen\\u00e7a sedia forma\\u00e7\\u00e3o continuada para Conselheiros do Vale do Sambito&quot;,&quot;thumbnailURL&quot;:&quot;https:\\\/\\\/portalv1.com.br\\\/app\\\/wp-content\\\/uploads\\\/2022\\\/09\\\/20220904090219__MG_8850-400x250.jpg&quot;,&quot;style&quot;:&quot;&quot;},{&quot;thumbcode&quot;:&quot;https:\\\/\\\/portalv1.com.br\\\/app\\\/wp-content\\\/uploads\\\/2022\\\/09\\\/20220904090252__MG_8851-400x250.jpg&quot;,&quot;imageURL&quot;:&quot;https:\\\/\\\/portalv1.com.br\\\/app\\\/wp-content\\\/uploads\\\/2022\\\/09\\\/20220904090252__MG_8851.jpg&quot;,&quot;pid&quot;:127352,&quot;galleryid&quot;:1,&quot;description&quot;:&quot;&quot;,&quot;alttext&quot;:&quot;Valen\\u00e7a sedia forma\\u00e7\\u00e3o continuada para Conselheiros do Vale do Sambito&quot;,&quot;thumbnailURL&quot;:&quot;https:\\\/\\\/portalv1.com.br\\\/app\\\/wp-content\\\/uploads\\\/2022\\\/09\\\/20220904090252__MG_8851-400x250.jpg&quot;,&quot;style&quot;:&quot;&quot;},{&quot;thumbcode&quot;:&quot;https:\\\/\\\/portalv1.com.br\\\/app\\\/wp-content\\\/uploads\\\/2022\\\/09\\\/20220904090338__MG_8853-400x250.jpg&quot;,&quot;imageURL&quot;:&quot;https:\\\/\\\/portalv1.com.br\\\/app\\\/wp-content\\\/uploads\\\/2022\\\/09\\\/20220904090338__MG_8853.jpg&quot;,&quot;pid&quot;:127353,&quot;galleryid&quot;:1,&quot;description&quot;:&quot;&quot;,&quot;alttext&quot;:&quot;Valen\\u00e7a sedia forma\\u00e7\\u00e3o continuada para Conselheiros do Vale do Sambito&quot;,&quot;thumbnailURL&quot;:&quot;https:\\\/\\\/portalv1.com.br\\\/app\\\/wp-content\\\/uploads\\\/2022\\\/09\\\/20220904090338__MG_8853-400x250.jpg&quot;,&quot;style&quot;:&quot;&quot;},{&quot;thumbcode&quot;:&quot;https:\\\/\\\/portalv1.com.br\\\/app\\\/wp-content\\\/uploads\\\/2022\\\/09\\\/20220904090346__MG_8854-400x250.jpg&quot;,&quot;imageURL&quot;:&quot;https:\\\/\\\/portalv1.com.br\\\/app\\\/wp-content\\\/uploads\\\/2022\\\/09\\\/20220904090346__MG_8854.jpg&quot;,&quot;pid&quot;:127354,&quot;galleryid&quot;:1,&quot;description&quot;:&quot;&quot;,&quot;alttext&quot;:&quot;Valen\\u00e7a sedia forma\\u00e7\\u00e3o continuada para Conselheiros do Vale do Sambito&quot;,&quot;thumbnailURL&quot;:&quot;https:\\\/\\\/portalv1.com.br\\\/app\\\/wp-content\\\/uploads\\\/2022\\\/09\\\/20220904090346__MG_8854-400x250.jpg&quot;,&quot;style&quot;:&quot;&quot;},{&quot;thumbcode&quot;:&quot;https:\\\/\\\/portalv1.com.br\\\/app\\\/wp-content\\\/uploads\\\/2022\\\/09\\\/20220904090351__MG_8855-400x250.jpg&quot;,&quot;imageURL&quot;:&quot;https:\\\/\\\/portalv1.com.br\\\/app\\\/wp-content\\\/uploads\\\/2022\\\/09\\\/20220904090351__MG_8855.jpg&quot;,&quot;pid&quot;:127355,&quot;galleryid&quot;:1,&quot;description&quot;:&quot;&quot;,&quot;alttext&quot;:&quot;Valen\\u00e7a sedia forma\\u00e7\\u00e3o continuada para Conselheiros do Vale do Sambito&quot;,&quot;thumbnailURL&quot;:&quot;https:\\\/\\\/portalv1.com.br\\\/app\\\/wp-content\\\/uploads\\\/2022\\\/09\\\/20220904090351__MG_8855-400x250.jpg&quot;,&quot;style&quot;:&quot;&quot;},{&quot;thumbcode&quot;:&quot;https:\\\/\\\/portalv1.com.br\\\/app\\\/wp-content\\\/uploads\\\/2022\\\/09\\\/20220904090401__MG_8856-400x250.jpg&quot;,&quot;imageURL&quot;:&quot;https:\\\/\\\/portalv1.com.br\\\/app\\\/wp-content\\\/uploads\\\/2022\\\/09\\\/20220904090401__MG_8856.jpg&quot;,&quot;pid&quot;:127356,&quot;galleryid&quot;:1,&quot;description&quot;:&quot;&quot;,&quot;alttext&quot;:&quot;Valen\\u00e7a sedia forma\\u00e7\\u00e3o continuada para Conselheiros do Vale do Sambito&quot;,&quot;thumbnailURL&quot;:&quot;https:\\\/\\\/portalv1.com.br\\\/app\\\/wp-content\\\/uploads\\\/2022\\\/09\\\/20220904090401__MG_8856-400x250.jpg&quot;,&quot;style&quot;:&quot;&quot;},{&quot;thumbcode&quot;:&quot;https:\\\/\\\/portalv1.com.br\\\/app\\\/wp-content\\\/uploads\\\/2022\\\/09\\\/20220904090408__MG_8857-400x250.jpg&quot;,&quot;imageURL&quot;:&quot;https:\\\/\\\/portalv1.com.br\\\/app\\\/wp-content\\\/uploads\\\/2022\\\/09\\\/20220904090408__MG_8857.jpg&quot;,&quot;pid&quot;:127357,&quot;galleryid&quot;:1,&quot;description&quot;:&quot;&quot;,&quot;alttext&quot;:&quot;Valen\\u00e7a sedia forma\\u00e7\\u00e3o continuada para Conselheiros do Vale do Sambito&quot;,&quot;thumbnailURL&quot;:&quot;https:\\\/\\\/portalv1.com.br\\\/app\\\/wp-content\\\/uploads\\\/2022\\\/09\\\/20220904090408__MG_8857-400x250.jpg&quot;,&quot;style&quot;:&quot;&quot;},{&quot;thumbcode&quot;:&quot;https:\\\/\\\/portalv1.com.br\\\/app\\\/wp-content\\\/uploads\\\/2022\\\/09\\\/20220904090433__MG_8859-400x250.jpg&quot;,&quot;imageURL&quot;:&quot;https:\\\/\\\/portalv1.com.br\\\/app\\\/wp-content\\\/uploads\\\/2022\\\/09\\\/20220904090433__MG_8859.jpg&quot;,&quot;pid&quot;:127358,&quot;galleryid&quot;:1,&quot;description&quot;:&quot;&quot;,&quot;alttext&quot;:&quot;Valen\\u00e7a sedia forma\\u00e7\\u00e3o continuada para Conselheiros do Vale do Sambito&quot;,&quot;thumbnailURL&quot;:&quot;https:\\\/\\\/portalv1.com.br\\\/app\\\/wp-content\\\/uploads\\\/2022\\\/09\\\/20220904090433__MG_8859-400x250.jpg&quot;,&quot;style&quot;:&quot;&quot;},{&quot;thumbcode&quot;:&quot;https:\\\/\\\/portalv1.com.br\\\/app\\\/wp-content\\\/uploads\\\/2022\\\/09\\\/20220904090454__MG_8861-400x250.jpg&quot;,&quot;imageURL&quot;:&quot;https:\\\/\\\/portalv1.com.br\\\/app\\\/wp-content\\\/uploads\\\/2022\\\/09\\\/20220904090454__MG_8861.jpg&quot;,&quot;pid&quot;:127359,&quot;galleryid&quot;:1,&quot;description&quot;:&quot;&quot;,&quot;alttext&quot;:&quot;Valen\\u00e7a sedia forma\\u00e7\\u00e3o continuada para Conselheiros do Vale do Sambito&quot;,&quot;thumbnailURL&quot;:&quot;https:\\\/\\\/portalv1.com.br\\\/app\\\/wp-content\\\/uploads\\\/2022\\\/09\\\/20220904090454__MG_8861-400x250.jpg&quot;,&quot;style&quot;:&quot;&quot;},{&quot;thumbcode&quot;:&quot;https:\\\/\\\/portalv1.com.br\\\/app\\\/wp-content\\\/uploads\\\/2022\\\/09\\\/20220904090514__MG_8864-400x250.jpg&quot;,&quot;imageURL&quot;:&quot;https:\\\/\\\/portalv1.com.br\\\/app\\\/wp-content\\\/uploads\\\/2022\\\/09\\\/20220904090514__MG_8864.jpg&quot;,&quot;pid&quot;:127360,&quot;galleryid&quot;:1,&quot;description&quot;:&quot;&quot;,&quot;alttext&quot;:&quot;Valen\\u00e7a sedia forma\\u00e7\\u00e3o continuada para Conselheiros do Vale do Sambito&quot;,&quot;thumbnailURL&quot;:&quot;https:\\\/\\\/portalv1.com.br\\\/app\\\/wp-content\\\/uploads\\\/2022\\\/09\\\/20220904090514__MG_8864-400x250.jpg&quot;,&quot;style&quot;:&quot;&quot;},{&quot;thumbcode&quot;:&quot;https:\\\/\\\/portalv1.com.br\\\/app\\\/wp-content\\\/uploads\\\/2022\\\/09\\\/20220904090526__MG_8866-400x250.jpg&quot;,&quot;imageURL&quot;:&quot;https:\\\/\\\/portalv1.com.br\\\/app\\\/wp-content\\\/uploads\\\/2022\\\/09\\\/20220904090526__MG_8866.jpg&quot;,&quot;pid&quot;:127361,&quot;galleryid&quot;:1,&quot;description&quot;:&quot;&quot;,&quot;alttext&quot;:&quot;Valen\\u00e7a sedia forma\\u00e7\\u00e3o continuada para Conselheiros do Vale do Sambito&quot;,&quot;thumbnailURL&quot;:&quot;https:\\\/\\\/portalv1.com.br\\\/app\\\/wp-content\\\/uploads\\\/2022\\\/09\\\/20220904090526__MG_8866-400x250.jpg&quot;,&quot;style&quot;:&quot;&quot;},{&quot;thumbcode&quot;:&quot;https:\\\/\\\/portalv1.com.br\\\/app\\\/wp-content\\\/uploads\\\/2022\\\/09\\\/20220904090543__MG_8868-400x250.jpg&quot;,&quot;imageURL&quot;:&quot;https:\\\/\\\/portalv1.com.br\\\/app\\\/wp-content\\\/uploads\\\/2022\\\/09\\\/20220904090543__MG_8868.jpg&quot;,&quot;pid&quot;:127362,&quot;galleryid&quot;:1,&quot;description&quot;:&quot;&quot;,&quot;alttext&quot;:&quot;Valen\\u00e7a sedia forma\\u00e7\\u00e3o continuada para Conselheiros do Vale do Sambito&quot;,&quot;thumbnailURL&quot;:&quot;https:\\\/\\\/portalv1.com.br\\\/app\\\/wp-content\\\/uploads\\\/2022\\\/09\\\/20220904090543__MG_8868-400x250.jpg&quot;,&quot;style&quot;:&quot;&quot;},{&quot;thumbcode&quot;:&quot;https:\\\/\\\/portalv1.com.br\\\/app\\\/wp-content\\\/uploads\\\/2022\\\/09\\\/20220904090554__MG_8869-400x250.jpg&quot;,&quot;imageURL&quot;:&quot;https:\\\/\\\/portalv1.com.br\\\/app\\\/wp-content\\\/uploads\\\/2022\\\/09\\\/20220904090554__MG_8869.jpg&quot;,&quot;pid&quot;:127363,&quot;galleryid&quot;:1,&quot;description&quot;:&quot;&quot;,&quot;alttext&quot;:&quot;Valen\\u00e7a sedia forma\\u00e7\\u00e3o continuada para Conselheiros do Vale do Sambito&quot;,&quot;thumbnailURL&quot;:&quot;https:\\\/\\\/portalv1.com.br\\\/app\\\/wp-content\\\/uploads\\\/2022\\\/09\\\/20220904090554__MG_8869-400x250.jpg&quot;,&quot;style&quot;:&quot;&quot;},{&quot;thumbcode&quot;:&quot;https:\\\/\\\/portalv1.com.br\\\/app\\\/wp-content\\\/uploads\\\/2022\\\/09\\\/20220904090605__MG_8870-400x250.jpg&quot;,&quot;imageURL&quot;:&quot;https:\\\/\\\/portalv1.com.br\\\/app\\\/wp-content\\\/uploads\\\/2022\\\/09\\\/20220904090605__MG_8870.jpg&quot;,&quot;pid&quot;:127364,&quot;galleryid&quot;:1,&quot;description&quot;:&quot;&quot;,&quot;alttext&quot;:&quot;Valen\\u00e7a sedia forma\\u00e7\\u00e3o continuada para Conselheiros do Vale do Sambito&quot;,&quot;thumbnailURL&quot;:&quot;https:\\\/\\\/portalv1.com.br\\\/app\\\/wp-content\\\/uploads\\\/2022\\\/09\\\/20220904090605__MG_8870-400x250.jpg&quot;,&quot;style&quot;:&quot;&quot;},{&quot;thumbcode&quot;:&quot;https:\\\/\\\/portalv1.com.br\\\/app\\\/wp-content\\\/uploads\\\/2022\\\/09\\\/20220904090621__MG_8871-400x250.jpg&quot;,&quot;imageURL&quot;:&quot;https:\\\/\\\/portalv1.com.br\\\/app\\\/wp-content\\\/uploads\\\/2022\\\/09\\\/20220904090621__MG_8871.jpg&quot;,&quot;pid&quot;:127365,&quot;galleryid&quot;:1,&quot;description&quot;:&quot;&quot;,&quot;alttext&quot;:&quot;Valen\\u00e7a sedia forma\\u00e7\\u00e3o continuada para Conselheiros do Vale do Sambito&quot;,&quot;thumbnailURL&quot;:&quot;https:\\\/\\\/portalv1.com.br\\\/app\\\/wp-content\\\/uploads\\\/2022\\\/09\\\/20220904090621__MG_8871-400x250.jpg&quot;,&quot;style&quot;:&quot;&quot;},{&quot;thumbcode&quot;:&quot;https:\\\/\\\/portalv1.com.br\\\/app\\\/wp-content\\\/uploads\\\/2022\\\/09\\\/20220904093805__MG_8879-400x250.jpg&quot;,&quot;imageURL&quot;:&quot;https:\\\/\\\/portalv1.com.br\\\/app\\\/wp-content\\\/uploads\\\/2022\\\/09\\\/20220904093805__MG_8879.jpg&quot;,&quot;pid&quot;:127366,&quot;galleryid&quot;:1,&quot;description&quot;:&quot;&quot;,&quot;alttext&quot;:&quot;Valen\\u00e7a sedia forma\\u00e7\\u00e3o continuada para Conselheiros do Vale do Sambito&quot;,&quot;thumbnailURL&quot;:&quot;https:\\\/\\\/portalv1.com.br\\\/app\\\/wp-content\\\/uploads\\\/2022\\\/09\\\/20220904093805__MG_8879-400x250.jpg&quot;,&quot;style&quot;:&quot;&quot;},{&quot;thumbcode&quot;:&quot;https:\\\/\\\/portalv1.com.br\\\/app\\\/wp-content\\\/uploads\\\/2022\\\/09\\\/20220904100043__MG_8880-400x250.jpg&quot;,&quot;imageURL&quot;:&quot;https:\\\/\\\/portalv1.com.br\\\/app\\\/wp-content\\\/uploads\\\/2022\\\/09\\\/20220904100043__MG_8880.jpg&quot;,&quot;pid&quot;:127367,&quot;galleryid&quot;:1,&quot;description&quot;:&quot;&quot;,&quot;alttext&quot;:&quot;Valen\\u00e7a sedia forma\\u00e7\\u00e3o continuada para Conselheiros do Vale do Sambito&quot;,&quot;thumbnailURL&quot;:&quot;https:\\\/\\\/portalv1.com.br\\\/app\\\/wp-content\\\/uploads\\\/2022\\\/09\\\/20220904100043__MG_8880-400x250.jpg&quot;,&quot;style&quot;:&quot;&quot;},{&quot;thumbcode&quot;:&quot;https:\\\/\\\/portalv1.com.br\\\/app\\\/wp-content\\\/uploads\\\/2022\\\/09\\\/20220904103651__MG_8884-400x250.jpg&quot;,&quot;imageURL&quot;:&quot;https:\\\/\\\/portalv1.com.br\\\/app\\\/wp-content\\\/uploads\\\/2022\\\/09\\\/20220904103651__MG_8884.jpg&quot;,&quot;pid&quot;:127368,&quot;galleryid&quot;:1,&quot;description&quot;:&quot;&quot;,&quot;alttext&quot;:&quot;Valen\\u00e7a sedia forma\\u00e7\\u00e3o continuada para Conselheiros do Vale do Sambito&quot;,&quot;thumbnailURL&quot;:&quot;https:\\\/\\\/portalv1.com.br\\\/app\\\/wp-content\\\/uploads\\\/2022\\\/09\\\/20220904103651__MG_8884-400x250.jpg&quot;,&quot;style&quot;:&quot;&quot;},{&quot;thumbcode&quot;:&quot;https:\\\/\\\/portalv1.com.br\\\/app\\\/wp-content\\\/uploads\\\/2022\\\/09\\\/20220904103717__MG_8886-400x250.jpg&quot;,&quot;imageURL&quot;:&quot;https:\\\/\\\/portalv1.com.br\\\/app\\\/wp-content\\\/uploads\\\/2022\\\/09\\\/20220904103717__MG_8886.jpg&quot;,&quot;pid&quot;:127369,&quot;galleryid&quot;:1,&quot;description&quot;:&quot;&quot;,&quot;alttext&quot;:&quot;Valen\\u00e7a sedia forma\\u00e7\\u00e3o continuada para Conselheiros do Vale do Sambito&quot;,&quot;thumbnailURL&quot;:&quot;https:\\\/\\\/portalv1.com.br\\\/app\\\/wp-content\\\/uploads\\\/2022\\\/09\\\/20220904103717__MG_8886-400x250.jpg&quot;,&quot;style&quot;:&quot;&quot;},{&quot;thumbcode&quot;:&quot;https:\\\/\\\/portalv1.com.br\\\/app\\\/wp-content\\\/uploads\\\/2022\\\/09\\\/20220904103728__MG_8888-400x250.jpg&quot;,&quot;imageURL&quot;:&quot;https:\\\/\\\/portalv1.com.br\\\/app\\\/wp-content\\\/uploads\\\/2022\\\/09\\\/20220904103728__MG_8888.jpg&quot;,&quot;pid&quot;:127370,&quot;galleryid&quot;:1,&quot;description&quot;:&quot;&quot;,&quot;alttext&quot;:&quot;Valen\\u00e7a sedia forma\\u00e7\\u00e3o continuada para Conselheiros do Vale do Sambito&quot;,&quot;thumbnailURL&quot;:&quot;https:\\\/\\\/portalv1.com.br\\\/app\\\/wp-content\\\/uploads\\\/2022\\\/09\\\/20220904103728__MG_8888-400x250.jpg&quot;,&quot;style&quot;:&quot;&quot;},{&quot;thumbcode&quot;:&quot;https:\\\/\\\/portalv1.com.br\\\/app\\\/wp-content\\\/uploads\\\/2022\\\/09\\\/20220904103850__MG_8890-400x250.jpg&quot;,&quot;imageURL&quot;:&quot;https:\\\/\\\/portalv1.com.br\\\/app\\\/wp-content\\\/uploads\\\/2022\\\/09\\\/20220904103850__MG_8890.jpg&quot;,&quot;pid&quot;:127371,&quot;galleryid&quot;:1,&quot;description&quot;:&quot;&quot;,&quot;alttext&quot;:&quot;Valen\\u00e7a sedia forma\\u00e7\\u00e3o continuada para Conselheiros do Vale do Sambito&quot;,&quot;thumbnailURL&quot;:&quot;https:\\\/\\\/portalv1.com.br\\\/app\\\/wp-content\\\/uploads\\\/2022\\\/09\\\/20220904103850__MG_8890-400x250.jpg&quot;,&quot;style&quot;:&quot;&quot;}]}}\"><\/div>\n                  <\/div>\n","protected":false},"excerpt":{"rendered":"<p>A Prefeitura Municipal de Valen\u00e7a do Piau\u00ed juntamente com o Conselho Estadual dos Direitos da Crian\u00e7a e do Adolescente, por meio da Secretaria de Assist\u00eancia Social e do Conselho Municipal&#8230;<\/p>\n","protected":false},"author":1,"featured_media":127368,"comment_status":"open","ping_status":"open","sticky":false,"template":"","format":"standard","meta":{"ngg_post_thumbnail":0,"footnotes":""},"categories":[243],"tags":[],"class_list":["post-127349","post","type-post","status-publish","format-standard","has-post-thumbnail","hentry","category-geral"],"views":224,"meta_data":{"thumb":"https:\/\/portalv1.com.br\/app\/wp-content\/uploads\/2022\/09\/20220904103651__MG_8884.jpg","imagem":{"fullsize":{"url":"https:\/\/portalv1.com.br\/app\/wp-content\/uploads\/2022\/09\/20220904103651__MG_8884.jpg","width":1024,"height":576},"medium":{"url":"https:\/\/portalv1.com.br\/app\/wp-content\/uploads\/2022\/09\/20220904103651__MG_8884-300x169.jpg","width":300,"height":169},"large":{"url":"https:\/\/portalv1.com.br\/app\/wp-content\/uploads\/2022\/09\/20220904103651__MG_8884-640x360.jpg","width":640,"height":360},"thumbnail":{"url":"https:\/\/portalv1.com.br\/app\/wp-content\/uploads\/2022\/09\/20220904103651__MG_8884-100x100.jpg","width":100,"height":100},"medium_large":{"url":"https:\/\/portalv1.com.br\/app\/wp-content\/uploads\/2022\/09\/20220904103651__MG_8884-768x432.jpg","width":768,"height":432}},"data":{"simple":"04\/09\/2022","date_time":"04\/09\/2022 11:11:05","date":"h\u00e1 4 anos"},"chapeu":"Saiba Detalhes ","source":"slide"},"_links":{"self":[{"href":"https:\/\/portalv1.com.br\/api\/wp\/v2\/posts\/127349","targetHints":{"allow":["GET"]}}],"collection":[{"href":"https:\/\/portalv1.com.br\/api\/wp\/v2\/posts"}],"about":[{"href":"https:\/\/portalv1.com.br\/api\/wp\/v2\/types\/post"}],"author":[{"embeddable":true,"href":"https:\/\/portalv1.com.br\/api\/wp\/v2\/users\/1"}],"replies":[{"embeddable":true,"href":"https:\/\/portalv1.com.br\/api\/wp\/v2\/comments?post=127349"}],"version-history":[{"count":0,"href":"https:\/\/portalv1.com.br\/api\/wp\/v2\/posts\/127349\/revisions"}],"wp:featuredmedia":[{"embeddable":true,"href":"https:\/\/portalv1.com.br\/api\/wp\/v2\/media\/127368"}],"wp:attachment":[{"href":"https:\/\/portalv1.com.br\/api\/wp\/v2\/media?parent=127349"}],"wp:term":[{"taxonomy":"category","embeddable":true,"href":"https:\/\/portalv1.com.br\/api\/wp\/v2\/categories?post=127349"},{"taxonomy":"post_tag","embeddable":true,"href":"https:\/\/portalv1.com.br\/api\/wp\/v2\/tags?post=127349"}],"curies":[{"name":"wp","href":"https:\/\/api.w.org\/{rel}","templated":true}]}}