{"id":127513,"date":"2022-09-05T16:25:16","date_gmt":"2022-09-05T19:25:16","guid":{"rendered":"https:\/\/portalv1.com.br\/?p=127513"},"modified":"2022-09-05T17:09:56","modified_gmt":"2022-09-05T20:09:56","slug":"palestra-arretada-com-ricardo-albuquerque-sera-realizada-em-valenca-do-piaui","status":"publish","type":"post","link":"https:\/\/portalv1.com.br\/palestra-arretada-com-ricardo-albuquerque-sera-realizada-em-valenca-do-piaui\/","title":{"rendered":"&#8220;Palestra ARRETADA&#8221; com Ricardo Albuquerque ser\u00e1 realizada em Valen\u00e7a do Piau\u00ed"},"content":{"rendered":"<p>&nbsp;<\/p>\n<p><img loading=\"lazy\" decoding=\"async\" class=\"alignnone wp-image-127515 size-full\" src=\"https:\/\/portalv1.com.br\/app\/wp-content\/uploads\/2022\/09\/IMG_20220905_163021.jpg\" alt=\"\" width=\"1080\" height=\"1180\" srcset=\"https:\/\/portalv1.com.br\/app\/wp-content\/uploads\/2022\/09\/IMG_20220905_163021.jpg 1080w, https:\/\/portalv1.com.br\/app\/wp-content\/uploads\/2022\/09\/IMG_20220905_163021-300x328.jpg 300w, https:\/\/portalv1.com.br\/app\/wp-content\/uploads\/2022\/09\/IMG_20220905_163021-640x699.jpg 640w, https:\/\/portalv1.com.br\/app\/wp-content\/uploads\/2022\/09\/IMG_20220905_163021-768x839.jpg 768w\" sizes=\"auto, (max-width: 1080px) 100vw, 1080px\" \/><\/p>\n<p><span style=\"font-weight: 400\">A &#8220;Palestra ARRETADA&#8221; Humortivacional Encantamento do Cliente com o Palestrante Mais ARRETADO do Brasil, Ricardo Albuquerque, ser\u00e1 realizada em Valen\u00e7a do Piau\u00ed, no dia 24 de setembro, a partir das 19h no audit\u00f3rio do Col\u00e9gio Santo Ant\u00f4nio. O evento \u00e9 promovido pela Administradora\/Cerimonialista, Promotora de Eventos Sociais, Iza Santos.\u00a0<\/span><\/p>\n<p><span style=\"font-weight: 400\">O evento promete sacudir Valen\u00e7a com uma palestra humortivacional para encantamento do cliente com o Palestrante Ricardo Albuquerque, que j\u00e1 realizou mais de 3.900 Palestras por todo o Brasil.\u00a0<\/span><\/p>\n<p><span style=\"font-weight: 400\">Com o n\u00famero de vagas limitadas voc\u00ea pode est\u00e1 adquirindo seu ingresso com Iza Santos pelo contato: (89) 9 9920-1015.<\/span><\/p>\n<p><b>Sobre Ricardo Albuquerque<\/b><\/p>\n<p><span style=\"font-weight: 400\">Ricardo Albuquerque \u00e9 apaixonado pelo que faz e promete dar um choque na mesmice porque de mesmice o mercado est\u00e1 cheio. A palestra \u00e9 com muito humor, atitude, conte\u00fado, alegria, sorriso e alto astral. Ele costuma dizer que as empresas t\u00eam CNPJ, mas quem faz a diferen\u00e7a s\u00e3o as pessoas. A diferen\u00e7a hoje est\u00e1 na atitude e nas a\u00e7\u00f5es. As pessoas precisam est\u00e1 motivadas, tem que ter ousadia.<\/span><\/p>\n","protected":false},"excerpt":{"rendered":"<p>&nbsp; A &#8220;Palestra ARRETADA&#8221; Humortivacional Encantamento do Cliente com o Palestrante Mais ARRETADO do Brasil, Ricardo Albuquerque, ser\u00e1 realizada em Valen\u00e7a do Piau\u00ed, no dia 24 de setembro, a partir&#8230;<\/p>\n","protected":false},"author":16,"featured_media":127514,"comment_status":"open","ping_status":"open","sticky":false,"template":"","format":"standard","meta":{"ngg_post_thumbnail":0,"footnotes":""},"categories":[243],"tags":[],"class_list":["post-127513","post","type-post","status-publish","format-standard","has-post-thumbnail","hentry","category-geral"],"views":507,"meta_data":{"thumb":"https:\/\/portalv1.com.br\/app\/wp-content\/uploads\/2022\/09\/IMG_20220905_162829.jpg","imagem":{"fullsize":{"url":"https:\/\/portalv1.com.br\/app\/wp-content\/uploads\/2022\/09\/IMG_20220905_162829.jpg","width":979,"height":1051},"medium":{"url":"https:\/\/portalv1.com.br\/app\/wp-content\/uploads\/2022\/09\/IMG_20220905_162829-300x322.jpg","width":300,"height":322},"large":{"url":"https:\/\/portalv1.com.br\/app\/wp-content\/uploads\/2022\/09\/IMG_20220905_162829-640x687.jpg","width":640,"height":687},"thumbnail":{"url":"https:\/\/portalv1.com.br\/app\/wp-content\/uploads\/2022\/09\/IMG_20220905_162829-100x100.jpg","width":100,"height":100},"medium_large":{"url":"https:\/\/portalv1.com.br\/app\/wp-content\/uploads\/2022\/09\/IMG_20220905_162829-768x824.jpg","width":768,"height":824}},"data":{"simple":"05\/09\/2022","date_time":"05\/09\/2022 13:25:16","date":"h\u00e1 4 anos"},"chapeu":"O Palestrante Mais ARRETADO do Brasil","source":"slide"},"_links":{"self":[{"href":"https:\/\/portalv1.com.br\/api\/wp\/v2\/posts\/127513","targetHints":{"allow":["GET"]}}],"collection":[{"href":"https:\/\/portalv1.com.br\/api\/wp\/v2\/posts"}],"about":[{"href":"https:\/\/portalv1.com.br\/api\/wp\/v2\/types\/post"}],"author":[{"embeddable":true,"href":"https:\/\/portalv1.com.br\/api\/wp\/v2\/users\/16"}],"replies":[{"embeddable":true,"href":"https:\/\/portalv1.com.br\/api\/wp\/v2\/comments?post=127513"}],"version-history":[{"count":0,"href":"https:\/\/portalv1.com.br\/api\/wp\/v2\/posts\/127513\/revisions"}],"wp:featuredmedia":[{"embeddable":true,"href":"https:\/\/portalv1.com.br\/api\/wp\/v2\/media\/127514"}],"wp:attachment":[{"href":"https:\/\/portalv1.com.br\/api\/wp\/v2\/media?parent=127513"}],"wp:term":[{"taxonomy":"category","embeddable":true,"href":"https:\/\/portalv1.com.br\/api\/wp\/v2\/categories?post=127513"},{"taxonomy":"post_tag","embeddable":true,"href":"https:\/\/portalv1.com.br\/api\/wp\/v2\/tags?post=127513"}],"curies":[{"name":"wp","href":"https:\/\/api.w.org\/{rel}","templated":true}]}}