{"id":12787,"date":"2012-03-16T09:06:37","date_gmt":"2012-03-16T12:06:37","guid":{"rendered":"https:\/\/portalv1.com.br\/?p=12787"},"modified":"2012-03-16T09:06:37","modified_gmt":"2012-03-16T12:06:37","slug":"caso-fernanda-lages-valenciana-nayra-veloso-e-presa-pela-policia-federal","status":"publish","type":"post","link":"https:\/\/portalv1.com.br\/caso-fernanda-lages-valenciana-nayra-veloso-e-presa-pela-policia-federal\/","title":{"rendered":"Caso Fernanda Lages: Valenciana Nayra Veloso \u00e9 presa pela Policia Federal"},"content":{"rendered":"<figure id=\"attachment_12788\" aria-describedby=\"caption-attachment-12788\" style=\"width: 300px\" class=\"wp-caption alignright\"><a href=\"https:\/\/portalv1.com.br\/app\/wp-content\/uploads\/2012\/03\/nayra.jpg\"><img loading=\"lazy\" decoding=\"async\" class=\"size-full wp-image-12788\" title=\"nayra\" src=\"https:\/\/portalv1.com.br\/app\/wp-content\/uploads\/2012\/03\/nayra.jpg\" alt=\"\" width=\"300\" height=\"203\" \/><\/a><figcaption id=\"caption-attachment-12788\" class=\"wp-caption-text\">Fernanda Lages e Nayra Veloso<\/figcaption><\/figure>\n<p>A Pol\u00edcia Federal do Piau\u00ed prendeu nesta quinta-feira (15) a valenciana Nayra Veloso, a \u201cNayrinha\u201d, amiga da estudante de Direito Fernanda Lages, encontrada morta no dia 25 de agosto de 2011 na obra do pr\u00e9dio do MPF, na zona Leste de Teresina.<\/p>\n<p>Segundo o Minist\u00e9rio P\u00fablico, o pedido havia sido protocolado ontem ao juiz Ant\u00f4nio Noleto, da 1\u00aa vara do Tribunal do J\u00fari.<\/p>\n<p>Nayra seria a \u00faltima pessoa a conversar com Fernanda no dia da morte da estudante de Direito e esteve com um rapaz e a estudante em frente ao pr\u00e9dio, antes do crime. Ela est\u00e1 agora na Penitenci\u00e1ria Feminina.<\/p>\n<p>O promotor de Justi\u00e7a, Ubiracy Rocha, afirmou que, atrav\u00e9s de um exame feito no sapato de Fernanda Lages, foi descoberto que a estudante esteve nas obras do Minist\u00e9rio P\u00fablico horas antes de ser encontrada morta. A Pol\u00edcia Federal teria descoberto ainda que Fernanda esteve no local acompanhada da amiga Nayra Veloso, que j\u00e1 est\u00e1 detida, e de um homem ainda n\u00e3o identificado.<\/p>\n<p>&#8220;Dia 7 desse m\u00eas a pol\u00edcia nos informou que havia necessidade de nova per\u00edcia no sapato da estudante e depois do resultado, que saiu em cinco dias, a PF pode afirmar com 100% de certeza que Fernanda esteve na obra antes de sua morte, juntamente com Nayra e um homem, entre 3 e 4 horas da manh\u00e3. Fernanda estava sentada e Nayra em p\u00e9&#8221;, afirmou o promotor, em entrevista ao Not\u00edcia da Manh\u00e3 desta sexta-feira (16).<\/p>\n<p>Segundo Ubiracy, a universit\u00e1ria teria estado na obra antes de ir para a boate Cen\u00e1rio, zona Leste de Teresina. Os novos exames foram feitos em Bras\u00edlia. O promotor contou que a amiga de Fernanda, que est\u00e1 presa, ainda n\u00e3o quis identificar o homem que esteve na obra com elas.<\/p>\n<p>&#8220;Conversamos por cerca de duas horas com ela. Ela chorava muito, estava nervosa. Chegou a dizer que n\u00e3o pode pagar sozinha por algo que ela n\u00e3o fez, mas ainda se nega a falar o nome do homem que estava no local. Se ela resolver falar, ficar\u00e1 na condi\u00e7\u00e3o de testemunha, se n\u00e3o falar, ser\u00e1 indiciada&#8221;, garantiu o promotor.<\/p>\n<p>Ubiraci Rocha afirmou tamb\u00e9m que a m\u00e3e de Nayrinha esteve na Pol\u00edcia Federal para conversar com ela, policiais e promotores. &#8220;Ela conversou conosco, o delegado e eu e depois sozinha com a filha. N\u00f3s pedimos para que ela convencesse a filha a falar, mas at\u00e9 agora ela n\u00e3o falou&#8221;, revelou o promotor.<\/p>\n<p>&nbsp;<\/p>\n<p>Fonte: cidadeverde.com<\/p>\n","protected":false},"excerpt":{"rendered":"<p>A Pol\u00edcia Federal do Piau\u00ed prendeu nesta quinta-feira (15) a valenciana Nayra Veloso, a \u201cNayrinha\u201d, amiga da estudante de Direito Fernanda Lages, encontrada morta no dia 25 de agosto de&#8230;<\/p>\n","protected":false},"author":1,"featured_media":12788,"comment_status":"open","ping_status":"open","sticky":false,"template":"","format":"standard","meta":{"ngg_post_thumbnail":0,"footnotes":""},"categories":[243],"tags":[],"class_list":["post-12787","post","type-post","status-publish","format-standard","has-post-thumbnail","hentry","category-geral"],"views":4136,"meta_data":{"thumb":"https:\/\/portalv1.com.br\/app\/wp-content\/uploads\/2012\/03\/nayra.jpg","imagem":{"fullsize":{"url":"https:\/\/portalv1.com.br\/app\/wp-content\/uploads\/2012\/03\/nayra.jpg","width":"300","height":"203"},"thumbnail":{"url":"https:\/\/portalv1.com.br\/app\/wp-content\/uploads\/2012\/03\/nayra-100x100.jpg","width":"100","height":"100"},"post-thumbnail":{"url":"https:\/\/portalv1.com.br\/app\/wp-content\/uploads\/2012\/03\/nayra-100x100.jpg","width":"100","height":"100"},"imgpadrao":{"url":"https:\/\/portalv1.com.br\/app\/wp-content\/uploads\/2012\/03\/nayra-300x183.jpg","width":"300","height":"183"},"tecnologia":{"url":"https:\/\/portalv1.com.br\/app\/wp-content\/uploads\/2012\/03\/nayra-230x136.jpg","width":"230","height":"136"}},"data":{"simple":"16\/03\/2012","date_time":"16\/03\/2012 06:06:37","date":"h\u00e1 14 anos"},"chapeu":"","source":""},"_links":{"self":[{"href":"https:\/\/portalv1.com.br\/api\/wp\/v2\/posts\/12787","targetHints":{"allow":["GET"]}}],"collection":[{"href":"https:\/\/portalv1.com.br\/api\/wp\/v2\/posts"}],"about":[{"href":"https:\/\/portalv1.com.br\/api\/wp\/v2\/types\/post"}],"author":[{"embeddable":true,"href":"https:\/\/portalv1.com.br\/api\/wp\/v2\/users\/1"}],"replies":[{"embeddable":true,"href":"https:\/\/portalv1.com.br\/api\/wp\/v2\/comments?post=12787"}],"version-history":[{"count":0,"href":"https:\/\/portalv1.com.br\/api\/wp\/v2\/posts\/12787\/revisions"}],"wp:featuredmedia":[{"embeddable":true,"href":"https:\/\/portalv1.com.br\/api\/wp\/v2\/media\/12788"}],"wp:attachment":[{"href":"https:\/\/portalv1.com.br\/api\/wp\/v2\/media?parent=12787"}],"wp:term":[{"taxonomy":"category","embeddable":true,"href":"https:\/\/portalv1.com.br\/api\/wp\/v2\/categories?post=12787"},{"taxonomy":"post_tag","embeddable":true,"href":"https:\/\/portalv1.com.br\/api\/wp\/v2\/tags?post=12787"}],"curies":[{"name":"wp","href":"https:\/\/api.w.org\/{rel}","templated":true}]}}