{"id":12791,"date":"2012-03-17T10:02:27","date_gmt":"2012-03-17T13:02:27","guid":{"rendered":"https:\/\/portalv1.com.br\/?p=12791"},"modified":"2012-03-17T10:02:27","modified_gmt":"2012-03-17T13:02:27","slug":"sinte-promete-sem-o-piso-continuaremos-com-a-nossa-greve","status":"publish","type":"post","link":"https:\/\/portalv1.com.br\/sinte-promete-sem-o-piso-continuaremos-com-a-nossa-greve\/","title":{"rendered":"Sinte promete: \u201cSem o piso, continuaremos com a nossa greve\u201d"},"content":{"rendered":"<figure id=\"attachment_12792\" aria-describedby=\"caption-attachment-12792\" style=\"width: 300px\" class=\"wp-caption alignright\"><a href=\"https:\/\/portalv1.com.br\/app\/wp-content\/uploads\/2012\/03\/odeni.jpg\"><img loading=\"lazy\" decoding=\"async\" class=\"size-full wp-image-12792\" title=\"odeni\" src=\"https:\/\/portalv1.com.br\/app\/wp-content\/uploads\/2012\/03\/odeni.jpg\" alt=\"\" width=\"300\" height=\"199\" \/><\/a><figcaption id=\"caption-attachment-12792\" class=\"wp-caption-text\">A presidenta do Sindicato dos Trabalhadores da Educa\u00e7\u00e3o (Sinte), Odeni de Jesus<\/figcaption><\/figure>\n<p>A reuni\u00e3o entre O Governo do Estado e os professores, realizada na manh\u00e3 desta sexta-feira (16), na Secretaria de Administra\u00e7\u00e3o, n\u00e3o terminou com o impasse sobre o pagamento do piso salarial da categoria. Os professores da rede estadual est\u00e3o em greve h\u00e1 duas semanas.<\/p>\n<p>A presidente do Sindicato dos Trabalhadores da Educa\u00e7\u00e3o (Sinte), Odeni de Jesus, disse que a discuss\u00e3o girou em torno da proposta enviada \u00e0 Assembl\u00e9ia pelo Governo, na \u00faltima quarta-feira (14). O texto prop\u00f5e que a reg\u00eancia, uma gratifica\u00e7\u00e3o no valor de R$ 260 recebida por todos os professores, seja incorporada ao sal\u00e1rio de R$ 1.187,00, atingindo assim o valor de R$ 1.451,00 definido pelo Governo Federal.<\/p>\n<p>\u201cPiso \u00e9 vencimento, como foi definido pelo Supremo Tribunal Federal (STF), portanto, a proposta do Governo n\u00e3o \u00e9 legal, \u00e9 inconstitucional. Esper\u00e1vamos outra proposta, o que n\u00e3o aconteceu\u201d, afirma Odeni. Uma outra reuni\u00e3o foi marcada para segunda-feira (19), quando os professores tamb\u00e9m v\u00e3o fazer uma manifesta\u00e7\u00e3o em frente \u00e0 Secretaria de Educa\u00e7\u00e3o.<\/p>\n<p>A presidente do Sinte afirma ainda que o Governo Federal j\u00e1 repassou um incremento de 22% para o custo\/aluno aos Estados. \u201cEsse mesmo percentual deve ser repassado aos professores de forma linear para todas as categorias. Queremos um aumento real\u201d.<\/p>\n<p>O governo estadual alega falta de recursos e o cumprimento da Lei de Responsabilidade Fiscal (LRF). O Sinte entrou com uma a\u00e7\u00e3o judicial pedindo explica\u00e7\u00f5es sobre a aplica\u00e7\u00e3o dos recursos da educa\u00e7\u00e3o. \u201cQueremos saber exatamente onde e como estes recursos est\u00e3o sendo empregados\u201d, disse Odeni de Jesus.<\/p>\n<p>&nbsp;<\/p>\n<p>Fonte: cidadeverde.com<\/p>\n","protected":false},"excerpt":{"rendered":"<p>A reuni\u00e3o entre O Governo do Estado e os professores, realizada na manh\u00e3 desta sexta-feira (16), na Secretaria de Administra\u00e7\u00e3o, n\u00e3o terminou com o impasse sobre o pagamento do piso&#8230;<\/p>\n","protected":false},"author":1,"featured_media":12792,"comment_status":"open","ping_status":"open","sticky":false,"template":"","format":"standard","meta":{"ngg_post_thumbnail":0,"footnotes":""},"categories":[243],"tags":[],"class_list":["post-12791","post","type-post","status-publish","format-standard","has-post-thumbnail","hentry","category-geral"],"views":557,"meta_data":{"thumb":"https:\/\/portalv1.com.br\/app\/wp-content\/uploads\/2012\/03\/odeni.jpg","imagem":{"fullsize":{"url":"https:\/\/portalv1.com.br\/app\/wp-content\/uploads\/2012\/03\/odeni.jpg","width":"300","height":"199"},"thumbnail":{"url":"https:\/\/portalv1.com.br\/app\/wp-content\/uploads\/2012\/03\/odeni-100x100.jpg","width":"100","height":"100"},"post-thumbnail":{"url":"https:\/\/portalv1.com.br\/app\/wp-content\/uploads\/2012\/03\/odeni-100x100.jpg","width":"100","height":"100"},"imgpadrao":{"url":"https:\/\/portalv1.com.br\/app\/wp-content\/uploads\/2012\/03\/odeni-300x183.jpg","width":"300","height":"183"},"tecnologia":{"url":"https:\/\/portalv1.com.br\/app\/wp-content\/uploads\/2012\/03\/odeni-230x136.jpg","width":"230","height":"136"}},"data":{"simple":"17\/03\/2012","date_time":"17\/03\/2012 07:02:27","date":"h\u00e1 14 anos"},"chapeu":"","source":""},"_links":{"self":[{"href":"https:\/\/portalv1.com.br\/api\/wp\/v2\/posts\/12791","targetHints":{"allow":["GET"]}}],"collection":[{"href":"https:\/\/portalv1.com.br\/api\/wp\/v2\/posts"}],"about":[{"href":"https:\/\/portalv1.com.br\/api\/wp\/v2\/types\/post"}],"author":[{"embeddable":true,"href":"https:\/\/portalv1.com.br\/api\/wp\/v2\/users\/1"}],"replies":[{"embeddable":true,"href":"https:\/\/portalv1.com.br\/api\/wp\/v2\/comments?post=12791"}],"version-history":[{"count":0,"href":"https:\/\/portalv1.com.br\/api\/wp\/v2\/posts\/12791\/revisions"}],"wp:featuredmedia":[{"embeddable":true,"href":"https:\/\/portalv1.com.br\/api\/wp\/v2\/media\/12792"}],"wp:attachment":[{"href":"https:\/\/portalv1.com.br\/api\/wp\/v2\/media?parent=12791"}],"wp:term":[{"taxonomy":"category","embeddable":true,"href":"https:\/\/portalv1.com.br\/api\/wp\/v2\/categories?post=12791"},{"taxonomy":"post_tag","embeddable":true,"href":"https:\/\/portalv1.com.br\/api\/wp\/v2\/tags?post=12791"}],"curies":[{"name":"wp","href":"https:\/\/api.w.org\/{rel}","templated":true}]}}