{"id":128089,"date":"2022-09-08T12:00:37","date_gmt":"2022-09-08T15:00:37","guid":{"rendered":"https:\/\/portalv1.com.br\/?p=128089"},"modified":"2022-09-08T12:12:55","modified_gmt":"2022-09-08T15:12:55","slug":"instituto-dom-quixote-participa-do-07-de-setembro-de-valenca-e-encanta-o-publico","status":"publish","type":"post","link":"https:\/\/portalv1.com.br\/instituto-dom-quixote-participa-do-07-de-setembro-de-valenca-e-encanta-o-publico\/","title":{"rendered":"Instituto Dom Quixote participa do 07 de Setembro de Valen\u00e7a e encanta o p\u00fablico"},"content":{"rendered":"<p>O Instituto Dom Quixote de Valen\u00e7a do Piau\u00ed, participou do desfile c\u00edvico em comemora\u00e7\u00e3o \u00e0 Independ\u00eancia do Brasil, data celebrada em todo o pa\u00eds. O col\u00e9gio trouxe como tema de sua apresenta\u00e7\u00e3o, &#8220;O centen\u00e1rio da Semana de Arte Moderna -1\u00b0 gera\u00e7\u00e3o&#8221;.<\/p>\n<p>Em seus pelot\u00f5es de alunos e professores, o col\u00e9gio apresentou a contribui\u00e7\u00e3o da Semana de Arte de 1922 para produ\u00e7\u00e3o art\u00edstica e para os olhares da sociedade, visto que uma nova vis\u00e3o sobre o processo art\u00edstico nasceu e a arte come\u00e7a a trazer em suas produ\u00e7\u00f5es aspectos mais brasileiros.<\/p>\n<p>Na avenida, a popula\u00e7\u00e3o viu a hist\u00f3ria de grandes artistas sendo enfatizada, entre elas, o &#8220;Grupo dos Cinco&#8221;, que faz men\u00e7\u00e3o \u00e0 pintores e escritores formados por Anita Malfatti, Tarsila do Amaral, Menotti Dela Picchia, Oswald de Andrade e M\u00e1rio de Andrade.<\/p>\n<p>O Dom Quixote encerrou o seu desfile trazendo os professores da institui\u00e7\u00e3o com uma mensagem reflexiva sobre o papel do educador. &#8220;O professor pode at\u00e9 n\u00e3o mudar o mundo, mas ele pode fazer com que seus alunos tenham uma vis\u00e3o independente do mundo&#8221;. Outra conquista marcante foi a apresenta\u00e7\u00e3o da fanfara do col\u00e9gio composta por alunos do Dom Quixote, que encheu todos de orgulho e de alegria pela exibi\u00e7\u00e3o.<\/p>\n<p>O col\u00e9gio Dom Quixote faz parte da rede particular de ensino de Valen\u00e7a, um dos mais tradicionais na educa\u00e7\u00e3o de crian\u00e7as e adolescentes de Valen\u00e7a do Piau\u00ed com grande contribui\u00e7\u00e3o na educa\u00e7\u00e3o regional e valoriza\u00e7\u00e3o da nossa hist\u00f3ria. &nbsp;<\/p>\n<div class=\"ngg-galleryoverview\" id=\"1\">\n                    <div data-widget=\"Galeria\" data-props=\"{&quot;galeria&quot;:{&quot;max_page&quot;:2,&quot;total&quot;:34,&quot;gallery_id&quot;:1,&quot;images&quot;:[{&quot;thumbcode&quot;:&quot;https:\\\/\\\/portalv1.com.br\\\/app\\\/wp-content\\\/uploads\\\/2022\\\/09\\\/MG_0101-400x250.jpg&quot;,&quot;imageURL&quot;:&quot;https:\\\/\\\/portalv1.com.br\\\/app\\\/wp-content\\\/uploads\\\/2022\\\/09\\\/MG_0101.jpg&quot;,&quot;pid&quot;:128090,&quot;galleryid&quot;:1,&quot;description&quot;:&quot;&quot;,&quot;alttext&quot;:&quot;Instituto Dom Quixote participa do 07 de Setembro de Valen\\u00e7a e encanta o p\\u00fablico&quot;,&quot;thumbnailURL&quot;:&quot;https:\\\/\\\/portalv1.com.br\\\/app\\\/wp-content\\\/uploads\\\/2022\\\/09\\\/MG_0101-400x250.jpg&quot;,&quot;style&quot;:&quot;&quot;},{&quot;thumbcode&quot;:&quot;https:\\\/\\\/portalv1.com.br\\\/app\\\/wp-content\\\/uploads\\\/2022\\\/09\\\/MG_0115-400x250.jpg&quot;,&quot;imageURL&quot;:&quot;https:\\\/\\\/portalv1.com.br\\\/app\\\/wp-content\\\/uploads\\\/2022\\\/09\\\/MG_0115.jpg&quot;,&quot;pid&quot;:128091,&quot;galleryid&quot;:1,&quot;description&quot;:&quot;&quot;,&quot;alttext&quot;:&quot;Instituto Dom Quixote participa do 07 de Setembro de Valen\\u00e7a e encanta o p\\u00fablico&quot;,&quot;thumbnailURL&quot;:&quot;https:\\\/\\\/portalv1.com.br\\\/app\\\/wp-content\\\/uploads\\\/2022\\\/09\\\/MG_0115-400x250.jpg&quot;,&quot;style&quot;:&quot;&quot;},{&quot;thumbcode&quot;:&quot;https:\\\/\\\/portalv1.com.br\\\/app\\\/wp-content\\\/uploads\\\/2022\\\/09\\\/1d9871c7-3dff-4044-8a63-0772cb985b7f-400x250.jpg&quot;,&quot;imageURL&quot;:&quot;https:\\\/\\\/portalv1.com.br\\\/app\\\/wp-content\\\/uploads\\\/2022\\\/09\\\/1d9871c7-3dff-4044-8a63-0772cb985b7f.jpg&quot;,&quot;pid&quot;:128092,&quot;galleryid&quot;:1,&quot;description&quot;:&quot;&quot;,&quot;alttext&quot;:&quot;Instituto Dom Quixote participa do 07 de Setembro de Valen\\u00e7a e encanta o p\\u00fablico&quot;,&quot;thumbnailURL&quot;:&quot;https:\\\/\\\/portalv1.com.br\\\/app\\\/wp-content\\\/uploads\\\/2022\\\/09\\\/1d9871c7-3dff-4044-8a63-0772cb985b7f-400x250.jpg&quot;,&quot;style&quot;:&quot;&quot;},{&quot;thumbcode&quot;:&quot;https:\\\/\\\/portalv1.com.br\\\/app\\\/wp-content\\\/uploads\\\/2022\\\/09\\\/2c1de0ee-a005-4200-914a-edf05ae89f95-400x250.jpg&quot;,&quot;imageURL&quot;:&quot;https:\\\/\\\/portalv1.com.br\\\/app\\\/wp-content\\\/uploads\\\/2022\\\/09\\\/2c1de0ee-a005-4200-914a-edf05ae89f95.jpg&quot;,&quot;pid&quot;:128093,&quot;galleryid&quot;:1,&quot;description&quot;:&quot;&quot;,&quot;alttext&quot;:&quot;Instituto Dom Quixote participa do 07 de Setembro de Valen\\u00e7a e encanta o p\\u00fablico&quot;,&quot;thumbnailURL&quot;:&quot;https:\\\/\\\/portalv1.com.br\\\/app\\\/wp-content\\\/uploads\\\/2022\\\/09\\\/2c1de0ee-a005-4200-914a-edf05ae89f95-400x250.jpg&quot;,&quot;style&quot;:&quot;&quot;},{&quot;thumbcode&quot;:&quot;https:\\\/\\\/portalv1.com.br\\\/app\\\/wp-content\\\/uploads\\\/2022\\\/09\\\/2eb4c5a5-3eab-4c5b-8615-7097dc17babf-400x250.jpg&quot;,&quot;imageURL&quot;:&quot;https:\\\/\\\/portalv1.com.br\\\/app\\\/wp-content\\\/uploads\\\/2022\\\/09\\\/2eb4c5a5-3eab-4c5b-8615-7097dc17babf.jpg&quot;,&quot;pid&quot;:128094,&quot;galleryid&quot;:1,&quot;description&quot;:&quot;&quot;,&quot;alttext&quot;:&quot;Instituto Dom Quixote participa do 07 de Setembro de Valen\\u00e7a e encanta o p\\u00fablico&quot;,&quot;thumbnailURL&quot;:&quot;https:\\\/\\\/portalv1.com.br\\\/app\\\/wp-content\\\/uploads\\\/2022\\\/09\\\/2eb4c5a5-3eab-4c5b-8615-7097dc17babf-400x250.jpg&quot;,&quot;style&quot;:&quot;&quot;},{&quot;thumbcode&quot;:&quot;https:\\\/\\\/portalv1.com.br\\\/app\\\/wp-content\\\/uploads\\\/2022\\\/09\\\/5c007f52-efd0-400c-b772-299cc467b062-400x250.jpg&quot;,&quot;imageURL&quot;:&quot;https:\\\/\\\/portalv1.com.br\\\/app\\\/wp-content\\\/uploads\\\/2022\\\/09\\\/5c007f52-efd0-400c-b772-299cc467b062.jpg&quot;,&quot;pid&quot;:128095,&quot;galleryid&quot;:1,&quot;description&quot;:&quot;&quot;,&quot;alttext&quot;:&quot;Instituto Dom Quixote participa do 07 de Setembro de Valen\\u00e7a e encanta o p\\u00fablico&quot;,&quot;thumbnailURL&quot;:&quot;https:\\\/\\\/portalv1.com.br\\\/app\\\/wp-content\\\/uploads\\\/2022\\\/09\\\/5c007f52-efd0-400c-b772-299cc467b062-400x250.jpg&quot;,&quot;style&quot;:&quot;&quot;},{&quot;thumbcode&quot;:&quot;https:\\\/\\\/portalv1.com.br\\\/app\\\/wp-content\\\/uploads\\\/2022\\\/09\\\/6d64c433-4f13-4d40-9d21-45dc325bd431-400x250.jpg&quot;,&quot;imageURL&quot;:&quot;https:\\\/\\\/portalv1.com.br\\\/app\\\/wp-content\\\/uploads\\\/2022\\\/09\\\/6d64c433-4f13-4d40-9d21-45dc325bd431.jpg&quot;,&quot;pid&quot;:128096,&quot;galleryid&quot;:1,&quot;description&quot;:&quot;&quot;,&quot;alttext&quot;:&quot;Instituto Dom Quixote participa do 07 de Setembro de Valen\\u00e7a e encanta o p\\u00fablico&quot;,&quot;thumbnailURL&quot;:&quot;https:\\\/\\\/portalv1.com.br\\\/app\\\/wp-content\\\/uploads\\\/2022\\\/09\\\/6d64c433-4f13-4d40-9d21-45dc325bd431-400x250.jpg&quot;,&quot;style&quot;:&quot;&quot;},{&quot;thumbcode&quot;:&quot;https:\\\/\\\/portalv1.com.br\\\/app\\\/wp-content\\\/uploads\\\/2022\\\/09\\\/7da16e11-6d5b-48f8-b45e-9df7ba03d37d-400x250.jpg&quot;,&quot;imageURL&quot;:&quot;https:\\\/\\\/portalv1.com.br\\\/app\\\/wp-content\\\/uploads\\\/2022\\\/09\\\/7da16e11-6d5b-48f8-b45e-9df7ba03d37d.jpg&quot;,&quot;pid&quot;:128097,&quot;galleryid&quot;:1,&quot;description&quot;:&quot;&quot;,&quot;alttext&quot;:&quot;Instituto Dom Quixote participa do 07 de Setembro de Valen\\u00e7a e encanta o p\\u00fablico&quot;,&quot;thumbnailURL&quot;:&quot;https:\\\/\\\/portalv1.com.br\\\/app\\\/wp-content\\\/uploads\\\/2022\\\/09\\\/7da16e11-6d5b-48f8-b45e-9df7ba03d37d-400x250.jpg&quot;,&quot;style&quot;:&quot;&quot;},{&quot;thumbcode&quot;:&quot;https:\\\/\\\/portalv1.com.br\\\/app\\\/wp-content\\\/uploads\\\/2022\\\/09\\\/8ae08d63-23d4-4e2f-b13c-db6491ec851b-400x250.jpg&quot;,&quot;imageURL&quot;:&quot;https:\\\/\\\/portalv1.com.br\\\/app\\\/wp-content\\\/uploads\\\/2022\\\/09\\\/8ae08d63-23d4-4e2f-b13c-db6491ec851b.jpg&quot;,&quot;pid&quot;:128098,&quot;galleryid&quot;:1,&quot;description&quot;:&quot;&quot;,&quot;alttext&quot;:&quot;Instituto Dom Quixote participa do 07 de Setembro de Valen\\u00e7a e encanta o p\\u00fablico&quot;,&quot;thumbnailURL&quot;:&quot;https:\\\/\\\/portalv1.com.br\\\/app\\\/wp-content\\\/uploads\\\/2022\\\/09\\\/8ae08d63-23d4-4e2f-b13c-db6491ec851b-400x250.jpg&quot;,&quot;style&quot;:&quot;&quot;},{&quot;thumbcode&quot;:&quot;https:\\\/\\\/portalv1.com.br\\\/app\\\/wp-content\\\/uploads\\\/2022\\\/09\\\/67e61b02-d48e-49f7-a937-6459a02300d6-400x250.jpg&quot;,&quot;imageURL&quot;:&quot;https:\\\/\\\/portalv1.com.br\\\/app\\\/wp-content\\\/uploads\\\/2022\\\/09\\\/67e61b02-d48e-49f7-a937-6459a02300d6.jpg&quot;,&quot;pid&quot;:128099,&quot;galleryid&quot;:1,&quot;description&quot;:&quot;&quot;,&quot;alttext&quot;:&quot;Instituto Dom Quixote participa do 07 de Setembro de Valen\\u00e7a e encanta o p\\u00fablico&quot;,&quot;thumbnailURL&quot;:&quot;https:\\\/\\\/portalv1.com.br\\\/app\\\/wp-content\\\/uploads\\\/2022\\\/09\\\/67e61b02-d48e-49f7-a937-6459a02300d6-400x250.jpg&quot;,&quot;style&quot;:&quot;&quot;},{&quot;thumbcode&quot;:&quot;https:\\\/\\\/portalv1.com.br\\\/app\\\/wp-content\\\/uploads\\\/2022\\\/09\\\/126f3467-1636-4092-aa1b-69c914986750-400x250.jpg&quot;,&quot;imageURL&quot;:&quot;https:\\\/\\\/portalv1.com.br\\\/app\\\/wp-content\\\/uploads\\\/2022\\\/09\\\/126f3467-1636-4092-aa1b-69c914986750.jpg&quot;,&quot;pid&quot;:128100,&quot;galleryid&quot;:1,&quot;description&quot;:&quot;&quot;,&quot;alttext&quot;:&quot;Instituto Dom Quixote participa do 07 de Setembro de Valen\\u00e7a e encanta o p\\u00fablico&quot;,&quot;thumbnailURL&quot;:&quot;https:\\\/\\\/portalv1.com.br\\\/app\\\/wp-content\\\/uploads\\\/2022\\\/09\\\/126f3467-1636-4092-aa1b-69c914986750-400x250.jpg&quot;,&quot;style&quot;:&quot;&quot;},{&quot;thumbcode&quot;:&quot;https:\\\/\\\/portalv1.com.br\\\/app\\\/wp-content\\\/uploads\\\/2022\\\/09\\\/469a2b71-e4b7-459b-a5a9-285de1e7c149-400x250.jpg&quot;,&quot;imageURL&quot;:&quot;https:\\\/\\\/portalv1.com.br\\\/app\\\/wp-content\\\/uploads\\\/2022\\\/09\\\/469a2b71-e4b7-459b-a5a9-285de1e7c149.jpg&quot;,&quot;pid&quot;:128101,&quot;galleryid&quot;:1,&quot;description&quot;:&quot;&quot;,&quot;alttext&quot;:&quot;Instituto Dom Quixote participa do 07 de Setembro de Valen\\u00e7a e encanta o p\\u00fablico&quot;,&quot;thumbnailURL&quot;:&quot;https:\\\/\\\/portalv1.com.br\\\/app\\\/wp-content\\\/uploads\\\/2022\\\/09\\\/469a2b71-e4b7-459b-a5a9-285de1e7c149-400x250.jpg&quot;,&quot;style&quot;:&quot;&quot;},{&quot;thumbcode&quot;:&quot;https:\\\/\\\/portalv1.com.br\\\/app\\\/wp-content\\\/uploads\\\/2022\\\/09\\\/878c18d1-7e09-4040-89f8-e1bdbfc03b98-400x250.jpg&quot;,&quot;imageURL&quot;:&quot;https:\\\/\\\/portalv1.com.br\\\/app\\\/wp-content\\\/uploads\\\/2022\\\/09\\\/878c18d1-7e09-4040-89f8-e1bdbfc03b98.jpg&quot;,&quot;pid&quot;:128102,&quot;galleryid&quot;:1,&quot;description&quot;:&quot;&quot;,&quot;alttext&quot;:&quot;Instituto Dom Quixote participa do 07 de Setembro de Valen\\u00e7a e encanta o p\\u00fablico&quot;,&quot;thumbnailURL&quot;:&quot;https:\\\/\\\/portalv1.com.br\\\/app\\\/wp-content\\\/uploads\\\/2022\\\/09\\\/878c18d1-7e09-4040-89f8-e1bdbfc03b98-400x250.jpg&quot;,&quot;style&quot;:&quot;&quot;},{&quot;thumbcode&quot;:&quot;https:\\\/\\\/portalv1.com.br\\\/app\\\/wp-content\\\/uploads\\\/2022\\\/09\\\/943b03dc-4c37-418c-9419-d14318c21146-400x250.jpg&quot;,&quot;imageURL&quot;:&quot;https:\\\/\\\/portalv1.com.br\\\/app\\\/wp-content\\\/uploads\\\/2022\\\/09\\\/943b03dc-4c37-418c-9419-d14318c21146.jpg&quot;,&quot;pid&quot;:128103,&quot;galleryid&quot;:1,&quot;description&quot;:&quot;&quot;,&quot;alttext&quot;:&quot;Instituto Dom Quixote participa do 07 de Setembro de Valen\\u00e7a e encanta o p\\u00fablico&quot;,&quot;thumbnailURL&quot;:&quot;https:\\\/\\\/portalv1.com.br\\\/app\\\/wp-content\\\/uploads\\\/2022\\\/09\\\/943b03dc-4c37-418c-9419-d14318c21146-400x250.jpg&quot;,&quot;style&quot;:&quot;&quot;},{&quot;thumbcode&quot;:&quot;https:\\\/\\\/portalv1.com.br\\\/app\\\/wp-content\\\/uploads\\\/2022\\\/09\\\/8065e059-c32b-4f50-9d9c-5431988a22c0-400x250.jpg&quot;,&quot;imageURL&quot;:&quot;https:\\\/\\\/portalv1.com.br\\\/app\\\/wp-content\\\/uploads\\\/2022\\\/09\\\/8065e059-c32b-4f50-9d9c-5431988a22c0.jpg&quot;,&quot;pid&quot;:128104,&quot;galleryid&quot;:1,&quot;description&quot;:&quot;&quot;,&quot;alttext&quot;:&quot;Instituto Dom Quixote participa do 07 de Setembro de Valen\\u00e7a e encanta o p\\u00fablico&quot;,&quot;thumbnailURL&quot;:&quot;https:\\\/\\\/portalv1.com.br\\\/app\\\/wp-content\\\/uploads\\\/2022\\\/09\\\/8065e059-c32b-4f50-9d9c-5431988a22c0-400x250.jpg&quot;,&quot;style&quot;:&quot;&quot;},{&quot;thumbcode&quot;:&quot;https:\\\/\\\/portalv1.com.br\\\/app\\\/wp-content\\\/uploads\\\/2022\\\/09\\\/88811ae2-d1b8-4fc4-b513-0f32f0073db2-400x250.jpg&quot;,&quot;imageURL&quot;:&quot;https:\\\/\\\/portalv1.com.br\\\/app\\\/wp-content\\\/uploads\\\/2022\\\/09\\\/88811ae2-d1b8-4fc4-b513-0f32f0073db2.jpg&quot;,&quot;pid&quot;:128105,&quot;galleryid&quot;:1,&quot;description&quot;:&quot;&quot;,&quot;alttext&quot;:&quot;Instituto Dom Quixote participa do 07 de Setembro de Valen\\u00e7a e encanta o p\\u00fablico&quot;,&quot;thumbnailURL&quot;:&quot;https:\\\/\\\/portalv1.com.br\\\/app\\\/wp-content\\\/uploads\\\/2022\\\/09\\\/88811ae2-d1b8-4fc4-b513-0f32f0073db2-400x250.jpg&quot;,&quot;style&quot;:&quot;&quot;},{&quot;thumbcode&quot;:&quot;https:\\\/\\\/portalv1.com.br\\\/app\\\/wp-content\\\/uploads\\\/2022\\\/09\\\/3138419a-0e91-476f-a365-26f36afd568a-400x250.jpg&quot;,&quot;imageURL&quot;:&quot;https:\\\/\\\/portalv1.com.br\\\/app\\\/wp-content\\\/uploads\\\/2022\\\/09\\\/3138419a-0e91-476f-a365-26f36afd568a.jpg&quot;,&quot;pid&quot;:128106,&quot;galleryid&quot;:1,&quot;description&quot;:&quot;&quot;,&quot;alttext&quot;:&quot;Instituto Dom Quixote participa do 07 de Setembro de Valen\\u00e7a e encanta o p\\u00fablico&quot;,&quot;thumbnailURL&quot;:&quot;https:\\\/\\\/portalv1.com.br\\\/app\\\/wp-content\\\/uploads\\\/2022\\\/09\\\/3138419a-0e91-476f-a365-26f36afd568a-400x250.jpg&quot;,&quot;style&quot;:&quot;&quot;},{&quot;thumbcode&quot;:&quot;https:\\\/\\\/portalv1.com.br\\\/app\\\/wp-content\\\/uploads\\\/2022\\\/09\\\/8881093c-b1cd-47e1-864e-b3f4d804ac4e-400x250.jpg&quot;,&quot;imageURL&quot;:&quot;https:\\\/\\\/portalv1.com.br\\\/app\\\/wp-content\\\/uploads\\\/2022\\\/09\\\/8881093c-b1cd-47e1-864e-b3f4d804ac4e.jpg&quot;,&quot;pid&quot;:128107,&quot;galleryid&quot;:1,&quot;description&quot;:&quot;&quot;,&quot;alttext&quot;:&quot;Instituto Dom Quixote participa do 07 de Setembro de Valen\\u00e7a e encanta o p\\u00fablico&quot;,&quot;thumbnailURL&quot;:&quot;https:\\\/\\\/portalv1.com.br\\\/app\\\/wp-content\\\/uploads\\\/2022\\\/09\\\/8881093c-b1cd-47e1-864e-b3f4d804ac4e-400x250.jpg&quot;,&quot;style&quot;:&quot;&quot;},{&quot;thumbcode&quot;:&quot;https:\\\/\\\/portalv1.com.br\\\/app\\\/wp-content\\\/uploads\\\/2022\\\/09\\\/17270684-c94d-439d-856b-808869292a0e-400x250.jpg&quot;,&quot;imageURL&quot;:&quot;https:\\\/\\\/portalv1.com.br\\\/app\\\/wp-content\\\/uploads\\\/2022\\\/09\\\/17270684-c94d-439d-856b-808869292a0e.jpg&quot;,&quot;pid&quot;:128108,&quot;galleryid&quot;:1,&quot;description&quot;:&quot;&quot;,&quot;alttext&quot;:&quot;Instituto Dom Quixote participa do 07 de Setembro de Valen\\u00e7a e encanta o p\\u00fablico&quot;,&quot;thumbnailURL&quot;:&quot;https:\\\/\\\/portalv1.com.br\\\/app\\\/wp-content\\\/uploads\\\/2022\\\/09\\\/17270684-c94d-439d-856b-808869292a0e-400x250.jpg&quot;,&quot;style&quot;:&quot;&quot;},{&quot;thumbcode&quot;:&quot;https:\\\/\\\/portalv1.com.br\\\/app\\\/wp-content\\\/uploads\\\/2022\\\/09\\\/a4723633-1f89-453f-8c40-860172c0d500-400x250.jpg&quot;,&quot;imageURL&quot;:&quot;https:\\\/\\\/portalv1.com.br\\\/app\\\/wp-content\\\/uploads\\\/2022\\\/09\\\/a4723633-1f89-453f-8c40-860172c0d500.jpg&quot;,&quot;pid&quot;:128109,&quot;galleryid&quot;:1,&quot;description&quot;:&quot;&quot;,&quot;alttext&quot;:&quot;Instituto Dom Quixote participa do 07 de Setembro de Valen\\u00e7a e encanta o p\\u00fablico&quot;,&quot;thumbnailURL&quot;:&quot;https:\\\/\\\/portalv1.com.br\\\/app\\\/wp-content\\\/uploads\\\/2022\\\/09\\\/a4723633-1f89-453f-8c40-860172c0d500-400x250.jpg&quot;,&quot;style&quot;:&quot;&quot;},{&quot;thumbcode&quot;:&quot;https:\\\/\\\/portalv1.com.br\\\/app\\\/wp-content\\\/uploads\\\/2022\\\/09\\\/b28de199-0eec-4b12-b2c7-3635ca4417d4-400x250.jpg&quot;,&quot;imageURL&quot;:&quot;https:\\\/\\\/portalv1.com.br\\\/app\\\/wp-content\\\/uploads\\\/2022\\\/09\\\/b28de199-0eec-4b12-b2c7-3635ca4417d4.jpg&quot;,&quot;pid&quot;:128110,&quot;galleryid&quot;:1,&quot;description&quot;:&quot;&quot;,&quot;alttext&quot;:&quot;Instituto Dom Quixote participa do 07 de Setembro de Valen\\u00e7a e encanta o p\\u00fablico&quot;,&quot;thumbnailURL&quot;:&quot;https:\\\/\\\/portalv1.com.br\\\/app\\\/wp-content\\\/uploads\\\/2022\\\/09\\\/b28de199-0eec-4b12-b2c7-3635ca4417d4-400x250.jpg&quot;,&quot;style&quot;:&quot;&quot;},{&quot;thumbcode&quot;:&quot;https:\\\/\\\/portalv1.com.br\\\/app\\\/wp-content\\\/uploads\\\/2022\\\/09\\\/b23314e7-3bee-4be0-adc4-73faed4917cc-400x250.jpg&quot;,&quot;imageURL&quot;:&quot;https:\\\/\\\/portalv1.com.br\\\/app\\\/wp-content\\\/uploads\\\/2022\\\/09\\\/b23314e7-3bee-4be0-adc4-73faed4917cc.jpg&quot;,&quot;pid&quot;:128111,&quot;galleryid&quot;:1,&quot;description&quot;:&quot;&quot;,&quot;alttext&quot;:&quot;Instituto Dom Quixote participa do 07 de Setembro de Valen\\u00e7a e encanta o p\\u00fablico&quot;,&quot;thumbnailURL&quot;:&quot;https:\\\/\\\/portalv1.com.br\\\/app\\\/wp-content\\\/uploads\\\/2022\\\/09\\\/b23314e7-3bee-4be0-adc4-73faed4917cc-400x250.jpg&quot;,&quot;style&quot;:&quot;&quot;},{&quot;thumbcode&quot;:&quot;https:\\\/\\\/portalv1.com.br\\\/app\\\/wp-content\\\/uploads\\\/2022\\\/09\\\/bebe7cf1-428d-441a-9218-1f12d4d2b921-400x250.jpg&quot;,&quot;imageURL&quot;:&quot;https:\\\/\\\/portalv1.com.br\\\/app\\\/wp-content\\\/uploads\\\/2022\\\/09\\\/bebe7cf1-428d-441a-9218-1f12d4d2b921.jpg&quot;,&quot;pid&quot;:128112,&quot;galleryid&quot;:1,&quot;description&quot;:&quot;&quot;,&quot;alttext&quot;:&quot;Instituto Dom Quixote participa do 07 de Setembro de Valen\\u00e7a e encanta o p\\u00fablico&quot;,&quot;thumbnailURL&quot;:&quot;https:\\\/\\\/portalv1.com.br\\\/app\\\/wp-content\\\/uploads\\\/2022\\\/09\\\/bebe7cf1-428d-441a-9218-1f12d4d2b921-400x250.jpg&quot;,&quot;style&quot;:&quot;&quot;},{&quot;thumbcode&quot;:&quot;https:\\\/\\\/portalv1.com.br\\\/app\\\/wp-content\\\/uploads\\\/2022\\\/09\\\/c2ac3963-e776-4da5-a861-cd5252280ce3-400x250.jpg&quot;,&quot;imageURL&quot;:&quot;https:\\\/\\\/portalv1.com.br\\\/app\\\/wp-content\\\/uploads\\\/2022\\\/09\\\/c2ac3963-e776-4da5-a861-cd5252280ce3.jpg&quot;,&quot;pid&quot;:128113,&quot;galleryid&quot;:1,&quot;description&quot;:&quot;&quot;,&quot;alttext&quot;:&quot;Instituto Dom Quixote participa do 07 de Setembro de Valen\\u00e7a e encanta o p\\u00fablico&quot;,&quot;thumbnailURL&quot;:&quot;https:\\\/\\\/portalv1.com.br\\\/app\\\/wp-content\\\/uploads\\\/2022\\\/09\\\/c2ac3963-e776-4da5-a861-cd5252280ce3-400x250.jpg&quot;,&quot;style&quot;:&quot;&quot;},{&quot;thumbcode&quot;:&quot;https:\\\/\\\/portalv1.com.br\\\/app\\\/wp-content\\\/uploads\\\/2022\\\/09\\\/c7832b4d-4ebc-4d09-ae3c-85ea33d9dfed-400x250.jpg&quot;,&quot;imageURL&quot;:&quot;https:\\\/\\\/portalv1.com.br\\\/app\\\/wp-content\\\/uploads\\\/2022\\\/09\\\/c7832b4d-4ebc-4d09-ae3c-85ea33d9dfed.jpg&quot;,&quot;pid&quot;:128114,&quot;galleryid&quot;:1,&quot;description&quot;:&quot;&quot;,&quot;alttext&quot;:&quot;Instituto Dom Quixote participa do 07 de Setembro de Valen\\u00e7a e encanta o p\\u00fablico&quot;,&quot;thumbnailURL&quot;:&quot;https:\\\/\\\/portalv1.com.br\\\/app\\\/wp-content\\\/uploads\\\/2022\\\/09\\\/c7832b4d-4ebc-4d09-ae3c-85ea33d9dfed-400x250.jpg&quot;,&quot;style&quot;:&quot;&quot;},{&quot;thumbcode&quot;:&quot;https:\\\/\\\/portalv1.com.br\\\/app\\\/wp-content\\\/uploads\\\/2022\\\/09\\\/cd9bd2e7-6f76-4e96-a79f-0a42349e6cd0-400x250.jpg&quot;,&quot;imageURL&quot;:&quot;https:\\\/\\\/portalv1.com.br\\\/app\\\/wp-content\\\/uploads\\\/2022\\\/09\\\/cd9bd2e7-6f76-4e96-a79f-0a42349e6cd0.jpg&quot;,&quot;pid&quot;:128115,&quot;galleryid&quot;:1,&quot;description&quot;:&quot;&quot;,&quot;alttext&quot;:&quot;Instituto Dom Quixote participa do 07 de Setembro de Valen\\u00e7a e encanta o p\\u00fablico&quot;,&quot;thumbnailURL&quot;:&quot;https:\\\/\\\/portalv1.com.br\\\/app\\\/wp-content\\\/uploads\\\/2022\\\/09\\\/cd9bd2e7-6f76-4e96-a79f-0a42349e6cd0-400x250.jpg&quot;,&quot;style&quot;:&quot;&quot;},{&quot;thumbcode&quot;:&quot;https:\\\/\\\/portalv1.com.br\\\/app\\\/wp-content\\\/uploads\\\/2022\\\/09\\\/d9c4c1d2-faa3-49b1-9936-965ec89af4d9-400x250.jpg&quot;,&quot;imageURL&quot;:&quot;https:\\\/\\\/portalv1.com.br\\\/app\\\/wp-content\\\/uploads\\\/2022\\\/09\\\/d9c4c1d2-faa3-49b1-9936-965ec89af4d9.jpg&quot;,&quot;pid&quot;:128116,&quot;galleryid&quot;:1,&quot;description&quot;:&quot;&quot;,&quot;alttext&quot;:&quot;Instituto Dom Quixote participa do 07 de Setembro de Valen\\u00e7a e encanta o p\\u00fablico&quot;,&quot;thumbnailURL&quot;:&quot;https:\\\/\\\/portalv1.com.br\\\/app\\\/wp-content\\\/uploads\\\/2022\\\/09\\\/d9c4c1d2-faa3-49b1-9936-965ec89af4d9-400x250.jpg&quot;,&quot;style&quot;:&quot;&quot;},{&quot;thumbcode&quot;:&quot;https:\\\/\\\/portalv1.com.br\\\/app\\\/wp-content\\\/uploads\\\/2022\\\/09\\\/d69f694f-d251-4dca-9e31-11f2b1b47b43-400x250.jpg&quot;,&quot;imageURL&quot;:&quot;https:\\\/\\\/portalv1.com.br\\\/app\\\/wp-content\\\/uploads\\\/2022\\\/09\\\/d69f694f-d251-4dca-9e31-11f2b1b47b43.jpg&quot;,&quot;pid&quot;:128117,&quot;galleryid&quot;:1,&quot;description&quot;:&quot;&quot;,&quot;alttext&quot;:&quot;Instituto Dom Quixote participa do 07 de Setembro de Valen\\u00e7a e encanta o p\\u00fablico&quot;,&quot;thumbnailURL&quot;:&quot;https:\\\/\\\/portalv1.com.br\\\/app\\\/wp-content\\\/uploads\\\/2022\\\/09\\\/d69f694f-d251-4dca-9e31-11f2b1b47b43-400x250.jpg&quot;,&quot;style&quot;:&quot;&quot;},{&quot;thumbcode&quot;:&quot;https:\\\/\\\/portalv1.com.br\\\/app\\\/wp-content\\\/uploads\\\/2022\\\/09\\\/dbe660f4-9b29-482e-9413-84520ed891ab-400x250.jpg&quot;,&quot;imageURL&quot;:&quot;https:\\\/\\\/portalv1.com.br\\\/app\\\/wp-content\\\/uploads\\\/2022\\\/09\\\/dbe660f4-9b29-482e-9413-84520ed891ab.jpg&quot;,&quot;pid&quot;:128118,&quot;galleryid&quot;:1,&quot;description&quot;:&quot;&quot;,&quot;alttext&quot;:&quot;Instituto Dom Quixote participa do 07 de Setembro de Valen\\u00e7a e encanta o p\\u00fablico&quot;,&quot;thumbnailURL&quot;:&quot;https:\\\/\\\/portalv1.com.br\\\/app\\\/wp-content\\\/uploads\\\/2022\\\/09\\\/dbe660f4-9b29-482e-9413-84520ed891ab-400x250.jpg&quot;,&quot;style&quot;:&quot;&quot;},{&quot;thumbcode&quot;:&quot;https:\\\/\\\/portalv1.com.br\\\/app\\\/wp-content\\\/uploads\\\/2022\\\/09\\\/dc7b885f-2e98-49e4-a321-49eceade52f2-400x250.jpg&quot;,&quot;imageURL&quot;:&quot;https:\\\/\\\/portalv1.com.br\\\/app\\\/wp-content\\\/uploads\\\/2022\\\/09\\\/dc7b885f-2e98-49e4-a321-49eceade52f2.jpg&quot;,&quot;pid&quot;:128119,&quot;galleryid&quot;:1,&quot;description&quot;:&quot;&quot;,&quot;alttext&quot;:&quot;Instituto Dom Quixote participa do 07 de Setembro de Valen\\u00e7a e encanta o p\\u00fablico&quot;,&quot;thumbnailURL&quot;:&quot;https:\\\/\\\/portalv1.com.br\\\/app\\\/wp-content\\\/uploads\\\/2022\\\/09\\\/dc7b885f-2e98-49e4-a321-49eceade52f2-400x250.jpg&quot;,&quot;style&quot;:&quot;&quot;},{&quot;thumbcode&quot;:&quot;https:\\\/\\\/portalv1.com.br\\\/app\\\/wp-content\\\/uploads\\\/2022\\\/09\\\/dffe3474-2d78-48c9-b47a-f56c98bb9388-400x250.jpg&quot;,&quot;imageURL&quot;:&quot;https:\\\/\\\/portalv1.com.br\\\/app\\\/wp-content\\\/uploads\\\/2022\\\/09\\\/dffe3474-2d78-48c9-b47a-f56c98bb9388.jpg&quot;,&quot;pid&quot;:128120,&quot;galleryid&quot;:1,&quot;description&quot;:&quot;&quot;,&quot;alttext&quot;:&quot;Instituto Dom Quixote participa do 07 de Setembro de Valen\\u00e7a e encanta o p\\u00fablico&quot;,&quot;thumbnailURL&quot;:&quot;https:\\\/\\\/portalv1.com.br\\\/app\\\/wp-content\\\/uploads\\\/2022\\\/09\\\/dffe3474-2d78-48c9-b47a-f56c98bb9388-400x250.jpg&quot;,&quot;style&quot;:&quot;&quot;},{&quot;thumbcode&quot;:&quot;https:\\\/\\\/portalv1.com.br\\\/app\\\/wp-content\\\/uploads\\\/2022\\\/09\\\/e1bce544-71d6-4842-a250-daacaf809eb4-400x250.jpg&quot;,&quot;imageURL&quot;:&quot;https:\\\/\\\/portalv1.com.br\\\/app\\\/wp-content\\\/uploads\\\/2022\\\/09\\\/e1bce544-71d6-4842-a250-daacaf809eb4.jpg&quot;,&quot;pid&quot;:128121,&quot;galleryid&quot;:1,&quot;description&quot;:&quot;&quot;,&quot;alttext&quot;:&quot;Instituto Dom Quixote participa do 07 de Setembro de Valen\\u00e7a e encanta o p\\u00fablico&quot;,&quot;thumbnailURL&quot;:&quot;https:\\\/\\\/portalv1.com.br\\\/app\\\/wp-content\\\/uploads\\\/2022\\\/09\\\/e1bce544-71d6-4842-a250-daacaf809eb4-400x250.jpg&quot;,&quot;style&quot;:&quot;&quot;},{&quot;thumbcode&quot;:&quot;https:\\\/\\\/portalv1.com.br\\\/app\\\/wp-content\\\/uploads\\\/2022\\\/09\\\/eedbae05-44d5-4213-b03e-d925404429ff-400x250.jpg&quot;,&quot;imageURL&quot;:&quot;https:\\\/\\\/portalv1.com.br\\\/app\\\/wp-content\\\/uploads\\\/2022\\\/09\\\/eedbae05-44d5-4213-b03e-d925404429ff.jpg&quot;,&quot;pid&quot;:128122,&quot;galleryid&quot;:1,&quot;description&quot;:&quot;&quot;,&quot;alttext&quot;:&quot;Instituto Dom Quixote participa do 07 de Setembro de Valen\\u00e7a e encanta o p\\u00fablico&quot;,&quot;thumbnailURL&quot;:&quot;https:\\\/\\\/portalv1.com.br\\\/app\\\/wp-content\\\/uploads\\\/2022\\\/09\\\/eedbae05-44d5-4213-b03e-d925404429ff-400x250.jpg&quot;,&quot;style&quot;:&quot;&quot;},{&quot;thumbcode&quot;:&quot;https:\\\/\\\/portalv1.com.br\\\/app\\\/wp-content\\\/uploads\\\/2022\\\/09\\\/f2614301-de02-47cc-888a-e142628f06ed-400x250.jpg&quot;,&quot;imageURL&quot;:&quot;https:\\\/\\\/portalv1.com.br\\\/app\\\/wp-content\\\/uploads\\\/2022\\\/09\\\/f2614301-de02-47cc-888a-e142628f06ed.jpg&quot;,&quot;pid&quot;:128123,&quot;galleryid&quot;:1,&quot;description&quot;:&quot;&quot;,&quot;alttext&quot;:&quot;Instituto Dom Quixote participa do 07 de Setembro de Valen\\u00e7a e encanta o p\\u00fablico&quot;,&quot;thumbnailURL&quot;:&quot;https:\\\/\\\/portalv1.com.br\\\/app\\\/wp-content\\\/uploads\\\/2022\\\/09\\\/f2614301-de02-47cc-888a-e142628f06ed-400x250.jpg&quot;,&quot;style&quot;:&quot;&quot;}]}}\"><\/div>\n                  <\/div>\n<p>Fotos: Laura Martins (ASCOM)&nbsp;<\/p>\n","protected":false},"excerpt":{"rendered":"<p>O Instituto Dom Quixote de Valen\u00e7a do Piau\u00ed, participou do desfile c\u00edvico em comemora\u00e7\u00e3o \u00e0 Independ\u00eancia do Brasil, data celebrada em todo o pa\u00eds. O col\u00e9gio trouxe como tema de&#8230;<\/p>\n","protected":false},"author":1,"featured_media":128107,"comment_status":"open","ping_status":"open","sticky":false,"template":"","format":"standard","meta":{"ngg_post_thumbnail":0,"footnotes":""},"categories":[243],"tags":[],"class_list":["post-128089","post","type-post","status-publish","format-standard","has-post-thumbnail","hentry","category-geral"],"views":1210,"meta_data":{"thumb":"https:\/\/portalv1.com.br\/app\/wp-content\/uploads\/2022\/09\/8881093c-b1cd-47e1-864e-b3f4d804ac4e.jpg","imagem":{"fullsize":{"url":"https:\/\/portalv1.com.br\/app\/wp-content\/uploads\/2022\/09\/8881093c-b1cd-47e1-864e-b3f4d804ac4e.jpg","width":1024,"height":683},"medium":{"url":"https:\/\/portalv1.com.br\/app\/wp-content\/uploads\/2022\/09\/8881093c-b1cd-47e1-864e-b3f4d804ac4e-300x200.jpg","width":300,"height":200},"large":{"url":"https:\/\/portalv1.com.br\/app\/wp-content\/uploads\/2022\/09\/8881093c-b1cd-47e1-864e-b3f4d804ac4e-640x427.jpg","width":640,"height":427},"thumbnail":{"url":"https:\/\/portalv1.com.br\/app\/wp-content\/uploads\/2022\/09\/8881093c-b1cd-47e1-864e-b3f4d804ac4e-100x100.jpg","width":100,"height":100},"medium_large":{"url":"https:\/\/portalv1.com.br\/app\/wp-content\/uploads\/2022\/09\/8881093c-b1cd-47e1-864e-b3f4d804ac4e-768x512.jpg","width":768,"height":512}},"data":{"simple":"08\/09\/2022","date_time":"08\/09\/2022 09:00:37","date":"h\u00e1 4 anos"},"chapeu":"Veja detalhes ","source":"slide"},"_links":{"self":[{"href":"https:\/\/portalv1.com.br\/api\/wp\/v2\/posts\/128089","targetHints":{"allow":["GET"]}}],"collection":[{"href":"https:\/\/portalv1.com.br\/api\/wp\/v2\/posts"}],"about":[{"href":"https:\/\/portalv1.com.br\/api\/wp\/v2\/types\/post"}],"author":[{"embeddable":true,"href":"https:\/\/portalv1.com.br\/api\/wp\/v2\/users\/1"}],"replies":[{"embeddable":true,"href":"https:\/\/portalv1.com.br\/api\/wp\/v2\/comments?post=128089"}],"version-history":[{"count":0,"href":"https:\/\/portalv1.com.br\/api\/wp\/v2\/posts\/128089\/revisions"}],"wp:featuredmedia":[{"embeddable":true,"href":"https:\/\/portalv1.com.br\/api\/wp\/v2\/media\/128107"}],"wp:attachment":[{"href":"https:\/\/portalv1.com.br\/api\/wp\/v2\/media?parent=128089"}],"wp:term":[{"taxonomy":"category","embeddable":true,"href":"https:\/\/portalv1.com.br\/api\/wp\/v2\/categories?post=128089"},{"taxonomy":"post_tag","embeddable":true,"href":"https:\/\/portalv1.com.br\/api\/wp\/v2\/tags?post=128089"}],"curies":[{"name":"wp","href":"https:\/\/api.w.org\/{rel}","templated":true}]}}