{"id":12836,"date":"2012-03-24T10:12:52","date_gmt":"2012-03-24T13:12:52","guid":{"rendered":"https:\/\/portalv1.com.br\/?p=12836"},"modified":"2012-03-26T16:08:31","modified_gmt":"2012-03-26T19:08:31","slug":"prefeito-usa-entrevista-para-agredir-reporter-e-adversarios-politicos","status":"publish","type":"post","link":"https:\/\/portalv1.com.br\/prefeito-usa-entrevista-para-agredir-reporter-e-adversarios-politicos\/","title":{"rendered":"Prefeito usa entrevista para agredir rep\u00f3rter e advers\u00e1rios politicos"},"content":{"rendered":"<figure id=\"attachment_11994\" aria-describedby=\"caption-attachment-11994\" style=\"width: 300px\" class=\"wp-caption alignright\"><a href=\"https:\/\/portalv1.com.br\/app\/wp-content\/uploads\/2012\/01\/alcantaraentrevista2.jpg\"><img loading=\"lazy\" decoding=\"async\" class=\"size-full wp-image-11994\" title=\"alcantaraentrevista\" src=\"https:\/\/portalv1.com.br\/app\/wp-content\/uploads\/2012\/01\/alcantaraentrevista2.jpg\" alt=\"\" width=\"300\" height=\"183\" \/><\/a><figcaption id=\"caption-attachment-11994\" class=\"wp-caption-text\">prefeito Alc\u00e2ntara<\/figcaption><\/figure>\n<p>O prefeito Alc\u00e2ntara nos \u00faltimos meses vem agredindo sistematicamente nos microfones da radio da fam\u00edlia a linha jornal\u00edstica do portalv1, \u00fanico meio de comunica\u00e7\u00e3o local isento das benesses da prefeitura municipal. O prefeito tem agredido inclusive com cita\u00e7\u00f5es nominais ao rep\u00f3rter S\u00e9rgio Alves, que o acusa de pertencer ao lado negro da for\u00e7a.<\/p>\n<p>Nessa serie de acusa\u00e7\u00f5es, o prefeito inclui ainda o presidente do PMDB Rubens Alencar a quem \u00e9 imputada toda a culpa, caso uma obra do governo n\u00e3o d\u00ea certo por quest\u00f5es de burocracia ou pela falta de projetos, mesmo o governador sendo do mesmo partido do prefeito e como foi dito essa semana repetidas vezes (pelo o menos at\u00e9 antes da n\u00e3o vinda do governador) que existe uma perfeita sintonia entre os dois governos.<\/p>\n<p>N\u00e3o ser\u00e1 novidade se na segunda-feira (26) a n\u00e3o vinda do governador e a chuva que caiu antes das inaugura\u00e7\u00f5es seja atribu\u00edda ao radialista e ao presidente do PMDB. O ultimo episodio contra o radialista do portalv1 foi pela mat\u00e9ria que chamou a aten\u00e7\u00e3o pela exclus\u00e3o do ex-prefeito Jarbas Matias das entrevistas feitas pela emissora da fam\u00edlia do prefeito.<\/p>\n<p>O ex-prefeito n\u00e3o foi convidado e nem teve a chance de anunciar que n\u00e3o era pr\u00e9-candidato ou muito menos \u00e0 emissora informou os motivos de n\u00e3o o ter convidado. Seria interessante se n\u00e3o inteligente ter colocado o ex-prefeito na quinta-feira anunciando sua desist\u00eancia em nome do sobrinho do prefeito que apesar de todos os espa\u00e7os no governo n\u00e3o consegue deslanchar nas pesquisas eleitorais.<\/p>\n<p>O objetivo da observa\u00e7\u00e3o feita pelo portalv1 visava esclarecer os coment\u00e1rios dos bastidores pol\u00edticos de que a entrevista do ex-prefeito iria esvaziar a pr\u00e9-candidatura da fam\u00edlia. \u00a0Na mesma entrevista, o prefeito insinuou que o problema pelo n\u00e3o inicio das obras do Instituto Federal teria a interfer\u00eancia de pol\u00edticos da oposi\u00e7\u00e3o, que segundo o mesmo n\u00e3o querem o bem da cidade, mesmo tendo sido o grupo da oposi\u00e7\u00e3o que pediu ao senador Jo\u00e3o Vicente Claudino que indicasse o Instituto Federal para a nossa cidade. Em respeito aos internautas n\u00e3o iremos colocar as agress\u00f5es do prefeito no ar. No entanto ser\u00e1 enviada ao Sindicato dos radialistas e ao setor de Radio Comunit\u00e1ria do Minist\u00e9rio da Comunica\u00e7\u00e3o.<\/p>\n","protected":false},"excerpt":{"rendered":"<p>O prefeito Alc\u00e2ntara nos \u00faltimos meses vem agredindo sistematicamente nos microfones da radio da fam\u00edlia a linha jornal\u00edstica do portalv1, \u00fanico meio de comunica\u00e7\u00e3o local isento das benesses da prefeitura&#8230;<\/p>\n","protected":false},"author":1,"featured_media":11994,"comment_status":"open","ping_status":"open","sticky":false,"template":"","format":"standard","meta":{"ngg_post_thumbnail":0,"footnotes":""},"categories":[243],"tags":[],"class_list":["post-12836","post","type-post","status-publish","format-standard","has-post-thumbnail","hentry","category-geral"],"views":1055,"meta_data":{"thumb":"https:\/\/portalv1.com.br\/app\/wp-content\/uploads\/2012\/01\/alcantaraentrevista2.jpg","imagem":{"fullsize":{"url":"https:\/\/portalv1.com.br\/app\/wp-content\/uploads\/2012\/01\/alcantaraentrevista2.jpg","width":"300","height":"183"},"thumbnail":{"url":"https:\/\/portalv1.com.br\/app\/wp-content\/uploads\/2012\/01\/alcantaraentrevista2-100x100.jpg","width":"100","height":"100"},"post-thumbnail":{"url":"https:\/\/portalv1.com.br\/app\/wp-content\/uploads\/2012\/01\/alcantaraentrevista2-100x100.jpg","width":"100","height":"100"},"tecnologia":{"url":"https:\/\/portalv1.com.br\/app\/wp-content\/uploads\/2012\/01\/alcantaraentrevista2-230x136.jpg","width":"230","height":"136"}},"data":{"simple":"24\/03\/2012","date_time":"24\/03\/2012 07:12:52","date":"h\u00e1 14 anos"},"chapeu":"","source":""},"_links":{"self":[{"href":"https:\/\/portalv1.com.br\/api\/wp\/v2\/posts\/12836","targetHints":{"allow":["GET"]}}],"collection":[{"href":"https:\/\/portalv1.com.br\/api\/wp\/v2\/posts"}],"about":[{"href":"https:\/\/portalv1.com.br\/api\/wp\/v2\/types\/post"}],"author":[{"embeddable":true,"href":"https:\/\/portalv1.com.br\/api\/wp\/v2\/users\/1"}],"replies":[{"embeddable":true,"href":"https:\/\/portalv1.com.br\/api\/wp\/v2\/comments?post=12836"}],"version-history":[{"count":0,"href":"https:\/\/portalv1.com.br\/api\/wp\/v2\/posts\/12836\/revisions"}],"wp:featuredmedia":[{"embeddable":true,"href":"https:\/\/portalv1.com.br\/api\/wp\/v2\/media\/11994"}],"wp:attachment":[{"href":"https:\/\/portalv1.com.br\/api\/wp\/v2\/media?parent=12836"}],"wp:term":[{"taxonomy":"category","embeddable":true,"href":"https:\/\/portalv1.com.br\/api\/wp\/v2\/categories?post=12836"},{"taxonomy":"post_tag","embeddable":true,"href":"https:\/\/portalv1.com.br\/api\/wp\/v2\/tags?post=12836"}],"curies":[{"name":"wp","href":"https:\/\/api.w.org\/{rel}","templated":true}]}}