{"id":12852,"date":"2012-03-27T10:01:57","date_gmt":"2012-03-27T13:01:57","guid":{"rendered":"https:\/\/portalv1.com.br\/?p=12852"},"modified":"2012-03-29T09:28:23","modified_gmt":"2012-03-29T12:28:23","slug":"vereador-aprova-mocao-de-repudio-contra-delegado-de-pimenteiras","status":"publish","type":"post","link":"https:\/\/portalv1.com.br\/vereador-aprova-mocao-de-repudio-contra-delegado-de-pimenteiras\/","title":{"rendered":"Vereador aprova Mo\u00e7\u00e3o de Repudio contra delegado de Pimenteiras"},"content":{"rendered":"<figure id=\"attachment_8303\" aria-describedby=\"caption-attachment-8303\" style=\"width: 300px\" class=\"wp-caption alignright\"><a href=\"https:\/\/portalv1.com.br\/app\/wp-content\/uploads\/2011\/05\/Valdefran-Vieira.jpg\"><img loading=\"lazy\" decoding=\"async\" class=\"size-full wp-image-8303\" title=\"Valdefran Vieira\" src=\"https:\/\/portalv1.com.br\/app\/wp-content\/uploads\/2011\/05\/Valdefran-Vieira.jpg\" alt=\"\" width=\"300\" height=\"183\" \/><\/a><figcaption id=\"caption-attachment-8303\" class=\"wp-caption-text\">Vereador Valdefran Vieira<\/figcaption><\/figure>\n<p>A C\u00e2mara de Valen\u00e7a aprovou por unanimidade na sess\u00e3o desta segunda-feira (27), Mo\u00e7\u00e3o de Repudio proposta pelo vereador Valdefran Vieira (PSD) contra o comandante do Grupamento da Policia Militar (GPM) de Pimenteiras sargento Jo\u00e3o da Cruz. Valdefran Vieira justificou seu repudio por ter presenciado neste final de semana na cidade de Pimenteiras uma abordagem feita pelo militar aos carros e pessoas que se encontravam nos bares da cidade que fica a 42km de Valen\u00e7a.<\/p>\n<p>O vereador que tamb\u00e9m foi abordado disse que j\u00e1 passou por diversas abordagens em Teresina e em outros estados, no entanto sempre com um padr\u00e3o de respeito e nunca de forma t\u00e3o anti-social como aconteceu em Pimenteiras nesse final de semana.<\/p>\n<p>Ele relatou que na mo\u00e7\u00e3o a abordagem foi brutal e grosseira e que na hora o comandante estava de arma empunhada tratando a todos como se fossem bandidos. Na mo\u00e7\u00e3o de repudio o vereador pediu que fosse enviada uma copia para o prefeito de Pimenteiras, presidente da c\u00e2mara e para a delegacia de policia. O GPM de Pimenteiras \u00e9 subordinado ao comando de Valen\u00e7a do Piau\u00ed.<\/p>\n<p>O comandante da 2\u00aa CIA de Policia Militar capit\u00e3o Ant\u00f4nio Santos informou que logo que chegue a denuncia ao comando ele ir\u00e1 averiguar a a\u00e7\u00e3o.<\/p>\n","protected":false},"excerpt":{"rendered":"<p>A C\u00e2mara de Valen\u00e7a aprovou por unanimidade na sess\u00e3o desta segunda-feira (27), Mo\u00e7\u00e3o de Repudio proposta pelo vereador Valdefran Vieira (PSD) contra o comandante do Grupamento da Policia Militar (GPM)&#8230;<\/p>\n","protected":false},"author":1,"featured_media":8303,"comment_status":"open","ping_status":"open","sticky":false,"template":"","format":"standard","meta":{"ngg_post_thumbnail":0,"footnotes":""},"categories":[12],"tags":[],"class_list":["post-12852","post","type-post","status-publish","format-standard","has-post-thumbnail","hentry","category-valenca-news"],"views":1718,"meta_data":{"thumb":"https:\/\/portalv1.com.br\/app\/wp-content\/uploads\/2011\/05\/Valdefran-Vieira.jpg","imagem":{"fullsize":{"url":"https:\/\/portalv1.com.br\/app\/wp-content\/uploads\/2011\/05\/Valdefran-Vieira.jpg","width":"300","height":"183"},"thumbnail":{"url":"https:\/\/portalv1.com.br\/app\/wp-content\/uploads\/2011\/05\/Valdefran-Vieira-150x150.jpg","width":"150","height":"150"}},"data":{"simple":"27\/03\/2012","date_time":"27\/03\/2012 07:01:57","date":"h\u00e1 14 anos"},"chapeu":"","source":""},"_links":{"self":[{"href":"https:\/\/portalv1.com.br\/api\/wp\/v2\/posts\/12852","targetHints":{"allow":["GET"]}}],"collection":[{"href":"https:\/\/portalv1.com.br\/api\/wp\/v2\/posts"}],"about":[{"href":"https:\/\/portalv1.com.br\/api\/wp\/v2\/types\/post"}],"author":[{"embeddable":true,"href":"https:\/\/portalv1.com.br\/api\/wp\/v2\/users\/1"}],"replies":[{"embeddable":true,"href":"https:\/\/portalv1.com.br\/api\/wp\/v2\/comments?post=12852"}],"version-history":[{"count":0,"href":"https:\/\/portalv1.com.br\/api\/wp\/v2\/posts\/12852\/revisions"}],"wp:featuredmedia":[{"embeddable":true,"href":"https:\/\/portalv1.com.br\/api\/wp\/v2\/media\/8303"}],"wp:attachment":[{"href":"https:\/\/portalv1.com.br\/api\/wp\/v2\/media?parent=12852"}],"wp:term":[{"taxonomy":"category","embeddable":true,"href":"https:\/\/portalv1.com.br\/api\/wp\/v2\/categories?post=12852"},{"taxonomy":"post_tag","embeddable":true,"href":"https:\/\/portalv1.com.br\/api\/wp\/v2\/tags?post=12852"}],"curies":[{"name":"wp","href":"https:\/\/api.w.org\/{rel}","templated":true}]}}