{"id":12855,"date":"2012-03-28T09:14:54","date_gmt":"2012-03-28T12:14:54","guid":{"rendered":"https:\/\/portalv1.com.br\/?p=12855"},"modified":"2012-03-29T22:26:50","modified_gmt":"2012-03-30T01:26:50","slug":"presidenta-pede-agilidade-em-projeto-dos-agentes-de-saude","status":"publish","type":"post","link":"https:\/\/portalv1.com.br\/presidenta-pede-agilidade-em-projeto-dos-agentes-de-saude\/","title":{"rendered":"Ielva Mel\u00e3o pede agilidade em projeto dos agentes de sa\u00fade"},"content":{"rendered":"<figure id=\"attachment_9521\" aria-describedby=\"caption-attachment-9521\" style=\"width: 300px\" class=\"wp-caption alignright\"><a href=\"https:\/\/portalv1.com.br\/app\/wp-content\/uploads\/2011\/07\/ielvatri.jpg\"><img loading=\"lazy\" decoding=\"async\" class=\"size-full wp-image-9521\" title=\"ielvatri\" src=\"https:\/\/portalv1.com.br\/app\/wp-content\/uploads\/2011\/07\/ielvatri.jpg\" alt=\"\" width=\"300\" height=\"183\" \/><\/a><figcaption id=\"caption-attachment-9521\" class=\"wp-caption-text\">Presidenta Ielva Mel\u00e3o na tribuna da c\u00e2mara de vereadores<\/figcaption><\/figure>\n<p>Ielva Mel\u00e3o presidenta da c\u00e2mara de vereadores solicitou da prefeitura municipal, que agilize a implanta\u00e7\u00e3o nos contracheques dos agentes comunit\u00e1rios de sa\u00fade, o incentivo financeiro referente \u00e0 Portaria numero 459 de 15 de mar\u00e7o de 2012, que aumenta para R$ 871 reais o sal\u00e1rio dos agentes de sa\u00fade.<\/p>\n<p>Ielva Mel\u00e3o pediu agilidade da prefeitura e da secretaria de sa\u00fade uma vez que o dinheiro do incentivo j\u00e1 est\u00e1 na conta da prefeitura, inclusive retroativo ao m\u00eas de janeiro.<\/p>\n<p>Cruz Castro presidente estadual dos agentes comunit\u00e1rios de sa\u00fade informou ao portalv1 que no pr\u00f3ximo dia 02 de abril acontecer\u00e1 uma reuni\u00e3o em Valen\u00e7a com os agentes de sa\u00fade e de endemias para a implementa\u00e7\u00e3o do incentivo e os 20% da insalubridade da categoria. Cruz Castro pediu agilidade e sensibilidade dos gestores municipais no cumprimento da portaria federal. O requerimento da vereadora Ielva Mel\u00e3o foi aprovado por unanimidade.<\/p>\n","protected":false},"excerpt":{"rendered":"<p>Ielva Mel\u00e3o presidenta da c\u00e2mara de vereadores solicitou da prefeitura municipal, que agilize a implanta\u00e7\u00e3o nos contracheques dos agentes comunit\u00e1rios de sa\u00fade, o incentivo financeiro referente \u00e0 Portaria numero 459&#8230;<\/p>\n","protected":false},"author":1,"featured_media":9521,"comment_status":"open","ping_status":"open","sticky":false,"template":"","format":"standard","meta":{"ngg_post_thumbnail":0,"footnotes":""},"categories":[12],"tags":[],"class_list":["post-12855","post","type-post","status-publish","format-standard","has-post-thumbnail","hentry","category-valenca-news"],"views":449,"meta_data":{"thumb":"https:\/\/portalv1.com.br\/app\/wp-content\/uploads\/2011\/07\/","imagem":{"fullsize":{"url":"https:\/\/portalv1.com.br\/app\/wp-content\/uploads\/2011\/07\/","width":null,"height":null}},"data":{"simple":"28\/03\/2012","date_time":"28\/03\/2012 06:14:54","date":"h\u00e1 14 anos"},"chapeu":"","source":""},"_links":{"self":[{"href":"https:\/\/portalv1.com.br\/api\/wp\/v2\/posts\/12855","targetHints":{"allow":["GET"]}}],"collection":[{"href":"https:\/\/portalv1.com.br\/api\/wp\/v2\/posts"}],"about":[{"href":"https:\/\/portalv1.com.br\/api\/wp\/v2\/types\/post"}],"author":[{"embeddable":true,"href":"https:\/\/portalv1.com.br\/api\/wp\/v2\/users\/1"}],"replies":[{"embeddable":true,"href":"https:\/\/portalv1.com.br\/api\/wp\/v2\/comments?post=12855"}],"version-history":[{"count":0,"href":"https:\/\/portalv1.com.br\/api\/wp\/v2\/posts\/12855\/revisions"}],"wp:featuredmedia":[{"embeddable":true,"href":"https:\/\/portalv1.com.br\/api\/wp\/v2\/media\/9521"}],"wp:attachment":[{"href":"https:\/\/portalv1.com.br\/api\/wp\/v2\/media?parent=12855"}],"wp:term":[{"taxonomy":"category","embeddable":true,"href":"https:\/\/portalv1.com.br\/api\/wp\/v2\/categories?post=12855"},{"taxonomy":"post_tag","embeddable":true,"href":"https:\/\/portalv1.com.br\/api\/wp\/v2\/tags?post=12855"}],"curies":[{"name":"wp","href":"https:\/\/api.w.org\/{rel}","templated":true}]}}