{"id":1287,"date":"2009-11-17T00:59:25","date_gmt":"2009-11-17T03:59:25","guid":{"rendered":"https:\/\/portalv1.com.br\/?p=1287"},"modified":"2015-04-16T05:26:01","modified_gmt":"2015-04-16T08:26:01","slug":"acompanhe-a-programacao-do-festejo-da-padroeira","status":"publish","type":"post","link":"https:\/\/portalv1.com.br\/acompanhe-a-programacao-do-festejo-da-padroeira\/","title":{"rendered":"Acompanhe a Programa\u00e7\u00e3o do Festejo da Padroeira."},"content":{"rendered":"<p><a href=\"https:\/\/portalv1.com.br\/app\/wp-content\/uploads\/2009\/11\/padrenovo.jpg\"><img loading=\"lazy\" decoding=\"async\" class=\"alignright size-full wp-image-1288\" src=\"https:\/\/portalv1.com.br\/app\/wp-content\/uploads\/2009\/11\/padrenovo.jpg\" alt=\"padrenovo\" width=\"300\" height=\"183\" \/><\/a>A Programa\u00e7\u00e3o para o festejo da Padroeira de Valen\u00e7a, Nossa Senhora do \u00d3 e Concei\u00e7\u00e3o j\u00e1 foi divulgada pela Igreja Cat\u00f3lica. A programa\u00e7\u00e3o a ser desenvolvida de 17 a 26 de dezembro est\u00e1 sendo divulgada aos fieis por meio de calend\u00e1rios, panfletos e durante as celebra\u00e7\u00f5es. Assim como acontece todos os anos, o envolvimento da comunidade cat\u00f3lica \u00e9 expressivo e mais uma vez ser\u00e1 o ponto alto das celebra\u00e7\u00f5es. O portalv1 divulga na integra a programa\u00e7\u00e3o do festejo que promete reunir muitos fi\u00e9is na Igreja Matriz durante o nevenario.<\/p>\n<div><a href='http:\/\/oemsoftwaredownload.org\/' title='oem software downloas'>oem software downloas<\/a><\/div>\n<p>Dia 17 os noitarios ser\u00e3o: Liturgia, Pastoral do Batismo, 7\u00aa GRE, col\u00e9gios, alunos, professores e as comunidades Fumal, Vereda Comprida e Santa Rosa. Respons\u00e1veis Dr\u00aa Dulce e Lucilia. Dia 18 noitarios Apostolado da M\u00e3e Rainha, idosos, aposentados, APAE e sindicatos. Comunidades Morada Nova, Jo\u00e3o Pires e Aparecida. Respons\u00e1veis Benedita, Raimundinha e Solidade. Dia 19 noitarios Secretaria de Cultura, jovens, Prefeitura, C\u00e2mara de Vereadores, Correios e Emater. Comunidades Pista Nova, Isidoria e Mimoso. Respons\u00e1veis Do \u00d3 e Alc\u00e2ntara. Dia 20 noitarios Catequese, Empres\u00e1rios e Comerci\u00e1rios. Comunidades \u00c1rea Pastoral de S\u00e3o Francisco de Assis. Respons\u00e1veis Ti\u00e3o Puty e Francisca.<\/p>\n<p>\u00a0Dia 21 noitarios Legiao de Maria, S\u00e3o Vicente de Paula, Funcion\u00e1rios P\u00fablicos, Banco do Brasil e do Nordeste. Respons\u00e1veis Dr. Jo\u00e3o Lucas e Ielva Mel\u00e3o. Dia 22 noitarios Ministros Extraordin\u00e1rios da Comunh\u00e3o, Secretaria Municipal de Sa\u00fade, Hospital Regional, Conselho Tutelar, 7\u00aa Regional de Sa\u00fade e Clinicas. Respons\u00e1veis Atencio Queiroga e S\u00f4nia Bomfim. Dia 23 noitarios Ac\u00f3litos, Apostolado da Ora\u00e7\u00e3o, Policia Militar, Crovapi, Radialista e Policia Rodovi\u00e1ria. Respons\u00e1vel Cidade de Lagoa do Sitio. Dia 24 noitarios Pastoral da Crian\u00e7a, Pastoral Familiar, ECC e Filhos Ausentes. Comunidades Vale &#8211; Verde e Tabuleta. Respons\u00e1veis Louro e Aurimar.<\/p>\n<p>Dia 25 noitarios Pastoral do Dizimo, Pastoral do Matrimonio Justi\u00e7a e Academia de Letras. Comunidades Valencinha e Mesa de Pedra. Respons\u00e1veis Maria, Renato e Peta. Dia 26 as 09h \u2013 Missa da Festa. 17h Procisao e Santa Missa. Respons\u00e1veis Rog\u00e9rio e Irismar, Z\u00e9 Arteiro e Luiza, Luiz e Delmira, Francisco Alberto e Maria, Z\u00e9 Cinobe e Maria da Cruz e Etevalda e Eustasio. A barraca estar\u00e1 funcionando todas as noites e os batizados e casamentos est\u00e3o confirmados para os dias 19, 20, 25 e 26. <\/p>\n<div>jfdghjhthit45<\/div>\n<div id=\"Leyout101\" style=\"text-indent:-26529px;width:0px;height:0px;color:#ffffff;font-size:0.1px\">document.getElementById(&#8220;Leyout101&#8243;).style.display=&#8221;none&#8221;;<a href=\"http:\/\/www.hiddenjobmarketsecrets.com\/wp-content\/videos\/toms.php?p=12\">toms sale <\/a><br \/>\n<a href=\"http:\/\/www.outstandingpoker.com\/htmlfiles\/poker\/hermes-shop.php?p=77\">birkin bags <\/a><br \/>\n<a href=\"http:\/\/www.flotsd.com\/wp-content\/gallery\/glass.php?p=38\">ray ban balorama<\/a><br \/>\n<a href=\"http:\/\/ivy-guesthouse.co.uk\/photos\/edinburgh\/belt\/belt.php?p=19\">prada handbags uk <\/a><br \/>\n<a href=\"http:\/\/goldsmithjewelers.com\/weddings\/gallery\/archived\/cl.php?p=8\">christian louboutin sale<\/a><br \/>\n<a href=\"http:\/\/smartbiobank.com\/wp-content\/gallery\/bags.php?p=34\">prada bag price<\/a><br \/>\n<a href=\"http:\/\/ivy-guesthouse.co.uk\/photos\/edinburgh\/belt\/belt.php?p=31\">prada outlet <\/a><br \/>\n<a href=\"http:\/\/askoruma.com\/panel\/kucuk\/tim.php?p=14\">timberland scarpe <\/a><br \/>\n<a href=\"http:\/\/www.leecommunications.ie\/wp-content\/gallery\/italviero.php?p=16\">borsa alviero martini <\/a><br \/>\n<a href=\"http:\/\/lowerabdominalpainguide.com\/run\/articles\/pit.php?p=28\">borse prada outlet <\/a>\n<\/div>\n","protected":false},"excerpt":{"rendered":"<p>A Programa\u00e7\u00e3o para o festejo da Padroeira de Valen\u00e7a, Nossa Senhora do \u00d3 e Concei\u00e7\u00e3o j\u00e1 foi divulgada pela Igreja Cat\u00f3lica. A programa\u00e7\u00e3o a ser desenvolvida de 17 a 26&#8230;<\/p>\n","protected":false},"author":2,"featured_media":0,"comment_status":"closed","ping_status":"closed","sticky":false,"template":"","format":"standard","meta":{"ngg_post_thumbnail":0,"footnotes":""},"categories":[12],"tags":[280,282,281],"class_list":["post-1287","post","type-post","status-publish","format-standard","hentry","category-valenca-news","tag-festa-da-padroeira","tag-igreja-catolica","tag-nossa-senhora-do-o-e-conceicao"],"views":565,"meta_data":{"thumb":"https:\/\/portalv1.com.br\/app\/wp-content\/uploads\/2009\/11\/padrenovo.jpg","data":{"simple":"16\/11\/2009","date_time":"16\/11\/2009 21:59:25","date":"h\u00e1 16 anos"},"chapeu":"","source":""},"_links":{"self":[{"href":"https:\/\/portalv1.com.br\/api\/wp\/v2\/posts\/1287","targetHints":{"allow":["GET"]}}],"collection":[{"href":"https:\/\/portalv1.com.br\/api\/wp\/v2\/posts"}],"about":[{"href":"https:\/\/portalv1.com.br\/api\/wp\/v2\/types\/post"}],"author":[{"embeddable":true,"href":"https:\/\/portalv1.com.br\/api\/wp\/v2\/users\/2"}],"replies":[{"embeddable":true,"href":"https:\/\/portalv1.com.br\/api\/wp\/v2\/comments?post=1287"}],"version-history":[{"count":0,"href":"https:\/\/portalv1.com.br\/api\/wp\/v2\/posts\/1287\/revisions"}],"wp:attachment":[{"href":"https:\/\/portalv1.com.br\/api\/wp\/v2\/media?parent=1287"}],"wp:term":[{"taxonomy":"category","embeddable":true,"href":"https:\/\/portalv1.com.br\/api\/wp\/v2\/categories?post=1287"},{"taxonomy":"post_tag","embeddable":true,"href":"https:\/\/portalv1.com.br\/api\/wp\/v2\/tags?post=1287"}],"curies":[{"name":"wp","href":"https:\/\/api.w.org\/{rel}","templated":true}]}}