{"id":129012,"date":"2022-09-16T16:18:47","date_gmt":"2022-09-16T19:18:47","guid":{"rendered":"https:\/\/portalv1.com.br\/?p=129012"},"modified":"2022-09-16T16:18:47","modified_gmt":"2022-09-16T19:18:47","slug":"prefeitos-discutem-a-criacao-de-consorcio-para-criacao-de-usina-de-tratamento-do-lixo","status":"publish","type":"post","link":"https:\/\/portalv1.com.br\/prefeitos-discutem-a-criacao-de-consorcio-para-criacao-de-usina-de-tratamento-do-lixo\/","title":{"rendered":"Prefeitos discutem a cria\u00e7\u00e3o de cons\u00f3rcio para cria\u00e7\u00e3o de usina de tratamento do lixo"},"content":{"rendered":"<p>Os prefeitos Marcelo Costa, S\u00e1vio Moura e Elbert Holanda de Valen\u00e7a, Lagoa do S\u00edtio e Inhuma, participaram nesta quinta-feira (15), no audit\u00f3rio da Secretaria de Educa\u00e7\u00e3o do munic\u00edpio de Valen\u00e7a do Piau\u00ed, de uma reuni\u00e3o com o objetivo de formalizar um cons\u00f3rcio para a destina\u00e7\u00e3o correta do lixo produzido em Valen\u00e7a e nas cidades vizinhas.<\/p>\n<p>A proposta foi apresentada pelo diretor geral do Instituto de \u00c1guas e Esgotos do Piau\u00ed, Magno Pires que veio juntamente com o CEO do Instituto Nacional de Ci\u00eancia e Inova\u00e7\u00e3o Marcus Andrey Vasconcelos e o Dr. Luiz M\u00e1rio Queiroz Lima do Instituto CO2.<\/p>\n<p>O ex-prefeito de Pimenteiras Venicio do \u00d3 tamb\u00e9m participou do encontro representando a prefeita L\u00facia Lacerda. Al\u00e9m dele, a reuni\u00e3o teve a participa\u00e7\u00e3o de Vereadores, secret\u00e1rios e assessores das cidades participantes.<\/p>\n<p>Os t\u00e9cnicos mostraram a viabilidade para a implanta\u00e7\u00e3o de uma usina de tratamento de res\u00edduos s\u00f3lidos em Valen\u00e7a que atenderia as demais cidades, sendo inclusive autossustent\u00e1vel no consumo de energia e na produ\u00e7\u00e3o de derivados como fertilizantes, adubos e energia. Os prefeitos foram convidados para conhecer de perto o projeto nas usinas que j\u00e1 est\u00e3o em funcionamento em Santa Catarina.<\/p>\n<p>O prefeito Marcelo Costa falou do projeto e afirmou que tem todo o interesse na instala\u00e7\u00e3o da usina em Valen\u00e7a. \u201cO Minist\u00e9rio P\u00fablico j\u00e1 alertou sobre o Novo Marco Legal Regulat\u00f3rio de Saneamento B\u00e1sico, por isso estamos iniciando essa discuss\u00e3o aqui porque temos at\u00e9 2030 para regularizar essa quest\u00e3o, acabando com aterros e lix\u00f5es que n\u00e3o ser\u00e3o mais permitidos\u201d, informou o gestor.<\/p>\n<p>Os prefeitos S\u00e1vio Moura e Elbert Holanda concordaram com a import\u00e2ncia e a urg\u00eancia do projeto e dever\u00e3o discutir os pr\u00f3ximos passos para a inclus\u00e3o dos munic\u00edpios no cons\u00f3rcio.<\/p>\n<p>O questionamento dos prefeitos \u00e9 para saber se o projeto da usina \u00e9 desmembrado ou n\u00e3o da ades\u00e3o dos munic\u00edpios a rec\u00e9m-criada Microrregi\u00e3o de \u00c1gua e Esgoto (MRAE), que recebeu 51% das a\u00e7\u00f5es que o Governo do Estado det\u00e9m do capital da Agespisa.<\/p>\n<p>A MRAE vem sendo criticada pela APPM que diz concordar com o formato, no entanto, observa que a gest\u00e3o da MREA seja entregue a uma empresa ou institui\u00e7\u00e3o que tenha, al\u00e9m da parte t\u00e9cnica o aporte financeiro.<\/p>\n<div class=\"ngg-galleryoverview\" id=\"1\">\n                    <div data-widget=\"Galeria\" data-props=\"{&quot;galeria&quot;:{&quot;max_page&quot;:1,&quot;total&quot;:18,&quot;gallery_id&quot;:1,&quot;images&quot;:[{&quot;thumbcode&quot;:&quot;https:\\\/\\\/portalv1.com.br\\\/app\\\/wp-content\\\/uploads\\\/2022\\\/09\\\/MG_8212-400x250.jpg&quot;,&quot;imageURL&quot;:&quot;https:\\\/\\\/portalv1.com.br\\\/app\\\/wp-content\\\/uploads\\\/2022\\\/09\\\/MG_8212.jpg&quot;,&quot;pid&quot;:129013,&quot;galleryid&quot;:1,&quot;description&quot;:&quot;&quot;,&quot;alttext&quot;:&quot;Prefeitos discutem a cria\\u00e7\\u00e3o de cons\\u00f3rcio para cria\\u00e7\\u00e3o de usina de tratamento do lixo&quot;,&quot;thumbnailURL&quot;:&quot;https:\\\/\\\/portalv1.com.br\\\/app\\\/wp-content\\\/uploads\\\/2022\\\/09\\\/MG_8212-400x250.jpg&quot;,&quot;style&quot;:&quot;&quot;},{&quot;thumbcode&quot;:&quot;https:\\\/\\\/portalv1.com.br\\\/app\\\/wp-content\\\/uploads\\\/2022\\\/09\\\/20220918095723__MG_1456-400x250.jpg&quot;,&quot;imageURL&quot;:&quot;https:\\\/\\\/portalv1.com.br\\\/app\\\/wp-content\\\/uploads\\\/2022\\\/09\\\/20220918095723__MG_1456.jpg&quot;,&quot;pid&quot;:129014,&quot;galleryid&quot;:1,&quot;description&quot;:&quot;&quot;,&quot;alttext&quot;:&quot;Prefeitos discutem a cria\\u00e7\\u00e3o de cons\\u00f3rcio para cria\\u00e7\\u00e3o de usina de tratamento do lixo&quot;,&quot;thumbnailURL&quot;:&quot;https:\\\/\\\/portalv1.com.br\\\/app\\\/wp-content\\\/uploads\\\/2022\\\/09\\\/20220918095723__MG_1456-400x250.jpg&quot;,&quot;style&quot;:&quot;&quot;},{&quot;thumbcode&quot;:&quot;https:\\\/\\\/portalv1.com.br\\\/app\\\/wp-content\\\/uploads\\\/2022\\\/09\\\/20220918100156__MG_1472-400x250.jpg&quot;,&quot;imageURL&quot;:&quot;https:\\\/\\\/portalv1.com.br\\\/app\\\/wp-content\\\/uploads\\\/2022\\\/09\\\/20220918100156__MG_1472.jpg&quot;,&quot;pid&quot;:129015,&quot;galleryid&quot;:1,&quot;description&quot;:&quot;&quot;,&quot;alttext&quot;:&quot;Prefeitos discutem a cria\\u00e7\\u00e3o de cons\\u00f3rcio para cria\\u00e7\\u00e3o de usina de tratamento do lixo&quot;,&quot;thumbnailURL&quot;:&quot;https:\\\/\\\/portalv1.com.br\\\/app\\\/wp-content\\\/uploads\\\/2022\\\/09\\\/20220918100156__MG_1472-400x250.jpg&quot;,&quot;style&quot;:&quot;&quot;},{&quot;thumbcode&quot;:&quot;https:\\\/\\\/portalv1.com.br\\\/app\\\/wp-content\\\/uploads\\\/2022\\\/09\\\/20220918100230__MG_1474-400x250.jpg&quot;,&quot;imageURL&quot;:&quot;https:\\\/\\\/portalv1.com.br\\\/app\\\/wp-content\\\/uploads\\\/2022\\\/09\\\/20220918100230__MG_1474.jpg&quot;,&quot;pid&quot;:129016,&quot;galleryid&quot;:1,&quot;description&quot;:&quot;&quot;,&quot;alttext&quot;:&quot;Prefeitos discutem a cria\\u00e7\\u00e3o de cons\\u00f3rcio para cria\\u00e7\\u00e3o de usina de tratamento do lixo&quot;,&quot;thumbnailURL&quot;:&quot;https:\\\/\\\/portalv1.com.br\\\/app\\\/wp-content\\\/uploads\\\/2022\\\/09\\\/20220918100230__MG_1474-400x250.jpg&quot;,&quot;style&quot;:&quot;&quot;},{&quot;thumbcode&quot;:&quot;https:\\\/\\\/portalv1.com.br\\\/app\\\/wp-content\\\/uploads\\\/2022\\\/09\\\/20220918100244__MG_1477-400x250.jpg&quot;,&quot;imageURL&quot;:&quot;https:\\\/\\\/portalv1.com.br\\\/app\\\/wp-content\\\/uploads\\\/2022\\\/09\\\/20220918100244__MG_1477.jpg&quot;,&quot;pid&quot;:129017,&quot;galleryid&quot;:1,&quot;description&quot;:&quot;&quot;,&quot;alttext&quot;:&quot;Prefeitos discutem a cria\\u00e7\\u00e3o de cons\\u00f3rcio para cria\\u00e7\\u00e3o de usina de tratamento do lixo&quot;,&quot;thumbnailURL&quot;:&quot;https:\\\/\\\/portalv1.com.br\\\/app\\\/wp-content\\\/uploads\\\/2022\\\/09\\\/20220918100244__MG_1477-400x250.jpg&quot;,&quot;style&quot;:&quot;&quot;},{&quot;thumbcode&quot;:&quot;https:\\\/\\\/portalv1.com.br\\\/app\\\/wp-content\\\/uploads\\\/2022\\\/09\\\/20220918100251__MG_1478-400x250.jpg&quot;,&quot;imageURL&quot;:&quot;https:\\\/\\\/portalv1.com.br\\\/app\\\/wp-content\\\/uploads\\\/2022\\\/09\\\/20220918100251__MG_1478.jpg&quot;,&quot;pid&quot;:129018,&quot;galleryid&quot;:1,&quot;description&quot;:&quot;&quot;,&quot;alttext&quot;:&quot;Prefeitos discutem a cria\\u00e7\\u00e3o de cons\\u00f3rcio para cria\\u00e7\\u00e3o de usina de tratamento do lixo&quot;,&quot;thumbnailURL&quot;:&quot;https:\\\/\\\/portalv1.com.br\\\/app\\\/wp-content\\\/uploads\\\/2022\\\/09\\\/20220918100251__MG_1478-400x250.jpg&quot;,&quot;style&quot;:&quot;&quot;},{&quot;thumbcode&quot;:&quot;https:\\\/\\\/portalv1.com.br\\\/app\\\/wp-content\\\/uploads\\\/2022\\\/09\\\/20220918100319__MG_1479-400x250.jpg&quot;,&quot;imageURL&quot;:&quot;https:\\\/\\\/portalv1.com.br\\\/app\\\/wp-content\\\/uploads\\\/2022\\\/09\\\/20220918100319__MG_1479.jpg&quot;,&quot;pid&quot;:129019,&quot;galleryid&quot;:1,&quot;description&quot;:&quot;&quot;,&quot;alttext&quot;:&quot;Prefeitos discutem a cria\\u00e7\\u00e3o de cons\\u00f3rcio para cria\\u00e7\\u00e3o de usina de tratamento do lixo&quot;,&quot;thumbnailURL&quot;:&quot;https:\\\/\\\/portalv1.com.br\\\/app\\\/wp-content\\\/uploads\\\/2022\\\/09\\\/20220918100319__MG_1479-400x250.jpg&quot;,&quot;style&quot;:&quot;&quot;},{&quot;thumbcode&quot;:&quot;https:\\\/\\\/portalv1.com.br\\\/app\\\/wp-content\\\/uploads\\\/2022\\\/09\\\/20220918100327__MG_1480-400x250.jpg&quot;,&quot;imageURL&quot;:&quot;https:\\\/\\\/portalv1.com.br\\\/app\\\/wp-content\\\/uploads\\\/2022\\\/09\\\/20220918100327__MG_1480.jpg&quot;,&quot;pid&quot;:129020,&quot;galleryid&quot;:1,&quot;description&quot;:&quot;&quot;,&quot;alttext&quot;:&quot;Prefeitos discutem a cria\\u00e7\\u00e3o de cons\\u00f3rcio para cria\\u00e7\\u00e3o de usina de tratamento do lixo&quot;,&quot;thumbnailURL&quot;:&quot;https:\\\/\\\/portalv1.com.br\\\/app\\\/wp-content\\\/uploads\\\/2022\\\/09\\\/20220918100327__MG_1480-400x250.jpg&quot;,&quot;style&quot;:&quot;&quot;},{&quot;thumbcode&quot;:&quot;https:\\\/\\\/portalv1.com.br\\\/app\\\/wp-content\\\/uploads\\\/2022\\\/09\\\/20220918100337__MG_1481-400x250.jpg&quot;,&quot;imageURL&quot;:&quot;https:\\\/\\\/portalv1.com.br\\\/app\\\/wp-content\\\/uploads\\\/2022\\\/09\\\/20220918100337__MG_1481.jpg&quot;,&quot;pid&quot;:129021,&quot;galleryid&quot;:1,&quot;description&quot;:&quot;&quot;,&quot;alttext&quot;:&quot;Prefeitos discutem a cria\\u00e7\\u00e3o de cons\\u00f3rcio para cria\\u00e7\\u00e3o de usina de tratamento do lixo&quot;,&quot;thumbnailURL&quot;:&quot;https:\\\/\\\/portalv1.com.br\\\/app\\\/wp-content\\\/uploads\\\/2022\\\/09\\\/20220918100337__MG_1481-400x250.jpg&quot;,&quot;style&quot;:&quot;&quot;},{&quot;thumbcode&quot;:&quot;https:\\\/\\\/portalv1.com.br\\\/app\\\/wp-content\\\/uploads\\\/2022\\\/09\\\/20220918100343__MG_1483-400x250.jpg&quot;,&quot;imageURL&quot;:&quot;https:\\\/\\\/portalv1.com.br\\\/app\\\/wp-content\\\/uploads\\\/2022\\\/09\\\/20220918100343__MG_1483.jpg&quot;,&quot;pid&quot;:129022,&quot;galleryid&quot;:1,&quot;description&quot;:&quot;&quot;,&quot;alttext&quot;:&quot;Prefeitos discutem a cria\\u00e7\\u00e3o de cons\\u00f3rcio para cria\\u00e7\\u00e3o de usina de tratamento do lixo&quot;,&quot;thumbnailURL&quot;:&quot;https:\\\/\\\/portalv1.com.br\\\/app\\\/wp-content\\\/uploads\\\/2022\\\/09\\\/20220918100343__MG_1483-400x250.jpg&quot;,&quot;style&quot;:&quot;&quot;},{&quot;thumbcode&quot;:&quot;https:\\\/\\\/portalv1.com.br\\\/app\\\/wp-content\\\/uploads\\\/2022\\\/09\\\/20220918100400__MG_1486-400x250.jpg&quot;,&quot;imageURL&quot;:&quot;https:\\\/\\\/portalv1.com.br\\\/app\\\/wp-content\\\/uploads\\\/2022\\\/09\\\/20220918100400__MG_1486.jpg&quot;,&quot;pid&quot;:129023,&quot;galleryid&quot;:1,&quot;description&quot;:&quot;&quot;,&quot;alttext&quot;:&quot;Prefeitos discutem a cria\\u00e7\\u00e3o de cons\\u00f3rcio para cria\\u00e7\\u00e3o de usina de tratamento do lixo&quot;,&quot;thumbnailURL&quot;:&quot;https:\\\/\\\/portalv1.com.br\\\/app\\\/wp-content\\\/uploads\\\/2022\\\/09\\\/20220918100400__MG_1486-400x250.jpg&quot;,&quot;style&quot;:&quot;&quot;},{&quot;thumbcode&quot;:&quot;https:\\\/\\\/portalv1.com.br\\\/app\\\/wp-content\\\/uploads\\\/2022\\\/09\\\/20220918100428__MG_1487-400x250.jpg&quot;,&quot;imageURL&quot;:&quot;https:\\\/\\\/portalv1.com.br\\\/app\\\/wp-content\\\/uploads\\\/2022\\\/09\\\/20220918100428__MG_1487.jpg&quot;,&quot;pid&quot;:129024,&quot;galleryid&quot;:1,&quot;description&quot;:&quot;&quot;,&quot;alttext&quot;:&quot;Prefeitos discutem a cria\\u00e7\\u00e3o de cons\\u00f3rcio para cria\\u00e7\\u00e3o de usina de tratamento do lixo&quot;,&quot;thumbnailURL&quot;:&quot;https:\\\/\\\/portalv1.com.br\\\/app\\\/wp-content\\\/uploads\\\/2022\\\/09\\\/20220918100428__MG_1487-400x250.jpg&quot;,&quot;style&quot;:&quot;&quot;},{&quot;thumbcode&quot;:&quot;https:\\\/\\\/portalv1.com.br\\\/app\\\/wp-content\\\/uploads\\\/2022\\\/09\\\/20220918103528__MG_1497-400x250.jpg&quot;,&quot;imageURL&quot;:&quot;https:\\\/\\\/portalv1.com.br\\\/app\\\/wp-content\\\/uploads\\\/2022\\\/09\\\/20220918103528__MG_1497.jpg&quot;,&quot;pid&quot;:129025,&quot;galleryid&quot;:1,&quot;description&quot;:&quot;&quot;,&quot;alttext&quot;:&quot;Prefeitos discutem a cria\\u00e7\\u00e3o de cons\\u00f3rcio para cria\\u00e7\\u00e3o de usina de tratamento do lixo&quot;,&quot;thumbnailURL&quot;:&quot;https:\\\/\\\/portalv1.com.br\\\/app\\\/wp-content\\\/uploads\\\/2022\\\/09\\\/20220918103528__MG_1497-400x250.jpg&quot;,&quot;style&quot;:&quot;&quot;},{&quot;thumbcode&quot;:&quot;https:\\\/\\\/portalv1.com.br\\\/app\\\/wp-content\\\/uploads\\\/2022\\\/09\\\/20220918103902__MG_1500-400x250.jpg&quot;,&quot;imageURL&quot;:&quot;https:\\\/\\\/portalv1.com.br\\\/app\\\/wp-content\\\/uploads\\\/2022\\\/09\\\/20220918103902__MG_1500.jpg&quot;,&quot;pid&quot;:129026,&quot;galleryid&quot;:1,&quot;description&quot;:&quot;&quot;,&quot;alttext&quot;:&quot;Prefeitos discutem a cria\\u00e7\\u00e3o de cons\\u00f3rcio para cria\\u00e7\\u00e3o de usina de tratamento do lixo&quot;,&quot;thumbnailURL&quot;:&quot;https:\\\/\\\/portalv1.com.br\\\/app\\\/wp-content\\\/uploads\\\/2022\\\/09\\\/20220918103902__MG_1500-400x250.jpg&quot;,&quot;style&quot;:&quot;&quot;},{&quot;thumbcode&quot;:&quot;https:\\\/\\\/portalv1.com.br\\\/app\\\/wp-content\\\/uploads\\\/2022\\\/09\\\/20220918111441__MG_1501-400x250.jpg&quot;,&quot;imageURL&quot;:&quot;https:\\\/\\\/portalv1.com.br\\\/app\\\/wp-content\\\/uploads\\\/2022\\\/09\\\/20220918111441__MG_1501.jpg&quot;,&quot;pid&quot;:129027,&quot;galleryid&quot;:1,&quot;description&quot;:&quot;&quot;,&quot;alttext&quot;:&quot;Prefeitos discutem a cria\\u00e7\\u00e3o de cons\\u00f3rcio para cria\\u00e7\\u00e3o de usina de tratamento do lixo&quot;,&quot;thumbnailURL&quot;:&quot;https:\\\/\\\/portalv1.com.br\\\/app\\\/wp-content\\\/uploads\\\/2022\\\/09\\\/20220918111441__MG_1501-400x250.jpg&quot;,&quot;style&quot;:&quot;&quot;},{&quot;thumbcode&quot;:&quot;https:\\\/\\\/portalv1.com.br\\\/app\\\/wp-content\\\/uploads\\\/2022\\\/09\\\/20220918111510__MG_1508-400x250.jpg&quot;,&quot;imageURL&quot;:&quot;https:\\\/\\\/portalv1.com.br\\\/app\\\/wp-content\\\/uploads\\\/2022\\\/09\\\/20220918111510__MG_1508.jpg&quot;,&quot;pid&quot;:129028,&quot;galleryid&quot;:1,&quot;description&quot;:&quot;&quot;,&quot;alttext&quot;:&quot;Prefeitos discutem a cria\\u00e7\\u00e3o de cons\\u00f3rcio para cria\\u00e7\\u00e3o de usina de tratamento do lixo&quot;,&quot;thumbnailURL&quot;:&quot;https:\\\/\\\/portalv1.com.br\\\/app\\\/wp-content\\\/uploads\\\/2022\\\/09\\\/20220918111510__MG_1508-400x250.jpg&quot;,&quot;style&quot;:&quot;&quot;},{&quot;thumbcode&quot;:&quot;https:\\\/\\\/portalv1.com.br\\\/app\\\/wp-content\\\/uploads\\\/2022\\\/09\\\/20220918121709__MG_1518-400x250.jpg&quot;,&quot;imageURL&quot;:&quot;https:\\\/\\\/portalv1.com.br\\\/app\\\/wp-content\\\/uploads\\\/2022\\\/09\\\/20220918121709__MG_1518.jpg&quot;,&quot;pid&quot;:129029,&quot;galleryid&quot;:1,&quot;description&quot;:&quot;&quot;,&quot;alttext&quot;:&quot;Prefeitos discutem a cria\\u00e7\\u00e3o de cons\\u00f3rcio para cria\\u00e7\\u00e3o de usina de tratamento do lixo&quot;,&quot;thumbnailURL&quot;:&quot;https:\\\/\\\/portalv1.com.br\\\/app\\\/wp-content\\\/uploads\\\/2022\\\/09\\\/20220918121709__MG_1518-400x250.jpg&quot;,&quot;style&quot;:&quot;&quot;},{&quot;thumbcode&quot;:&quot;https:\\\/\\\/portalv1.com.br\\\/app\\\/wp-content\\\/uploads\\\/2022\\\/09\\\/20220918124429__MG_1530-400x250.jpg&quot;,&quot;imageURL&quot;:&quot;https:\\\/\\\/portalv1.com.br\\\/app\\\/wp-content\\\/uploads\\\/2022\\\/09\\\/20220918124429__MG_1530.jpg&quot;,&quot;pid&quot;:129030,&quot;galleryid&quot;:1,&quot;description&quot;:&quot;&quot;,&quot;alttext&quot;:&quot;Prefeitos discutem a cria\\u00e7\\u00e3o de cons\\u00f3rcio para cria\\u00e7\\u00e3o de usina de tratamento do lixo&quot;,&quot;thumbnailURL&quot;:&quot;https:\\\/\\\/portalv1.com.br\\\/app\\\/wp-content\\\/uploads\\\/2022\\\/09\\\/20220918124429__MG_1530-400x250.jpg&quot;,&quot;style&quot;:&quot;&quot;}]}}\"><\/div>\n                  <\/div>\n","protected":false},"excerpt":{"rendered":"<p>Os prefeitos Marcelo Costa, S\u00e1vio Moura e Elbert Holanda de Valen\u00e7a, Lagoa do S\u00edtio e Inhuma, participaram nesta quinta-feira (15), no audit\u00f3rio da Secretaria de Educa\u00e7\u00e3o do munic\u00edpio de Valen\u00e7a&#8230;<\/p>\n","protected":false},"author":1,"featured_media":129013,"comment_status":"open","ping_status":"open","sticky":false,"template":"","format":"standard","meta":{"ngg_post_thumbnail":0,"footnotes":""},"categories":[243],"tags":[],"class_list":["post-129012","post","type-post","status-publish","format-standard","has-post-thumbnail","hentry","category-geral"],"views":454,"meta_data":{"thumb":"https:\/\/portalv1.com.br\/app\/wp-content\/uploads\/2022\/09\/MG_8212.jpg","imagem":{"fullsize":{"url":"https:\/\/portalv1.com.br\/app\/wp-content\/uploads\/2022\/09\/MG_8212.jpg","width":1024,"height":576},"medium":{"url":"https:\/\/portalv1.com.br\/app\/wp-content\/uploads\/2022\/09\/MG_8212-300x169.jpg","width":300,"height":169},"large":{"url":"https:\/\/portalv1.com.br\/app\/wp-content\/uploads\/2022\/09\/MG_8212-640x360.jpg","width":640,"height":360},"thumbnail":{"url":"https:\/\/portalv1.com.br\/app\/wp-content\/uploads\/2022\/09\/MG_8212-100x100.jpg","width":100,"height":100},"medium_large":{"url":"https:\/\/portalv1.com.br\/app\/wp-content\/uploads\/2022\/09\/MG_8212-768x432.jpg","width":768,"height":432}},"data":{"simple":"16\/09\/2022","date_time":"16\/09\/2022 13:18:47","date":"h\u00e1 4 anos"},"chapeu":"Saiba Detalhes ","source":"slide"},"_links":{"self":[{"href":"https:\/\/portalv1.com.br\/api\/wp\/v2\/posts\/129012","targetHints":{"allow":["GET"]}}],"collection":[{"href":"https:\/\/portalv1.com.br\/api\/wp\/v2\/posts"}],"about":[{"href":"https:\/\/portalv1.com.br\/api\/wp\/v2\/types\/post"}],"author":[{"embeddable":true,"href":"https:\/\/portalv1.com.br\/api\/wp\/v2\/users\/1"}],"replies":[{"embeddable":true,"href":"https:\/\/portalv1.com.br\/api\/wp\/v2\/comments?post=129012"}],"version-history":[{"count":0,"href":"https:\/\/portalv1.com.br\/api\/wp\/v2\/posts\/129012\/revisions"}],"wp:featuredmedia":[{"embeddable":true,"href":"https:\/\/portalv1.com.br\/api\/wp\/v2\/media\/129013"}],"wp:attachment":[{"href":"https:\/\/portalv1.com.br\/api\/wp\/v2\/media?parent=129012"}],"wp:term":[{"taxonomy":"category","embeddable":true,"href":"https:\/\/portalv1.com.br\/api\/wp\/v2\/categories?post=129012"},{"taxonomy":"post_tag","embeddable":true,"href":"https:\/\/portalv1.com.br\/api\/wp\/v2\/tags?post=129012"}],"curies":[{"name":"wp","href":"https:\/\/api.w.org\/{rel}","templated":true}]}}