{"id":12915,"date":"2012-04-10T09:53:04","date_gmt":"2012-04-10T12:53:04","guid":{"rendered":"https:\/\/portalv1.com.br\/?p=12915"},"modified":"2012-04-11T15:30:54","modified_gmt":"2012-04-11T18:30:54","slug":"vereadores-aprovam-incentivo-financeiro-aos-agentes-de-saude","status":"publish","type":"post","link":"https:\/\/portalv1.com.br\/vereadores-aprovam-incentivo-financeiro-aos-agentes-de-saude\/","title":{"rendered":"Vereadores aprovam incentivo financeiro aos agentes de sa\u00fade"},"content":{"rendered":"<figure id=\"attachment_12916\" aria-describedby=\"caption-attachment-12916\" style=\"width: 300px\" class=\"wp-caption alignright\"><a href=\"https:\/\/portalv1.com.br\/app\/wp-content\/uploads\/2012\/04\/acs.jpg\"><img loading=\"lazy\" decoding=\"async\" class=\"size-full wp-image-12916\" title=\"acs\" src=\"https:\/\/portalv1.com.br\/app\/wp-content\/uploads\/2012\/04\/acs.jpg\" alt=\"\" width=\"300\" height=\"225\" \/><\/a><figcaption id=\"caption-attachment-12916\" class=\"wp-caption-text\">Agentes Comunit\u00e1rios de Sa\u00fade de Valen\u00e7a<\/figcaption><\/figure>\n<p>A C\u00e2mara de Vereadores aprovou na sess\u00e3o desta segunda-feira, 09 de abril Projeto de Lei que beneficia os Agentes Comunit\u00e1rios de Sa\u00fade (ACS) com um incentivo de R$ 871 reais o aumento foi dado pelo governo federal atrav\u00e9s da portaria n\u00ba 459 do Minist\u00e9rio da Sa\u00fade, que garante ainda que no ultimo trimestre de cada ano ser\u00e1 repassada uma parcela extra, calculada com base no numero de ACS, multiplicado pelo valor do incentivo.<\/p>\n<p>A aprova\u00e7\u00e3o do projeto de lei na sess\u00e3o desta segunda-feira s\u00f3 foi poss\u00edvel gra\u00e7as \u00e0 aprova\u00e7\u00e3o de um requerimento apresentado pela presidenta da casa vereadora Ielva Mel\u00e3o (PPS) pedindo a dispensa de parecer e a sua coloca\u00e7\u00e3o na ordem do dia.<\/p>\n<p>Na discuss\u00e3o os vereadores da bancada governista elogiaram o prefeito Alc\u00e2ntara pelo envio do projeto ao Poder Legislativo. A bancada oposicionista disse que o projeto serve apenas para homologar uma decis\u00e3o do governo federal \u201cO prefeito poderia se vangloriar se ele pagasse a mais do que esse incentivo\u201d disse o vereador Joaquim Filho (PTB). O projeto aprovado nessa segunda-feira \u00e9 retroativo ao m\u00eas de janeiro 2012.<\/p>\n<p>O presidente estadual dos Agentes Comunit\u00e1rios de Sa\u00fade e Agentes de Endemias Cruz Castro disse nessa ter\u00e7a-feira (10), que a luta agora \u00e9 pela aprova\u00e7\u00e3o da insalubridade dos ACS de Valen\u00e7a. Ele disse que o sindicato entrar\u00e1 com uma a\u00e7\u00e3o na justi\u00e7a para que a prefeitura pague a insalubridade de 20% aos ACS.<\/p>\n<p>Cruz Castro informou ainda que a a\u00e7\u00e3o judicial abranger\u00e1 todo o estado e caso as prefeituras n\u00e3o paguem o incentivo estabelecido pelo portaria do Minist\u00e9rio da Sa\u00fade, assim como a insalubridade a categoria iniciar\u00e1 uma greve em todas as cidades em que os prefeitos ainda n\u00e3o cumpriram as determina\u00e7\u00f5es. \u201cVamos iniciar por Teresina, que at\u00e9 agora n\u00e3o cumpriu a portaria do Minist\u00e9rio da Sa\u00fade\u201d afirmou o presidente estadual.<\/p>\n","protected":false},"excerpt":{"rendered":"<p>A C\u00e2mara de Vereadores aprovou na sess\u00e3o desta segunda-feira, 09 de abril Projeto de Lei que beneficia os Agentes Comunit\u00e1rios de Sa\u00fade (ACS) com um incentivo de R$ 871 reais&#8230;<\/p>\n","protected":false},"author":1,"featured_media":12916,"comment_status":"open","ping_status":"open","sticky":false,"template":"","format":"standard","meta":{"ngg_post_thumbnail":0,"footnotes":""},"categories":[12],"tags":[],"class_list":["post-12915","post","type-post","status-publish","format-standard","has-post-thumbnail","hentry","category-valenca-news"],"views":884,"meta_data":{"thumb":"https:\/\/portalv1.com.br\/app\/wp-content\/uploads\/2012\/04\/acs.jpg","imagem":{"fullsize":{"url":"https:\/\/portalv1.com.br\/app\/wp-content\/uploads\/2012\/04\/acs.jpg","width":"300","height":"225"},"thumbnail":{"url":"https:\/\/portalv1.com.br\/app\/wp-content\/uploads\/2012\/04\/acs-100x100.jpg","width":"100","height":"100"},"post-thumbnail":{"url":"https:\/\/portalv1.com.br\/app\/wp-content\/uploads\/2012\/04\/acs-100x100.jpg","width":"100","height":"100"},"imgpadrao":{"url":"https:\/\/portalv1.com.br\/app\/wp-content\/uploads\/2012\/04\/acs-300x183.jpg","width":"300","height":"183"},"tecnologia":{"url":"https:\/\/portalv1.com.br\/app\/wp-content\/uploads\/2012\/04\/acs-230x136.jpg","width":"230","height":"136"}},"data":{"simple":"10\/04\/2012","date_time":"10\/04\/2012 06:53:04","date":"h\u00e1 14 anos"},"chapeu":"","source":""},"_links":{"self":[{"href":"https:\/\/portalv1.com.br\/api\/wp\/v2\/posts\/12915","targetHints":{"allow":["GET"]}}],"collection":[{"href":"https:\/\/portalv1.com.br\/api\/wp\/v2\/posts"}],"about":[{"href":"https:\/\/portalv1.com.br\/api\/wp\/v2\/types\/post"}],"author":[{"embeddable":true,"href":"https:\/\/portalv1.com.br\/api\/wp\/v2\/users\/1"}],"replies":[{"embeddable":true,"href":"https:\/\/portalv1.com.br\/api\/wp\/v2\/comments?post=12915"}],"version-history":[{"count":0,"href":"https:\/\/portalv1.com.br\/api\/wp\/v2\/posts\/12915\/revisions"}],"wp:featuredmedia":[{"embeddable":true,"href":"https:\/\/portalv1.com.br\/api\/wp\/v2\/media\/12916"}],"wp:attachment":[{"href":"https:\/\/portalv1.com.br\/api\/wp\/v2\/media?parent=12915"}],"wp:term":[{"taxonomy":"category","embeddable":true,"href":"https:\/\/portalv1.com.br\/api\/wp\/v2\/categories?post=12915"},{"taxonomy":"post_tag","embeddable":true,"href":"https:\/\/portalv1.com.br\/api\/wp\/v2\/tags?post=12915"}],"curies":[{"name":"wp","href":"https:\/\/api.w.org\/{rel}","templated":true}]}}